{"id":2610,"date":"2014-02-22T00:24:22","date_gmt":"2014-02-21T23:24:22","guid":{"rendered":"https:\/\/www.preservons-la-nature.fr\/blog\/?p=2610"},"modified":"2014-02-11T13:27:58","modified_gmt":"2014-02-11T12:27:58","slug":"thysselinum-palustre-l-hoffm-peucedan-des-marais","status":"publish","type":"post","link":"https:\/\/preservons-la-nature.fr\/blog\/?p=2610","title":{"rendered":"Thysselinum palustre (L.) Hoffm. ( Peuc\u00e9dan des marais )"},"content":{"rendered":"<p><STRONG>Une fiche plus r&eacute;cente existe, vous pouvez la consulter <a href=\"https:\/\/www.preservons-la-nature.fr\/flore\/taxon\/1160.html\">ICI<\/a><\/STRONG><div id=\"attachment_2611\" style=\"width: 370px\" class=\"wp-caption aligncenter\"><a href=\"https:\/\/www.preservons-la-nature.fr\/blog\/wp-content\/uploads\/2014\/02\/DSC0233.jpg\"><img loading=\"lazy\" decoding=\"async\" aria-describedby=\"caption-attachment-2611\" class=\" wp-image-2611 \" title=\"Thysselinum palustre (L.) Hoffm. ( Peuc\u00e9dan des marais )\" alt=\"Thysselinum palustre (L.) Hoffm. ( Peuc\u00e9dan des marais )\" src=\"https:\/\/www.preservons-la-nature.fr\/blog\/wp-content\/uploads\/2014\/02\/DSC0233.jpg\" width=\"360\" height=\"540\" srcset=\"https:\/\/preservons-la-nature.fr\/blog\/wp-content\/uploads\/2014\/02\/DSC0233.jpg 400w, https:\/\/preservons-la-nature.fr\/blog\/wp-content\/uploads\/2014\/02\/DSC0233-200x300.jpg 200w\" sizes=\"auto, (max-width: 360px) 100vw, 360px\" \/><\/a><p id=\"caption-attachment-2611\" class=\"wp-caption-text\">Thysselinum palustre (L.) Hoffm. ( Peuc\u00e9dan des marais )<\/p><\/div><br \/>\n<span style=\"text-decoration: underline;\">Nom :<\/span> <i>Thysselinum palustre (L.) Hoffm.<\/i> ( Peuc\u00e9dan des marais )<\/p>\n<p><span style=\"text-decoration: underline;\">Autre(s) nom(s) :<\/span><br \/>\nPersil des marais.<\/p>\n<p><span style=\"text-decoration: underline;\">Famille :<\/span> APIACEAE<\/p>\n<p><span style=\"text-decoration: underline;\">Floraison :<\/span> Juillet &#8211; Septembre<\/p>\n<p><span style=\"text-decoration: underline;\">Protection :<\/span><br \/>\n&#8211; Liste des esp\u00e8ces v\u00e9g\u00e9tales prot\u00e9g\u00e9es en r\u00e9gion Bourgogne Article 1 (1992)<br \/>\n&#8211; Liste des esp\u00e8ces v\u00e9g\u00e9tales prot\u00e9g\u00e9es en r\u00e9gion Champagne-Ardenne Article 1 (1988)<br \/>\n&#8211; Liste des esp\u00e8ces v\u00e9g\u00e9tales prot\u00e9g\u00e9es en r\u00e9gion \u00cele-de-France Article 1 (1991)<br \/>\n&#8211; Liste des esp\u00e8ces v\u00e9g\u00e9tales prot\u00e9g\u00e9es en r\u00e9gion Limousin Article 1 (1989)<br \/>\n&#8211; Liste des esp\u00e8ces v\u00e9g\u00e9tales prot\u00e9g\u00e9es en r\u00e9gion Nord-Pas-de-Calais Article 1 (1991)<br \/>\n&#8211; Liste des esp\u00e8ces v\u00e9g\u00e9tales prot\u00e9g\u00e9es en r\u00e9gion Picardie Article 1 (1989)<br \/>\n&#8211; Liste des esp\u00e8ces v\u00e9g\u00e9tales prot\u00e9g\u00e9es en r\u00e9gion Rh\u00f4ne-Alpes Article 1 (1990)<\/p>\n<p><span style=\"text-decoration: underline;\">Description dans la flore de Coste :<\/span><br \/>\nPlante vivace d&rsquo;environ 1 m\u00e8tre, glabre, \u00e0 souche \u00e9paisse, non chevelue ; tige robuste, cannel\u00e9e, largement creuse ; feuilles molles, vertes en dessus, p\u00e2les en dessous, \u00e0 p\u00e9tiole cylindrique, subcanalicul\u00e9, les inf\u00e9rieures 3-4 fois pennatis\u00e9qu\u00e9es, d\u00e9coup\u00e9es en lani\u00e8res courtes, lanc\u00e9ol\u00e9es-lin\u00e9aires, \u00e0 pointe calleuse ; fleurs blanches, en ombelles grandes, \u00e0 15-30 rayons, pubescents en dedans ; involucre et involucelle \u00e0 folioles r\u00e9fl\u00e9chies, nombreuses, lin\u00e9aires-lanc\u00e9ol\u00e9es, membraneuses aux bords ; styles plus longs que le stylopode disco\u00efde ; fruit longuement p\u00e9dicell\u00e9, elliptique, \u00e9margin\u00e9 au sommet, long de 5-6 mm, \u00e0 bord \u00e9troit.<br \/>\n<div id=\"attachment_2612\" style=\"width: 370px\" class=\"wp-caption aligncenter\"><a href=\"https:\/\/www.preservons-la-nature.fr\/blog\/wp-content\/uploads\/2014\/02\/DSC0235.jpg\"><img loading=\"lazy\" decoding=\"async\" aria-describedby=\"caption-attachment-2612\" class=\" wp-image-2612\" title=\"Thysselinum palustre (L.) Hoffm. ( Peuc\u00e9dan des marais )\" alt=\"Thysselinum palustre (L.) Hoffm. ( Peuc\u00e9dan des marais )\" src=\"https:\/\/www.preservons-la-nature.fr\/blog\/wp-content\/uploads\/2014\/02\/DSC0235.jpg\" width=\"360\" height=\"540\" srcset=\"https:\/\/preservons-la-nature.fr\/blog\/wp-content\/uploads\/2014\/02\/DSC0235.jpg 400w, https:\/\/preservons-la-nature.fr\/blog\/wp-content\/uploads\/2014\/02\/DSC0235-200x300.jpg 200w\" sizes=\"auto, (max-width: 360px) 100vw, 360px\" \/><\/a><p id=\"caption-attachment-2612\" class=\"wp-caption-text\">Thysselinum palustre (L.) Hoffm. ( Peuc\u00e9dan des marais )<\/p><\/div><br \/>\n<span style=\"text-decoration: underline;\">Pr\u00e9sent dans le(s) d\u00e9partement(s) suivant(s) :<\/span><br \/>\nAin, Aisne, Allier, Ard\u00e8che, Aube, Aveyron, Bas-Rhin, Cantal, Charente, Charente-Maritime, Cher, Corr\u00e8ze, C\u00f4te-d&rsquo;Or, Creuse, Deux-S\u00e8vres, Doubs, Dr\u00f4me, Essonne, Haute-Marne, Haute-Sa\u00f4ne, Haute-Savoie, Indre, Is\u00e8re, Jura, Loire-Atlantique, Loiret, Loir-et-Cher, Lot, Loz\u00e8re, Marne, Morbihan, Moselle, Nord, Oise, Pas-de-Calais, Puy-de-D\u00f4me, Rh\u00f4ne, Sa\u00f4ne-et-Loire, Savoie, Seine-et-Marne, Seine-Maritime, Somme, Territoire-de-Belfort, Vosges, Yonne, Yvelines.<\/p>\n<p><span style=\"text-decoration: underline;\">Phytosociologie :<\/span><i><\/i><\/p>\n<table>\n<tbody>\n<tr>\n<td>Alliance<\/td>\n<td>Ordre<\/td>\n<td>Classe<\/td>\n<\/tr>\n<tr>\n<td><strong>Alnion glutinosae<\/strong><\/td>\n<td><strong>Alnetalia glutinosae<\/strong><\/td>\n<td><strong>Alnetea glutinosae<\/strong><\/td>\n<\/tr>\n<tr>\n<td>Communaut\u00e9s m\u00e9so-eutrophes.<\/td>\n<td>Communaut\u00e9s domin\u00e9es par l&rsquo;aulne glutineux, parfois par le bouleau pubescent.<\/td>\n<td>For\u00eats d&rsquo;aulnes, parfois de bouleaux ou de saules des d\u00e9pressions mar\u00e9cageuses, sur sol engorg\u00e9 une grande partie de l&rsquo;ann\u00e9e ; Europe temp\u00e9r\u00e9e, aux \u00e9tages planitiaire, collin\u00e9en et montagnard.<\/td>\n<\/tr>\n<\/tbody>\n<\/table>\n<table>\n<tbody>\n<tr>\n<td>Classe<\/td>\n<\/tr>\n<tr>\n<td><strong>Phragmiti australis-Magnocaricetea elatae<\/strong><\/td>\n<\/tr>\n<tr>\n<td>V\u00e9g\u00e9tation des bords d&rsquo;\u00e9tangs, lacs, rivi\u00e8res et marais sur sol m\u00e9sotrophe \u00e0 eutrophe, parfois tourbeux.<\/td>\n<\/tr>\n<\/tbody>\n<\/table>\n<table>\n<tbody>\n<tr>\n<td>Alliance<\/td>\n<td>Ordre<\/td>\n<td>Classe<\/td>\n<\/tr>\n<tr>\n<td><strong>Salicion cinereae<\/strong><\/td>\n<td><strong>Salicetalia auritae<\/strong><\/td>\n<td><strong>Alnetea glutinosae<\/strong><\/td>\n<\/tr>\n<tr>\n<td><\/td>\n<td>Communaut\u00e9s domin\u00e9es par des saules, pionni\u00e8res ou permanentes sur les sols les plus engorg\u00e9s.<\/td>\n<td>For\u00eats d&rsquo;aulnes, parfois de bouleaux ou de saules des d\u00e9pressions mar\u00e9cageuses, sur sol engorg\u00e9 une grande partie de l&rsquo;ann\u00e9e ; Europe temp\u00e9r\u00e9e, aux \u00e9tages planitiaire, collin\u00e9en et montagnard.<\/td>\n<\/tr>\n<\/tbody>\n<\/table>\n<p><div id=\"attachment_2613\" style=\"width: 370px\" class=\"wp-caption aligncenter\"><a href=\"https:\/\/www.preservons-la-nature.fr\/blog\/wp-content\/uploads\/2014\/02\/DSC0236.jpg\"><img loading=\"lazy\" decoding=\"async\" aria-describedby=\"caption-attachment-2613\" class=\" wp-image-2613\" title=\"Thysselinum palustre (L.) Hoffm. ( Peuc\u00e9dan des marais )\" alt=\"Thysselinum palustre (L.) Hoffm. ( Peuc\u00e9dan des marais )\" src=\"https:\/\/www.preservons-la-nature.fr\/blog\/wp-content\/uploads\/2014\/02\/DSC0236.jpg\" width=\"360\" height=\"540\" srcset=\"https:\/\/preservons-la-nature.fr\/blog\/wp-content\/uploads\/2014\/02\/DSC0236.jpg 400w, https:\/\/preservons-la-nature.fr\/blog\/wp-content\/uploads\/2014\/02\/DSC0236-200x300.jpg 200w\" sizes=\"auto, (max-width: 360px) 100vw, 360px\" \/><\/a><p id=\"caption-attachment-2613\" class=\"wp-caption-text\">Thysselinum palustre (L.) Hoffm. ( Peuc\u00e9dan des marais )<\/p><\/div><br \/>\n<span style=\"text-decoration: underline;\">Taxonomie :<\/span><br \/>\n<i>Thysselinum palustre (L.) Hoffm.<\/i> a pour synonymes (Informations issues de la BDTFX Version 2.0, <a href=\"http:\/\/www.tela-botanica.org\" target=\"_blank\">Tela Botanica<\/a>) :<i><br \/>\n&#8211; Athamanta pisana Savi<br \/>\n&#8211; Callisace schiefereckii Hoffm.<br \/>\n&#8211; Oreoselinum peucedanoides Hoffm.<br \/>\n&#8211; Peucedanum intermedium Besser<br \/>\n&#8211; Peucedanum palustre (L.) Moench<br \/>\n&#8211; Peucedanum palustre var. angustifolia (Rchb.) Rouy &amp; E.G.Camus<br \/>\n&#8211; Peucedanum schiwereckii Eichw.<br \/>\n&#8211; Peucedanum sylvestre (L.) DC.<br \/>\n&#8211; Pteroselinum peucedanoides (Hoffm.) Rchb.<br \/>\n&#8211; Selinum intermedium Besser<br \/>\n&#8211; Selinum lactescens Lam.<br \/>\n&#8211; Selinum palustre L.<br \/>\n&#8211; Selinum sylvestre L.<br \/>\n&#8211; Selinum tysselinum Crantz<br \/>\n&#8211; Thysselinum angustifolium Rchb.<br \/>\n&#8211; Thysselinum schiwereckii (Besser) Besser<br \/>\n&#8211; Thysselinum sylvestre Hoffm.<br \/>\n<\/i><\/p>\n","protected":false},"excerpt":{"rendered":"<p>Une fiche plus r&eacute;cente existe, vous pouvez la consulter ICI Nom : Thysselinum palustre (L.) Hoffm. ( Peuc\u00e9dan des marais ) Autre(s) nom(s) : Persil des marais. Famille : APIACEAE Floraison : Juillet &#8211; Septembre Protection : &#8211; Liste des &hellip; <a href=\"https:\/\/preservons-la-nature.fr\/blog\/?p=2610\">Continuer la lecture <span class=\"meta-nav\">&rarr;<\/span><\/a><\/p>\n","protected":false},"author":1,"featured_media":0,"comment_status":"open","ping_status":"open","sticky":false,"template":"","format":"standard","meta":{"footnotes":""},"categories":[102],"tags":[58],"class_list":["post-2610","post","type-post","status-publish","format-standard","hentry","category-fiche-partielle-de-plantes","tag-apiacees"],"_links":{"self":[{"href":"https:\/\/preservons-la-nature.fr\/blog\/index.php?rest_route=\/wp\/v2\/posts\/2610","targetHints":{"allow":["GET"]}}],"collection":[{"href":"https:\/\/preservons-la-nature.fr\/blog\/index.php?rest_route=\/wp\/v2\/posts"}],"about":[{"href":"https:\/\/preservons-la-nature.fr\/blog\/index.php?rest_route=\/wp\/v2\/types\/post"}],"author":[{"embeddable":true,"href":"https:\/\/preservons-la-nature.fr\/blog\/index.php?rest_route=\/wp\/v2\/users\/1"}],"replies":[{"embeddable":true,"href":"https:\/\/preservons-la-nature.fr\/blog\/index.php?rest_route=%2Fwp%2Fv2%2Fcomments&post=2610"}],"version-history":[{"count":1,"href":"https:\/\/preservons-la-nature.fr\/blog\/index.php?rest_route=\/wp\/v2\/posts\/2610\/revisions"}],"predecessor-version":[{"id":2614,"href":"https:\/\/preservons-la-nature.fr\/blog\/index.php?rest_route=\/wp\/v2\/posts\/2610\/revisions\/2614"}],"wp:attachment":[{"href":"https:\/\/preservons-la-nature.fr\/blog\/index.php?rest_route=%2Fwp%2Fv2%2Fmedia&parent=2610"}],"wp:term":[{"taxonomy":"category","embeddable":true,"href":"https:\/\/preservons-la-nature.fr\/blog\/index.php?rest_route=%2Fwp%2Fv2%2Fcategories&post=2610"},{"taxonomy":"post_tag","embeddable":true,"href":"https:\/\/preservons-la-nature.fr\/blog\/index.php?rest_route=%2Fwp%2Fv2%2Ftags&post=2610"}],"curies":[{"name":"wp","href":"https:\/\/api.w.org\/{rel}","templated":true}]}}