{"id":2604,"date":"2014-02-21T00:19:18","date_gmt":"2014-02-20T23:19:18","guid":{"rendered":"https:\/\/www.preservons-la-nature.fr\/blog\/?p=2604"},"modified":"2014-02-17T22:06:43","modified_gmt":"2014-02-17T21:06:43","slug":"laserpitium-gallicum-l-laser-de-france","status":"publish","type":"post","link":"https:\/\/preservons-la-nature.fr\/blog\/?p=2604","title":{"rendered":"Laserpitium gallicum L. ( Laser de France )"},"content":{"rendered":"<div id=\"attachment_2607\" style=\"width: 650px\" class=\"wp-caption aligncenter\"><a href=\"https:\/\/www.preservons-la-nature.fr\/blog\/wp-content\/uploads\/2014\/02\/DSC05776.jpg\"><img loading=\"lazy\" decoding=\"async\" aria-describedby=\"caption-attachment-2607\" class=\"size-full wp-image-2607\" title=\"Laserpitium gallicum L. ( Laser de France )\" alt=\"Laserpitium gallicum L. ( Laser de France )\" src=\"https:\/\/www.preservons-la-nature.fr\/blog\/wp-content\/uploads\/2014\/02\/DSC05776.jpg\" width=\"640\" height=\"426\" srcset=\"https:\/\/preservons-la-nature.fr\/blog\/wp-content\/uploads\/2014\/02\/DSC05776.jpg 800w, https:\/\/preservons-la-nature.fr\/blog\/wp-content\/uploads\/2014\/02\/DSC05776-300x199.jpg 300w\" sizes=\"auto, (max-width: 640px) 100vw, 640px\" \/><\/a><p id=\"caption-attachment-2607\" class=\"wp-caption-text\">Laserpitium gallicum L. ( Laser de France )<\/p><\/div>\n<p><span style=\"text-decoration: underline;\">Nom :<\/span> <i>Laserpitium gallicum L.<\/i> ( Laser de France )<\/p>\n<p><span style=\"text-decoration: underline;\">Autre(s) nom(s) :<\/span><br \/>\nLaser de Gaulle, Laser odorant.<\/p>\n<p><span style=\"text-decoration: underline;\">Famille :<\/span> APIACEAE<\/p>\n<p><span style=\"text-decoration: underline;\">Floraison :<\/span> Juin &#8211; Ao\u00fbt<\/p>\n<p><span style=\"text-decoration: underline;\">Forme biologique :<\/span><br \/>\nH\u00e9micryptophyte.<\/p>\n<p><span style=\"text-decoration: underline;\">Protection :<\/span><br \/>\n&#8211; Liste des esp\u00e8ces v\u00e9g\u00e9tales prot\u00e9g\u00e9es en r\u00e9gion Bourgogne Article 1 (1992)<\/p>\n<p><span style=\"text-decoration: underline;\">Description dans la flore de Coste :<\/span><br \/>\nPlante vivace de 30 \u00e0 80 cm, verte et luisante, glabre ou peu h\u00e9riss\u00e9e. Tige pleine, stri\u00e9e. Feuilles inf\u00e9rieures tr\u00e8s grandes, \u00e0 p\u00e9tiole cylindrique, 4 \u00e0 5 fois pennatis\u00e9qu\u00e9es, \u00e0 segments un peu \u00e9pais, \u00e0 lobes divariqu\u00e9s, oblongs, lanc\u00e9ol\u00e9s ou lin\u00e9aires. Les sup\u00e9rieures sessiles sur une gaine non ventrue. Fleurs blanches ou ros\u00e9es. Ombelles grandes, \u00e0 20 \u00e0 50 rayons involucre \u00e0 folioles lin\u00e9aires-lanc\u00e9ol\u00e9es, cili\u00e9es, r\u00e9fl\u00e9chies, persistantes. Styles r\u00e9fl\u00e9chis. Fruit ovo\u00efde, tronqu\u00e9 aux 2 bouts, glabre, \u00e0 ailes planes ou ondul\u00e9es, les marginales plus larges que les dorsales et \u00e9galant presque la largeur du m\u00e9ricarpe.<\/p>\n<div id=\"attachment_2605\" style=\"width: 650px\" class=\"wp-caption aligncenter\"><a href=\"https:\/\/www.preservons-la-nature.fr\/blog\/wp-content\/uploads\/2014\/02\/DSC2664.jpg\"><img loading=\"lazy\" decoding=\"async\" aria-describedby=\"caption-attachment-2605\" class=\" wp-image-2605 \" title=\"Laserpitium gallicum L. ( Laser de France )\" alt=\"Laserpitium gallicum L. ( Laser de France )\" src=\"https:\/\/www.preservons-la-nature.fr\/blog\/wp-content\/uploads\/2014\/02\/DSC2664.jpg\" width=\"640\" height=\"426\" srcset=\"https:\/\/preservons-la-nature.fr\/blog\/wp-content\/uploads\/2014\/02\/DSC2664.jpg 800w, https:\/\/preservons-la-nature.fr\/blog\/wp-content\/uploads\/2014\/02\/DSC2664-300x199.jpg 300w\" sizes=\"auto, (max-width: 640px) 100vw, 640px\" \/><\/a><p id=\"caption-attachment-2605\" class=\"wp-caption-text\">Laserpitium gallicum L. ( Laser de France )<\/p><\/div>\n<p><span style=\"text-decoration: underline;\">R\u00e9partition fran\u00e7aise :<\/span><br \/>\nL&rsquo;esp\u00e8ce est pr\u00e9sente essentiellement dans le sud-est de la France. On la retrouve \u00e9galement en r\u00e9gion Midi-Pyr\u00e9n\u00e9es et Aquitaine. En Bourgogne, on retrouve quelques stations en C\u00f4te-d&rsquo;Or.<\/p>\n<p><span style=\"text-decoration: underline;\">Pr\u00e9sent dans le(s) d\u00e9partement(s) suivant(s) :<\/span><br \/>\nAin, Alpes-de-Haute-Provence, Alpes-Maritimes, Ard\u00e8che, Aveyron, Bouches-du-Rh\u00f4ne, C\u00f4te-d&rsquo;Or, Dr\u00f4me, Hautes-Alpes, Haute-Savoie, Hautes-Pyr\u00e9n\u00e9es, Is\u00e8re, Lot, Savoie, Tarn, Tarn-et-Garonne, Var, Vaucluse.<\/p>\n<div id=\"attachment_2728\" style=\"width: 610px\" class=\"wp-caption aligncenter\"><a href=\"https:\/\/www.preservons-la-nature.fr\/blog\/?attachment_id=2728\" rel=\"attachment wp-att-2728\"><img loading=\"lazy\" decoding=\"async\" aria-describedby=\"caption-attachment-2728\" class=\"size-full wp-image-2728\" alt=\"R\u00e9partition de Laserpitium gallicum L. ( Laser de France )\" src=\"https:\/\/www.preservons-la-nature.fr\/blog\/wp-content\/uploads\/2014\/02\/carte20.jpg\" width=\"600\" height=\"600\" srcset=\"https:\/\/preservons-la-nature.fr\/blog\/wp-content\/uploads\/2014\/02\/carte20.jpg 600w, https:\/\/preservons-la-nature.fr\/blog\/wp-content\/uploads\/2014\/02\/carte20-150x150.jpg 150w, https:\/\/preservons-la-nature.fr\/blog\/wp-content\/uploads\/2014\/02\/carte20-300x300.jpg 300w\" sizes=\"auto, (max-width: 600px) 100vw, 600px\" \/><\/a><p id=\"caption-attachment-2728\" class=\"wp-caption-text\">R\u00e9partition de Laserpitium gallicum L. ( Laser de France )<\/p><\/div>\n<div id=\"attachment_2606\" style=\"width: 650px\" class=\"wp-caption aligncenter\"><a href=\"https:\/\/www.preservons-la-nature.fr\/blog\/wp-content\/uploads\/2014\/02\/DSC8819.jpg\"><img loading=\"lazy\" decoding=\"async\" aria-describedby=\"caption-attachment-2606\" class=\"size-full wp-image-2606\" title=\"Laserpitium gallicum L. ( Laser de France )\" alt=\"Laserpitium gallicum L. ( Laser de France )\" src=\"https:\/\/www.preservons-la-nature.fr\/blog\/wp-content\/uploads\/2014\/02\/DSC8819.jpg\" width=\"640\" height=\"426\" srcset=\"https:\/\/preservons-la-nature.fr\/blog\/wp-content\/uploads\/2014\/02\/DSC8819.jpg 800w, https:\/\/preservons-la-nature.fr\/blog\/wp-content\/uploads\/2014\/02\/DSC8819-300x199.jpg 300w\" sizes=\"auto, (max-width: 640px) 100vw, 640px\" \/><\/a><p id=\"caption-attachment-2606\" class=\"wp-caption-text\">Laserpitium gallicum L. ( Laser de France )<\/p><\/div>\n<p><span style=\"text-decoration: underline;\">Ecologie :<\/span><br \/>\nC&rsquo;est une esp\u00e8ce qui aime bien la chaleur, les terrains secs la pleine lumi\u00e8re. On la retrouve donc dans les \u00e9boulis, les pelouses rocailleuses, et parfois dans les sous-bois clairs des pin\u00e8des. L&rsquo;esp\u00e8ce a une pr\u00e9f\u00e9rence pour les sols calcaires.<\/p>\n<p><span style=\"text-decoration: underline;\">Phytosociologie :<\/span><i><\/i><\/p>\n<table>\n<tbody>\n<tr>\n<td>Alliance<\/td>\n<td>Ordre<\/td>\n<td>Classe<\/td>\n<\/tr>\n<tr>\n<td><strong>Helianthemo italici-Aphyllanthion monspeliensis<\/strong><\/td>\n<td><strong>Rosmarinetalia officinalis<\/strong><\/td>\n<td><strong>Rosmarinetea officinalis<\/strong><\/td>\n<\/tr>\n<tr>\n<td>Communaut\u00e9s m\u00e9so- \u00e0 supram\u00e9diterran\u00e9ennes, riches en h\u00e9micryptophytes, essentiellement languedociennes et de Provence occidentale.<\/td>\n<td>Communaut\u00e9s m\u00e9diterran\u00e9ennes sur sol neutre \u00e0 basique.<\/td>\n<td>Garrigues et formations cham\u00e9phytiques m\u00e9diterran\u00e9ennes \u00e0 m\u00e9diterran\u00e9o-atlantiques.<\/td>\n<\/tr>\n<\/tbody>\n<\/table>\n<table>\n<tbody>\n<tr>\n<td>Alliance<\/td>\n<td>Ordre<\/td>\n<td>Classe<\/td>\n<\/tr>\n<tr>\n<td><strong>Lavandulo angustifoliae-Genistion cinereae<\/strong><\/td>\n<td><strong>Ononidetalia striatae<\/strong><\/td>\n<td><strong>Festuco valesiacae-Brometea erecti<\/strong><\/td>\n<\/tr>\n<tr>\n<td>Communaut\u00e9s de garrigues et de landes supra- \u00e0 orom\u00e9diterran\u00e9ennes des Alpes m\u00e9ridionales et de Provence.<\/td>\n<td>Communaut\u00e9s x\u00e9rophiles \u00e0 m\u00e9sox\u00e9rophiles, subm\u00e9diterran\u00e9ennes, et supra- \u00e0 orom\u00e9diterran\u00e9ennes.<\/td>\n<td>Pelouses \u00e0 dominance d\u2019h\u00e9micryptophytes, parfois landines et garrigues sous climat subm\u00e9diterran\u00e9en, x\u00e9rophiles \u00e0 m\u00e9sox\u00e9rophiles, collin\u00e9ennes \u00e0 montagnardes, europ\u00e9ennes et ouest-sib\u00e9riennes, surtout sur substrats carbonat\u00e9s ou basiques.<\/td>\n<\/tr>\n<\/tbody>\n<\/table>\n<table>\n<tbody>\n<tr>\n<td>Alliance<\/td>\n<td>Ordre<\/td>\n<td>Classe<\/td>\n<\/tr>\n<tr>\n<td><strong>Stipion calamagrostis<\/strong><\/td>\n<td><strong>Stipetalia calamagrostis<\/strong><\/td>\n<td><strong>Thlaspietea rotundifolii<\/strong><\/td>\n<\/tr>\n<tr>\n<td>Communaut\u00e9s collin\u00e9ennes \u00e0 montagnardes du Jura, des Alpes, de la Bourgogne.<\/td>\n<td>Communaut\u00e9s thermophiles calcaricoles, du collin\u00e9en au montagnard.<\/td>\n<td>V\u00e9g\u00e9tations des \u00e9boulis plus ou moins mobiles.<\/td>\n<\/tr>\n<\/tbody>\n<\/table>\n<table>\n<tbody>\n<tr>\n<td>Alliance<\/td>\n<td>Ordre<\/td>\n<td>Classe<\/td>\n<\/tr>\n<tr>\n<td><strong>Stipo capillatae-Poion carniolicae<\/strong><\/td>\n<td><strong>Festucetalia valesiacae<\/strong><\/td>\n<td><strong>Festuco valesiacae-Brometea erecti<\/strong><\/td>\n<\/tr>\n<tr>\n<td>Communaut\u00e9s ouest-alpines, des vall\u00e9es internes \u00e0 climat continental (Maurienne, Tarentaise, Durance).<\/td>\n<td>Communaut\u00e9s m\u00e9dioeurop\u00e9ennes \u00e0 est-europ\u00e9ennes.<\/td>\n<td>Pelouses \u00e0 dominance d\u2019h\u00e9micryptophytes, parfois landines et garrigues sous climat subm\u00e9diterran\u00e9en, x\u00e9rophiles \u00e0 m\u00e9sox\u00e9rophiles, collin\u00e9ennes \u00e0 montagnardes, europ\u00e9ennes et ouest-sib\u00e9riennes, surtout sur substrats carbonat\u00e9s ou basiques.<\/td>\n<\/tr>\n<\/tbody>\n<\/table>\n<table>\n<tbody>\n<tr>\n<td>Alliance<\/td>\n<td>Ordre<\/td>\n<td>Classe<\/td>\n<\/tr>\n<tr>\n<td><strong>Xerobromion erecti<\/strong><\/td>\n<td><strong>Brometalia erecti<\/strong><\/td>\n<td><strong>Festuco valesiacae-Brometea erecti<\/strong><\/td>\n<\/tr>\n<tr>\n<td>Communaut\u00e9s x\u00e9rophiles plus ou moins ouvertes, de caract\u00e8re subm\u00e9diterran\u00e9en.<\/td>\n<td>Communaut\u00e9s atlantiques \u00e0 subatlantiques.<\/td>\n<td>Pelouses \u00e0 dominance d\u2019h\u00e9micryptophytes, parfois landines et garrigues sous climat subm\u00e9diterran\u00e9en, x\u00e9rophiles \u00e0 m\u00e9sox\u00e9rophiles, collin\u00e9ennes \u00e0 montagnardes, europ\u00e9ennes et ouest-sib\u00e9riennes, surtout sur substrats carbonat\u00e9s ou basiques.<\/td>\n<\/tr>\n<\/tbody>\n<\/table>\n<p><span style=\"text-decoration: underline;\">Taxonomie :<\/span><br \/>\n<i>Laserpitium gallicum L.<\/i> a pour synonymes (Informations issues de la BDTFX Version 2.0, <a href=\"http:\/\/www.tela-botanica.org\" target=\"_blank\">Tela Botanica<\/a>) :<i><br \/>\n&#8211; Lacellia cuneata Bubani<br \/>\n&#8211; Laserpitium angustifolium L.<br \/>\n&#8211; Laserpitium angustissimum Willd.<br \/>\n&#8211; Laserpitium cuneatum Moench<br \/>\n&#8211; Laserpitium formosum Willd.<br \/>\n&#8211; Laserpitium gallicum var. angustissimum (Willd.) Lange<br \/>\n&#8211; Laserpitium gallicum var. cuneatum (Moench) Rouy &amp; E.G.Camus<br \/>\n&#8211; Laserpitium gallicum var. formosum (Willd.) Lange<br \/>\n&#8211; Laserpitium paradoxum A.Bol\u00f2s &amp; Font Quer<br \/>\n&#8211; Laserpitium trifurcatum Lam.<br \/>\n&#8211; Siler gallicum (L.) Crantz<br \/>\n<\/i><br \/>\n<span style=\"text-decoration: underline;\">Sous-esp\u00e8ces ou vari\u00e9t\u00e9s :<\/span><br \/>\n<i>&#8211; Laserpitium gallicum L. var. gallicum<br \/>\n&#8211; Laserpitium gallicum var. angustifolium (L.) Lange<br \/>\n&#8211; Laserpitium gallicum var. platyphyllum Rouy<br \/>\n<\/i><\/p>\n","protected":false},"excerpt":{"rendered":"<p>Nom : Laserpitium gallicum L. ( Laser de France ) Autre(s) nom(s) : Laser de Gaulle, Laser odorant. Famille : APIACEAE Floraison : Juin &#8211; Ao\u00fbt Forme biologique : H\u00e9micryptophyte. Protection : &#8211; Liste des esp\u00e8ces v\u00e9g\u00e9tales prot\u00e9g\u00e9es en r\u00e9gion &hellip; <a href=\"https:\/\/preservons-la-nature.fr\/blog\/?p=2604\">Continuer la lecture <span class=\"meta-nav\">&rarr;<\/span><\/a><\/p>\n","protected":false},"author":1,"featured_media":0,"comment_status":"open","ping_status":"open","sticky":false,"template":"","format":"standard","meta":{"footnotes":""},"categories":[102],"tags":[58],"class_list":["post-2604","post","type-post","status-publish","format-standard","hentry","category-fiche-partielle-de-plantes","tag-apiacees"],"_links":{"self":[{"href":"https:\/\/preservons-la-nature.fr\/blog\/index.php?rest_route=\/wp\/v2\/posts\/2604","targetHints":{"allow":["GET"]}}],"collection":[{"href":"https:\/\/preservons-la-nature.fr\/blog\/index.php?rest_route=\/wp\/v2\/posts"}],"about":[{"href":"https:\/\/preservons-la-nature.fr\/blog\/index.php?rest_route=\/wp\/v2\/types\/post"}],"author":[{"embeddable":true,"href":"https:\/\/preservons-la-nature.fr\/blog\/index.php?rest_route=\/wp\/v2\/users\/1"}],"replies":[{"embeddable":true,"href":"https:\/\/preservons-la-nature.fr\/blog\/index.php?rest_route=%2Fwp%2Fv2%2Fcomments&post=2604"}],"version-history":[{"count":3,"href":"https:\/\/preservons-la-nature.fr\/blog\/index.php?rest_route=\/wp\/v2\/posts\/2604\/revisions"}],"predecessor-version":[{"id":2730,"href":"https:\/\/preservons-la-nature.fr\/blog\/index.php?rest_route=\/wp\/v2\/posts\/2604\/revisions\/2730"}],"wp:attachment":[{"href":"https:\/\/preservons-la-nature.fr\/blog\/index.php?rest_route=%2Fwp%2Fv2%2Fmedia&parent=2604"}],"wp:term":[{"taxonomy":"category","embeddable":true,"href":"https:\/\/preservons-la-nature.fr\/blog\/index.php?rest_route=%2Fwp%2Fv2%2Fcategories&post=2604"},{"taxonomy":"post_tag","embeddable":true,"href":"https:\/\/preservons-la-nature.fr\/blog\/index.php?rest_route=%2Fwp%2Fv2%2Ftags&post=2604"}],"curies":[{"name":"wp","href":"https:\/\/api.w.org\/{rel}","templated":true}]}}