{"id":2593,"date":"2014-02-19T00:10:29","date_gmt":"2014-02-18T23:10:29","guid":{"rendered":"https:\/\/www.preservons-la-nature.fr\/blog\/?p=2593"},"modified":"2014-02-17T22:00:38","modified_gmt":"2014-02-17T21:00:38","slug":"daucus-carota-l-carotte-sauvage","status":"publish","type":"post","link":"https:\/\/preservons-la-nature.fr\/blog\/?p=2593","title":{"rendered":"Daucus carota L. ( Carotte sauvage )"},"content":{"rendered":"<p><STRONG>Une fiche plus r&eacute;cente existe, vous pouvez la consulter <a href=\"https:\/\/www.preservons-la-nature.fr\/flore\/taxon\/346.html\">ICI<\/a><\/STRONG><div id=\"attachment_2597\" style=\"width: 650px\" class=\"wp-caption aligncenter\"><a href=\"https:\/\/www.preservons-la-nature.fr\/blog\/wp-content\/uploads\/2014\/02\/DSC9888.jpg\"><img loading=\"lazy\" decoding=\"async\" aria-describedby=\"caption-attachment-2597\" class=\"size-full wp-image-2597\" title=\"Daucus carota L. ( Carotte sauvage )\" alt=\"Daucus carota L. ( Carotte sauvage )\" src=\"https:\/\/www.preservons-la-nature.fr\/blog\/wp-content\/uploads\/2014\/02\/DSC9888.jpg\" width=\"640\" height=\"426\" srcset=\"https:\/\/preservons-la-nature.fr\/blog\/wp-content\/uploads\/2014\/02\/DSC9888.jpg 800w, https:\/\/preservons-la-nature.fr\/blog\/wp-content\/uploads\/2014\/02\/DSC9888-300x199.jpg 300w\" sizes=\"auto, (max-width: 640px) 100vw, 640px\" \/><\/a><p id=\"caption-attachment-2597\" class=\"wp-caption-text\">Daucus carota L. ( Carotte sauvage )<\/p><\/div><\/p>\n<p><span style=\"text-decoration: underline;\">Nom :<\/span> <i>Daucus carota L.<\/i> ( Carotte sauvage )<\/p>\n<p><span style=\"text-decoration: underline;\">Famille :<\/span> APIACEAE<\/p>\n<p><span style=\"text-decoration: underline;\">Floraison :<\/span> Mai &#8211; Octobre<\/p>\n<p><span style=\"text-decoration: underline;\">Forme biologique :<\/span><br \/>\nTh\u00e9rophyte.<\/p>\n<p><span style=\"text-decoration: underline;\">Protection :<\/span><br \/>\n&#8211; Liste rouge europ\u00e9enne IUCN 2012 LC<\/p>\n<p><span style=\"text-decoration: underline;\">Description dans la flore de Coste :<\/span><br \/>\nPlante bisannuelle de 30 \u00e0 80 cm, \u00e0 rameaux \u00e9tal\u00e9s ; feuilles molles, les inf\u00e9rieures oblongues, bipennatis\u00e9qu\u00e9es, \u00e0 segments ovales ou oblongs, incis\u00e9s-dent\u00e9s ; fleurs blanches ou ros\u00e9es, celles de la circonf\u00e9rence rayonnantes, la centrale presque toujours purpurine ; ombelles grandes, \u00e0 20 \u00e0 40 rayons gr\u00eales, arqu\u00e9s-convergents \u00e0 la maturit\u00e9 ; involucelle \u00e0 folioles lin\u00e9aires-acumin\u00e9es, membraneuses au bord, enti\u00e8res ou trifides ; fruit ellipso\u00efde, \u00e0 aiguillons en all\u00e8ne, distincts \u00e0 la base, \u00e9galant environ sa largeur.<\/p>\n<p><span style=\"text-decoration: underline;\">Usages \/ particularit\u00e9s :<\/span><br \/>\nIl s&rsquo;agit de l&rsquo;esp\u00e8ce dont est issue la carotte cultiv\u00e9e dans nos jardins. La racine est en effet devenue charnue du fait de la domestication de l&rsquo;homme. Elle poss\u00e8de des propri\u00e9t\u00e9s ap\u00e9ritives, diur\u00e9tiques.<\/p>\n<div id=\"attachment_2596\" style=\"width: 370px\" class=\"wp-caption aligncenter\"><a href=\"https:\/\/www.preservons-la-nature.fr\/blog\/wp-content\/uploads\/2014\/02\/DSC9887.jpg\"><img loading=\"lazy\" decoding=\"async\" aria-describedby=\"caption-attachment-2596\" class=\" wp-image-2596\" title=\"Daucus carota L. ( Carotte sauvage )\" alt=\"Daucus carota L. ( Carotte sauvage )\" src=\"https:\/\/www.preservons-la-nature.fr\/blog\/wp-content\/uploads\/2014\/02\/DSC9887.jpg\" width=\"360\" height=\"540\" srcset=\"https:\/\/preservons-la-nature.fr\/blog\/wp-content\/uploads\/2014\/02\/DSC9887.jpg 400w, https:\/\/preservons-la-nature.fr\/blog\/wp-content\/uploads\/2014\/02\/DSC9887-200x300.jpg 200w\" sizes=\"auto, (max-width: 360px) 100vw, 360px\" \/><\/a><p id=\"caption-attachment-2596\" class=\"wp-caption-text\">Daucus carota L. ( Carotte sauvage )<\/p><\/div>\n<p><span style=\"text-decoration: underline;\">R\u00e9partition fran\u00e7aise :<\/span><br \/>\nL&rsquo;esp\u00e8ce est commune partout en France.<\/p>\n<p><span style=\"text-decoration: underline;\">Pr\u00e9sent dans le(s) d\u00e9partement(s) suivant(s) :<\/span><br \/>\nAin, Aisne, Allier, Alpes-de-Haute-Provence, Alpes-Maritimes, Ard\u00e8che, Ardennes, Aube, Aude, Aveyron, Bas-Rhin, Bouches-du-Rh\u00f4ne, Calvados, Cantal, Charente, Charente-Maritime, Cher, Corr\u00e8ze, Corse-du-Sud, C\u00f4te-d&rsquo;Or, C\u00f4tes-d&rsquo;Armor, Creuse, Deux-S\u00e8vres, Dordogne, Doubs, Dr\u00f4me, Essonne, Eure, Eure-et-Loir, Finist\u00e8re, Gard, Gers, Gironde, Haute-Corse, Haute-Garonne, Haute-Loire, Haute-Marne, Hautes-Alpes, Haute-Sa\u00f4ne, Haute-Savoie, Haute-Vienne, Haut-Rhin, Hauts-de-Seine, H\u00e9rault, Ille-et-Vilaine, Indre, Indre-et-Loire, Is\u00e8re, Jura, Loire-Atlantique, Loiret, Loir-et-Cher, Lot, Lot-et-Garonne, Loz\u00e8re, Maine-et-Loire, Manche, Marne, Mayenne, Meurthe-et-Moselle, Meuse, Morbihan, Moselle, Ni\u00e8vre, Nord, Oise, Orne, Paris, Pas-de-Calais, Puy-de-D\u00f4me, Pyr\u00e9n\u00e9es-Atlantiques, Pyr\u00e9n\u00e9es-Orientales, Sa\u00f4ne-et-Loire, Sarthe, Seine-et-Marne, Seine-Maritime, Seine-Saint-Denis, Somme, Tarn-et-Garonne, Territoire-de-Belfort, Val-de-Marne, Val-d&rsquo;Oise, Var, Vaucluse, Vend\u00e9e, Vienne, Vosges, Yonne, Yvelines.<br \/>\n<div id=\"attachment_2721\" style=\"width: 610px\" class=\"wp-caption aligncenter\"><a href=\"https:\/\/www.preservons-la-nature.fr\/blog\/?attachment_id=2721\" rel=\"attachment wp-att-2721\"><img loading=\"lazy\" decoding=\"async\" aria-describedby=\"caption-attachment-2721\" src=\"https:\/\/www.preservons-la-nature.fr\/blog\/wp-content\/uploads\/2014\/02\/carte18.jpg\" alt=\"R\u00e9partition de Daucus carota L. ( Carotte sauvage )\" width=\"600\" height=\"600\" class=\"size-full wp-image-2721\" srcset=\"https:\/\/preservons-la-nature.fr\/blog\/wp-content\/uploads\/2014\/02\/carte18.jpg 600w, https:\/\/preservons-la-nature.fr\/blog\/wp-content\/uploads\/2014\/02\/carte18-150x150.jpg 150w, https:\/\/preservons-la-nature.fr\/blog\/wp-content\/uploads\/2014\/02\/carte18-300x300.jpg 300w\" sizes=\"auto, (max-width: 600px) 100vw, 600px\" \/><\/a><p id=\"caption-attachment-2721\" class=\"wp-caption-text\">R\u00e9partition de Daucus carota L. ( Carotte sauvage )<\/p><\/div><br \/>\n<div id=\"attachment_2594\" style=\"width: 650px\" class=\"wp-caption aligncenter\"><a href=\"https:\/\/www.preservons-la-nature.fr\/blog\/wp-content\/uploads\/2014\/02\/DSC0619.jpg\"><img loading=\"lazy\" decoding=\"async\" aria-describedby=\"caption-attachment-2594\" class=\" wp-image-2594 \" title=\"Daucus carota L. ( Carotte sauvage )\" alt=\"Daucus carota L. ( Carotte sauvage )\" src=\"https:\/\/www.preservons-la-nature.fr\/blog\/wp-content\/uploads\/2014\/02\/DSC0619.jpg\" width=\"640\" height=\"426\" srcset=\"https:\/\/preservons-la-nature.fr\/blog\/wp-content\/uploads\/2014\/02\/DSC0619.jpg 800w, https:\/\/preservons-la-nature.fr\/blog\/wp-content\/uploads\/2014\/02\/DSC0619-300x199.jpg 300w\" sizes=\"auto, (max-width: 640px) 100vw, 640px\" \/><\/a><p id=\"caption-attachment-2594\" class=\"wp-caption-text\">Daucus carota L. ( Carotte sauvage )<\/p><\/div><\/p>\n<p><span style=\"text-decoration: underline;\">Ecologie :<\/span><br \/>\nElle est pr\u00e9sente dans les pelouses m\u00e9sox\u00e9rophiles, les prairies de fauche, les milieux cultiv\u00e9s sur des terrains riches en azote.<\/p>\n<p><span style=\"text-decoration: underline;\">Phytosociologie :<\/span><i><\/i><\/p>\n<table>\n<tbody>\n<tr>\n<td>Alliance<\/td>\n<td>Ordre<\/td>\n<td>Classe<\/td>\n<\/tr>\n<tr>\n<td><strong>Arrhenatherion elatioris<\/strong><\/td>\n<td><strong>Arrhenatheretalia elatioris<\/strong><\/td>\n<td><strong>Arrhenatheretea elatioris<\/strong><\/td>\n<\/tr>\n<tr>\n<td>Communaut\u00e9s fauch\u00e9es collin\u00e9ennes \u00e0 submontagnardes.<\/td>\n<td>Prairies principalement fauch\u00e9es.<\/td>\n<td>V\u00e9g\u00e9tation prairiale, plus rarement de pelouses, m\u00e9sophile ou m\u00e9sohygrophile, m\u00e9sotrophe \u00e0 eutrophe.<\/td>\n<\/tr>\n<\/tbody>\n<\/table>\n<table>\n<tbody>\n<tr>\n<td>Alliance<\/td>\n<td>Ordre<\/td>\n<td>Classe<\/td>\n<\/tr>\n<tr>\n<td><strong>Dauco carotae-Melilotion albi<\/strong><\/td>\n<td><strong>Onopordetalia acanthii<\/strong><\/td>\n<td><strong>Artemisietea vulgaris<\/strong><\/td>\n<\/tr>\n<tr>\n<td>Communaut\u00e9s subouvertes de hautes herbes, moins thermophiles, des substrats grossiers et souvent rapport\u00e9s.<\/td>\n<td>Communaut\u00e9s thermophiles \u00e0 dominance de vivaces et de bisannuelles, eurosib\u00e9riennes \u00e0 subm\u00e9diterran\u00e9ennes.<\/td>\n<td>V\u00e9g\u00e9tation rud\u00e9rale, anthropog\u00e8ne, nitrophile \u00e0 dominance d\u2019esp\u00e8ces vivaces, eurosib\u00e9rienne et m\u00e9diterran\u00e9enne.<\/td>\n<\/tr>\n<\/tbody>\n<\/table>\n<table>\n<tbody>\n<tr>\n<td>Alliance<\/td>\n<td>Ordre<\/td>\n<td>Classe<\/td>\n<\/tr>\n<tr>\n<td><strong>Mesobromion erecti<\/strong><\/td>\n<td><strong>Brometalia erecti<\/strong><\/td>\n<td><strong>Festuco valesiacae-Brometea erecti<\/strong><\/td>\n<\/tr>\n<tr>\n<td>Communaut\u00e9s subatlantiques \u00e0 atlantiques, m\u00e9sox\u00e9rophiles \u00e0 x\u00e9rophiles.<\/td>\n<td>Communaut\u00e9s atlantiques \u00e0 subatlantiques.<\/td>\n<td>Pelouses \u00e0 dominance d\u2019h\u00e9micryptophytes, parfois landines et garrigues sous climat subm\u00e9diterran\u00e9en, x\u00e9rophiles \u00e0 m\u00e9sox\u00e9rophiles, collin\u00e9ennes \u00e0 montagnardes, europ\u00e9ennes et ouest-sib\u00e9riennes, surtout sur substrats carbonat\u00e9s ou basiques.<\/td>\n<\/tr>\n<\/tbody>\n<\/table>\n<div id=\"attachment_2595\" style=\"width: 370px\" class=\"wp-caption aligncenter\"><a href=\"https:\/\/www.preservons-la-nature.fr\/blog\/wp-content\/uploads\/2014\/02\/DSC9886.jpg\"><img loading=\"lazy\" decoding=\"async\" aria-describedby=\"caption-attachment-2595\" class=\" wp-image-2595\" title=\"Daucus carota L. ( Carotte sauvage )\" alt=\"Daucus carota L. ( Carotte sauvage )\" src=\"https:\/\/www.preservons-la-nature.fr\/blog\/wp-content\/uploads\/2014\/02\/DSC9886.jpg\" width=\"360\" height=\"540\" srcset=\"https:\/\/preservons-la-nature.fr\/blog\/wp-content\/uploads\/2014\/02\/DSC9886.jpg 400w, https:\/\/preservons-la-nature.fr\/blog\/wp-content\/uploads\/2014\/02\/DSC9886-200x300.jpg 200w\" sizes=\"auto, (max-width: 360px) 100vw, 360px\" \/><\/a><p id=\"caption-attachment-2595\" class=\"wp-caption-text\">Daucus carota L. ( Carotte sauvage )<\/p><\/div>\n<p><span style=\"text-decoration: underline;\">Taxonomie :<\/span><br \/>\n<i>Daucus carota L.<\/i> a pour synonymes (Informations issues de la BDTFX Version 2.0, <a href=\"http:\/\/www.tela-botanica.org\" target=\"_blank\">Tela Botanica<\/a>) :<i><br \/>\n&#8211; Caucalis carota (L.) Huds.<br \/>\n&#8211; Caucalis daucus Crantz<br \/>\n&#8211; Daucus aegyptiacus Hornem.<br \/>\n&#8211; Daucus agrestis Raf.<br \/>\n&#8211; Daucus blanchei Reut.<br \/>\n&#8211; Daucus ceretanus Sennen<br \/>\n&#8211; Daucus communis Rouy &amp; E.G.Camus<br \/>\n&#8211; Daucus communis subsp. carota (L.) Rouy &amp; E.G.Camus<br \/>\n&#8211; Daucus communis subsp. gingidium (L.) Rouy &amp; E.G.Camus<br \/>\n&#8211; Daucus communis var. agrestis Rouy &amp; E.G.Camus<br \/>\n&#8211; Daucus communis var. allionii Rouy &amp; E.G.Camus<br \/>\n&#8211; Daucus communis var. marcidus (Timb.-Lagr.) Rouy &amp; E.G.Camus<br \/>\n&#8211; Daucus communis var. prostratus Rouy &amp; E.G.Camus<br \/>\n&#8211; Daucus communis var. timbalianus Rouy &amp; E.G.Camus<br \/>\n&#8211; Daucus esculentus Salisb.<br \/>\n&#8211; Daucus fernandezii Sennen<br \/>\n&#8211; Daucus gaditanus Boiss. &amp; Reut.<br \/>\n&#8211; Daucus gonzaloi Sennen<br \/>\n&#8211; Daucus marcidus Timb.-Lagr.<br \/>\n&#8211; Daucus polygamus Gouan<br \/>\n&#8211; Daucus siculus Tineo<br \/>\n&#8211; Daucus sylvestris Delarbre<br \/>\n&#8211; Daucus sylvestris Mill.<br \/>\n&#8211; Daucus vulgaris Lam.<br \/>\n&#8211; Tiricta daucoides Raf.<br \/>\n<\/i><br \/>\n<span style=\"text-decoration: underline;\">Sous-esp\u00e8ces ou vari\u00e9t\u00e9s :<\/span><br \/>\n<i>&#8211; Daucus carota L. subsp. carota<br \/>\n&#8211; Daucus carota n-subsp. intermedius (Cord.) Reduron &amp; Lambinon<br \/>\n&#8211; Daucus carota subsp. commutatus (Paol.) Thell.<br \/>\n&#8211; Daucus carota subsp. drepanensis (Arcang.) Heywood<br \/>\n&#8211; Daucus carota subsp. gadeceaui (Rouy &amp; E.G.Camus) Heywood<br \/>\n&#8211; Daucus carota subsp. gummifer (Syme) Hook.f.<br \/>\n&#8211; Daucus carota subsp. hispanicus (Gouan) Thell.<br \/>\n&#8211; Daucus carota subsp. hispidus (Desf.) Heywood<br \/>\n&#8211; Daucus carota subsp. maritimus (Lam.) Batt.<br \/>\n&#8211; Daucus carota subsp. maximus (Desf.) Ball<br \/>\n&#8211; Daucus carota subsp. sativus Sch\u00fcbler &amp; G.Martens<br \/>\n<\/i><\/p>\n","protected":false},"excerpt":{"rendered":"<p>Une fiche plus r&eacute;cente existe, vous pouvez la consulter ICI Nom : Daucus carota L. ( Carotte sauvage ) Famille : APIACEAE Floraison : Mai &#8211; Octobre Forme biologique : Th\u00e9rophyte. Protection : &#8211; Liste rouge europ\u00e9enne IUCN 2012 LC &hellip; <a href=\"https:\/\/preservons-la-nature.fr\/blog\/?p=2593\">Continuer la lecture <span class=\"meta-nav\">&rarr;<\/span><\/a><\/p>\n","protected":false},"author":1,"featured_media":0,"comment_status":"open","ping_status":"open","sticky":false,"template":"","format":"standard","meta":{"footnotes":""},"categories":[102],"tags":[58],"class_list":["post-2593","post","type-post","status-publish","format-standard","hentry","category-fiche-partielle-de-plantes","tag-apiacees"],"_links":{"self":[{"href":"https:\/\/preservons-la-nature.fr\/blog\/index.php?rest_route=\/wp\/v2\/posts\/2593","targetHints":{"allow":["GET"]}}],"collection":[{"href":"https:\/\/preservons-la-nature.fr\/blog\/index.php?rest_route=\/wp\/v2\/posts"}],"about":[{"href":"https:\/\/preservons-la-nature.fr\/blog\/index.php?rest_route=\/wp\/v2\/types\/post"}],"author":[{"embeddable":true,"href":"https:\/\/preservons-la-nature.fr\/blog\/index.php?rest_route=\/wp\/v2\/users\/1"}],"replies":[{"embeddable":true,"href":"https:\/\/preservons-la-nature.fr\/blog\/index.php?rest_route=%2Fwp%2Fv2%2Fcomments&post=2593"}],"version-history":[{"count":3,"href":"https:\/\/preservons-la-nature.fr\/blog\/index.php?rest_route=\/wp\/v2\/posts\/2593\/revisions"}],"predecessor-version":[{"id":2723,"href":"https:\/\/preservons-la-nature.fr\/blog\/index.php?rest_route=\/wp\/v2\/posts\/2593\/revisions\/2723"}],"wp:attachment":[{"href":"https:\/\/preservons-la-nature.fr\/blog\/index.php?rest_route=%2Fwp%2Fv2%2Fmedia&parent=2593"}],"wp:term":[{"taxonomy":"category","embeddable":true,"href":"https:\/\/preservons-la-nature.fr\/blog\/index.php?rest_route=%2Fwp%2Fv2%2Fcategories&post=2593"},{"taxonomy":"post_tag","embeddable":true,"href":"https:\/\/preservons-la-nature.fr\/blog\/index.php?rest_route=%2Fwp%2Fv2%2Ftags&post=2593"}],"curies":[{"name":"wp","href":"https:\/\/api.w.org\/{rel}","templated":true}]}}