{"id":2588,"date":"2014-02-18T00:05:59","date_gmt":"2014-02-17T23:05:59","guid":{"rendered":"https:\/\/www.preservons-la-nature.fr\/blog\/?p=2588"},"modified":"2014-02-18T15:18:41","modified_gmt":"2014-02-18T14:18:41","slug":"bupleurum-petraeum-l-buplevre-des-rochers","status":"publish","type":"post","link":"https:\/\/preservons-la-nature.fr\/blog\/?p=2588","title":{"rendered":"Bupleurum petraeum L. ( Bupl\u00e8vre des rochers )"},"content":{"rendered":"<p><STRONG>Une fiche plus r&eacute;cente existe, vous pouvez la consulter <a href=\"https:\/\/www.preservons-la-nature.fr\/flore\/taxon\/1836.html\">ICI<\/a><\/STRONG><div id=\"attachment_2589\" style=\"width: 650px\" class=\"wp-caption aligncenter\"><a href=\"https:\/\/www.preservons-la-nature.fr\/blog\/wp-content\/uploads\/2014\/02\/DSC1691.jpg\"><img loading=\"lazy\" decoding=\"async\" aria-describedby=\"caption-attachment-2589\" class=\" wp-image-2589 \" title=\"Bupleurum petraeum L. ( Bupl\u00e8vre des rochers )\" alt=\"Bupleurum petraeum L. ( Bupl\u00e8vre des rochers )\" src=\"https:\/\/www.preservons-la-nature.fr\/blog\/wp-content\/uploads\/2014\/02\/DSC1691.jpg\" width=\"640\" height=\"426\" srcset=\"https:\/\/preservons-la-nature.fr\/blog\/wp-content\/uploads\/2014\/02\/DSC1691.jpg 800w, https:\/\/preservons-la-nature.fr\/blog\/wp-content\/uploads\/2014\/02\/DSC1691-300x199.jpg 300w\" sizes=\"auto, (max-width: 640px) 100vw, 640px\" \/><\/a><p id=\"caption-attachment-2589\" class=\"wp-caption-text\">Bupleurum petraeum L. ( Bupl\u00e8vre des rochers )<\/p><\/div><\/p>\n<p><strong><span style=\"text-decoration: underline;\">Nom :<\/span><\/strong> <i>Bupleurum petraeum L.<\/i> ( Bupl\u00e8vre des rochers )<\/p>\n<p><strong><span style=\"text-decoration: underline;\">Autre(s) nom(s) :<\/span><\/strong><br \/>\nBupl\u00e8vre sous-arbustif.<\/p>\n<p><strong><span style=\"text-decoration: underline;\">Famille :<\/span><\/strong> APIACEAE<\/p>\n<p><strong><span style=\"text-decoration: underline;\">Floraison :<\/span><\/strong> Juillet &#8211; Ao\u00fbt<\/p>\n<p><strong><span style=\"text-decoration: underline;\">Forme biologique :<\/span><\/strong><br \/>\nH\u00e9micryptophyte.<\/p>\n<p><strong><span style=\"text-decoration: underline;\">Description dans la flore de Coste :<\/span><\/strong><br \/>\nPlante vivace de 20 \u00e0 40 cm, dress\u00e9e, \u00e0 souche \u00e9paisse. Tige pleine, simple ou presque simple, longuement nue inf\u00e9rieurement. Feuilles \u00e0 plusieurs nervures, les lat\u00e9rales peu saillantes, sans bordure marginale, les radicales gazonnantes, lin\u00e9aires, tr\u00e8s allong\u00e9es, les sup\u00e9rieures 1 \u00e0 2, plus courtes, embrassantes. Ombelles \u00e0 5 \u00e0 10 rayons. Involucre \u00e0 3 \u00e0 5 folioles in\u00e9gales, lin\u00e9aires, acumin\u00e9es. Involucelle \u00e0 5 \u00e0 7 folioles libres, jaun\u00e2tres, lanc\u00e9ol\u00e9es ou ovales. Fruit oblong, \u00e0 c\u00f4tes subail\u00e9es. Vall\u00e9cules \u00e0 1 \u00e0 3 bandelettes.<\/p>\n<div id=\"attachment_2590\" style=\"width: 650px\" class=\"wp-caption aligncenter\"><a href=\"https:\/\/www.preservons-la-nature.fr\/blog\/wp-content\/uploads\/2014\/02\/DSC1692.jpg\"><img loading=\"lazy\" decoding=\"async\" aria-describedby=\"caption-attachment-2590\" class=\"size-full wp-image-2590\" title=\"Bupleurum petraeum L. ( Bupl\u00e8vre des rochers )\" alt=\"Bupleurum petraeum L. ( Bupl\u00e8vre des rochers )\" src=\"https:\/\/www.preservons-la-nature.fr\/blog\/wp-content\/uploads\/2014\/02\/DSC1692.jpg\" width=\"640\" height=\"426\" srcset=\"https:\/\/preservons-la-nature.fr\/blog\/wp-content\/uploads\/2014\/02\/DSC1692.jpg 800w, https:\/\/preservons-la-nature.fr\/blog\/wp-content\/uploads\/2014\/02\/DSC1692-300x199.jpg 300w\" sizes=\"auto, (max-width: 640px) 100vw, 640px\" \/><\/a><p id=\"caption-attachment-2590\" class=\"wp-caption-text\">Bupleurum petraeum L. ( Bupl\u00e8vre des rochers )<\/p><\/div>\n<p><strong><span style=\"text-decoration: underline;\">R\u00e9partition fran\u00e7aise :<\/span><\/strong><br \/>\nIl est pr\u00e9sent dans les Alpes du Sud<\/p>\n<p><strong><span style=\"text-decoration: underline;\">Pr\u00e9sent dans le(s) d\u00e9partement(s) suivant(s) :<\/span><\/strong><br \/>\nAlpes-de-Haute-Provence, Alpes-Maritimes, Dr\u00f4me, Hautes-Alpes, Is\u00e8re.<\/p>\n<div id=\"attachment_2718\" style=\"width: 610px\" class=\"wp-caption aligncenter\"><a href=\"https:\/\/www.preservons-la-nature.fr\/blog\/?attachment_id=2718\" rel=\"attachment wp-att-2718\"><img loading=\"lazy\" decoding=\"async\" aria-describedby=\"caption-attachment-2718\" class=\"size-full wp-image-2718\" alt=\"R\u00e9partition de Bupleurum petraeum L. ( Bupl\u00e8vre des rochers )\" src=\"https:\/\/www.preservons-la-nature.fr\/blog\/wp-content\/uploads\/2014\/02\/carte17.jpg\" width=\"600\" height=\"600\" srcset=\"https:\/\/preservons-la-nature.fr\/blog\/wp-content\/uploads\/2014\/02\/carte17.jpg 600w, https:\/\/preservons-la-nature.fr\/blog\/wp-content\/uploads\/2014\/02\/carte17-150x150.jpg 150w, https:\/\/preservons-la-nature.fr\/blog\/wp-content\/uploads\/2014\/02\/carte17-300x300.jpg 300w\" sizes=\"auto, (max-width: 600px) 100vw, 600px\" \/><\/a><p id=\"caption-attachment-2718\" class=\"wp-caption-text\">R\u00e9partition de Bupleurum petraeum L. ( Bupl\u00e8vre des rochers )<\/p><\/div>\n<p><strong><span style=\"text-decoration: underline;\">Ecologie :<\/span><\/strong><br \/>\nCette esp\u00e8ce se retrouve de l&rsquo;\u00e9tage montagnard \u00e0 alpin sur des sols calcaires secs en situation de pleine lumi\u00e8re. Ses habitats sont donc les rochers, les terrains tr\u00e8s rocailleux, les zones d&rsquo;\u00e9boulis et les pelouses alpines.<\/p>\n<p><strong><span style=\"text-decoration: underline;\">Phytosociologie :<\/span><\/strong><i><\/i><\/p>\n<table>\n<tbody>\n<tr>\n<td>Alliance<\/td>\n<td>Ordre<\/td>\n<td>Classe<\/td>\n<\/tr>\n<tr>\n<td><strong>Ononidion cenisiae<\/strong><\/td>\n<td><strong>Ononidetalia striatae<\/strong><\/td>\n<td><strong>Festuco valesiacae-Brometea erecti<\/strong><\/td>\n<\/tr>\n<tr>\n<td>Communaut\u00e9s m\u00e9sox\u00e9rophiles \u00e0 x\u00e9rophiles des Alpes m\u00e9ridionales.<\/td>\n<td>Communaut\u00e9s x\u00e9rophiles \u00e0 m\u00e9sox\u00e9rophiles, subm\u00e9diterran\u00e9ennes, et supra- \u00e0 orom\u00e9diterran\u00e9ennes.<\/td>\n<td>Pelouses \u00e0 dominance d\u2019h\u00e9micryptophytes, parfois landines et garrigues sous climat subm\u00e9diterran\u00e9en, x\u00e9rophiles \u00e0 m\u00e9sox\u00e9rophiles, collin\u00e9ennes \u00e0 montagnardes, europ\u00e9ennes et ouest-sib\u00e9riennes, surtout sur substrats carbonat\u00e9s ou basiques.<\/td>\n<\/tr>\n<\/tbody>\n<\/table>\n<table>\n<tbody>\n<tr>\n<td>Alliance<\/td>\n<td>Ordre<\/td>\n<td>Classe<\/td>\n<\/tr>\n<tr>\n<td><strong>Potentillion caulescentis<\/strong><\/td>\n<td><strong>Potentilletalia caulescentis<\/strong><\/td>\n<td><strong>Asplenietea trichomanis<\/strong><\/td>\n<\/tr>\n<tr>\n<td>Communaut\u00e9s h\u00e9liophiles, x\u00e9rophiles \u00e0 m\u00e9sophiles, collin\u00e9ennes \u00e0 alpines.<\/td>\n<td>Communaut\u00e9s calcicoles de l&rsquo;Europe temp\u00e9r\u00e9e et des \u00e9tages supra- et orom\u00e9diterran\u00e9ens.<\/td>\n<td>V\u00e9g\u00e9tation vivace non nitrophile des parois et des murs.<\/td>\n<\/tr>\n<\/tbody>\n<\/table>\n<table>\n<tbody>\n<tr>\n<td>Alliance<\/td>\n<td>Ordre<\/td>\n<td>Classe<\/td>\n<\/tr>\n<tr>\n<td><strong>Seslerion caeruleae<\/strong><\/td>\n<td><strong>Seslerietalia caeruleae<\/strong><\/td>\n<td><strong>Festuco-Seslerietea caeruleae<\/strong><\/td>\n<\/tr>\n<tr>\n<td>Communaut\u00e9s m\u00e9so-x\u00e9rophiles du Jura et des Alpes.<\/td>\n<td>Communaut\u00e9s montagnardes, subalpines et alpines des massifs europ\u00e9ens.<\/td>\n<td>Pelouses calcicoles nordiques et orophiles.<\/td>\n<\/tr>\n<\/tbody>\n<\/table>\n<table>\n<tbody>\n<tr>\n<td>Alliance<\/td>\n<td>Ordre<\/td>\n<td>Classe<\/td>\n<\/tr>\n<tr>\n<td><strong>Thlaspion rotundifolii<\/strong><\/td>\n<td><strong>Thlaspietalia rotundifolii<\/strong><\/td>\n<td><strong>Thlaspietea rotundifolii<\/strong><\/td>\n<\/tr>\n<tr>\n<td>Communaut\u00e9s subalpines \u00e0 nivales des Alpes.<\/td>\n<td>Communaut\u00e9s surtout calcaricoles du montagnard \u00e0 l&rsquo;alpin, en stations plut\u00f4t fra\u00eeches.<\/td>\n<td>V\u00e9g\u00e9tations des \u00e9boulis plus ou moins mobiles.<\/td>\n<\/tr>\n<\/tbody>\n<\/table>\n<p><strong><span style=\"text-decoration: underline;\">Taxonomie :<\/span><\/strong><br \/>\n<i>Bupleurum petraeum L.<\/i> a pour synonymes (Informations issues de la BDTFX Version 2.0, <a href=\"http:\/\/www.tela-botanica.org\" target=\"_blank\">Tela Botanica<\/a>) :<i><br \/>\n&#8211; Bupleurum bicalyculatum Bellardi<br \/>\n&#8211; Bupleurum graminifolium Vahl<br \/>\n&#8211; Bupleurum graminifolium var. dolichotum (Briq.) Rouy &amp; E.G.Camus<br \/>\n&#8211; Bupleurum graminifolium var. globosum (Briq.) Rouy &amp; E.G.Camus<br \/>\n&#8211; Bupleurum graminifolium var. lonchophorum (Briq.) Rouy &amp; E.G.Camus<br \/>\n&#8211; Bupleurum petraeum [var.] dolichotum Briq.<br \/>\n&#8211; Bupleurum petraeum [var.] globosum Briq.<br \/>\n&#8211; Bupleurum petraeum [var.] lonchophorum Briq.<br \/>\n<\/i><\/p>\n","protected":false},"excerpt":{"rendered":"<p>Une fiche plus r&eacute;cente existe, vous pouvez la consulter ICI Nom : Bupleurum petraeum L. ( Bupl\u00e8vre des rochers ) Autre(s) nom(s) : Bupl\u00e8vre sous-arbustif. Famille : APIACEAE Floraison : Juillet &#8211; Ao\u00fbt Forme biologique : H\u00e9micryptophyte. Description dans la &hellip; <a href=\"https:\/\/preservons-la-nature.fr\/blog\/?p=2588\">Continuer la lecture <span class=\"meta-nav\">&rarr;<\/span><\/a><\/p>\n","protected":false},"author":1,"featured_media":0,"comment_status":"open","ping_status":"open","sticky":false,"template":"","format":"standard","meta":{"footnotes":""},"categories":[102],"tags":[58],"class_list":["post-2588","post","type-post","status-publish","format-standard","hentry","category-fiche-partielle-de-plantes","tag-apiacees"],"_links":{"self":[{"href":"https:\/\/preservons-la-nature.fr\/blog\/index.php?rest_route=\/wp\/v2\/posts\/2588","targetHints":{"allow":["GET"]}}],"collection":[{"href":"https:\/\/preservons-la-nature.fr\/blog\/index.php?rest_route=\/wp\/v2\/posts"}],"about":[{"href":"https:\/\/preservons-la-nature.fr\/blog\/index.php?rest_route=\/wp\/v2\/types\/post"}],"author":[{"embeddable":true,"href":"https:\/\/preservons-la-nature.fr\/blog\/index.php?rest_route=\/wp\/v2\/users\/1"}],"replies":[{"embeddable":true,"href":"https:\/\/preservons-la-nature.fr\/blog\/index.php?rest_route=%2Fwp%2Fv2%2Fcomments&post=2588"}],"version-history":[{"count":6,"href":"https:\/\/preservons-la-nature.fr\/blog\/index.php?rest_route=\/wp\/v2\/posts\/2588\/revisions"}],"predecessor-version":[{"id":2744,"href":"https:\/\/preservons-la-nature.fr\/blog\/index.php?rest_route=\/wp\/v2\/posts\/2588\/revisions\/2744"}],"wp:attachment":[{"href":"https:\/\/preservons-la-nature.fr\/blog\/index.php?rest_route=%2Fwp%2Fv2%2Fmedia&parent=2588"}],"wp:term":[{"taxonomy":"category","embeddable":true,"href":"https:\/\/preservons-la-nature.fr\/blog\/index.php?rest_route=%2Fwp%2Fv2%2Fcategories&post=2588"},{"taxonomy":"post_tag","embeddable":true,"href":"https:\/\/preservons-la-nature.fr\/blog\/index.php?rest_route=%2Fwp%2Fv2%2Ftags&post=2588"}],"curies":[{"name":"wp","href":"https:\/\/api.w.org\/{rel}","templated":true}]}}