{"id":2583,"date":"2014-02-17T00:58:00","date_gmt":"2014-02-16T23:58:00","guid":{"rendered":"https:\/\/www.preservons-la-nature.fr\/blog\/?p=2583"},"modified":"2014-02-17T21:56:13","modified_gmt":"2014-02-17T20:56:13","slug":"narcissus-pseudonarcissus-l-jonquille-des-bois","status":"publish","type":"post","link":"https:\/\/preservons-la-nature.fr\/blog\/?p=2583","title":{"rendered":"Narcissus pseudonarcissus L. ( Jonquille des bois )"},"content":{"rendered":"<p><STRONG>Une fiche plus r&eacute;cente existe, vous pouvez la consulter <a href=\"https:\/\/www.preservons-la-nature.fr\/flore\/taxon\/775.html\">ICI<\/a><\/STRONG><div id=\"attachment_2584\" style=\"width: 370px\" class=\"wp-caption aligncenter\"><a href=\"https:\/\/www.preservons-la-nature.fr\/blog\/wp-content\/uploads\/2014\/02\/DSC00170.jpg\"><img loading=\"lazy\" decoding=\"async\" aria-describedby=\"caption-attachment-2584\" class=\" wp-image-2584 \" title=\"Narcissus pseudonarcissus L. ( Jonquille des bois )\" alt=\"Narcissus pseudonarcissus L. ( Jonquille des bois )\" src=\"https:\/\/www.preservons-la-nature.fr\/blog\/wp-content\/uploads\/2014\/02\/DSC00170.jpg\" width=\"360\" height=\"540\" srcset=\"https:\/\/preservons-la-nature.fr\/blog\/wp-content\/uploads\/2014\/02\/DSC00170.jpg 400w, https:\/\/preservons-la-nature.fr\/blog\/wp-content\/uploads\/2014\/02\/DSC00170-200x300.jpg 200w\" sizes=\"auto, (max-width: 360px) 100vw, 360px\" \/><\/a><p id=\"caption-attachment-2584\" class=\"wp-caption-text\">Narcissus pseudonarcissus L. ( Jonquille des bois )<\/p><\/div><\/p>\n<p><span style=\"text-decoration: underline;\">Nom :<\/span> <i>Narcissus pseudonarcissus L.<\/i> ( Jonquille des bois )<\/p>\n<p><span style=\"text-decoration: underline;\">Autre(s) nom(s) :<\/span><br \/>\nCoucou, Jeannette jaune, Narcisse trompette.<\/p>\n<p><span style=\"text-decoration: underline;\">Famille :<\/span> AMARYLLIDACEAE<\/p>\n<p><span style=\"text-decoration: underline;\">Floraison :<\/span> Mars &#8211; Mai<\/p>\n<p><span style=\"text-decoration: underline;\">Forme biologique :<\/span><br \/>\nG\u00e9ophyte.<\/p>\n<p><span style=\"text-decoration: underline;\">Description dans la flore de Coste :<\/span><br \/>\nPlante vivace de 20 \u00e0 40 cm, glabre, \u00e0 bulbe ovo\u00efde gros ; feuilles 2 \u00e0 4, glaucescentes, largement lin\u00e9aires-obtuses, presque planes, dress\u00e9es, aussi longues que la tige comprim\u00e9e \u00e0 deux angles ; fleur jaune, grande, inodore, solitaire, pench\u00e9e ; spathe large, engainante ; p\u00e9rianthe en entonnoir, \u00e0 tube obconique plus court que la couronne, \u00e0 divisions oblongues, \u00e9tal\u00e9es ou ascendantes ; couronne grande, en entonnoir, \u00e9galant les divisions, cr\u00e9nel\u00e9e ou incis\u00e9e-lob\u00e9e ; \u00e9tamines \u00e9gales, droites, longues ; style long, mais plus court que la couronne.<\/p>\n<p><span style=\"text-decoration: underline;\">Usages \/ particularit\u00e9s :<\/span><br \/>\nElle poss\u00e8de des vertus m\u00e9dicinales. Elle est tr\u00e8s largement cultiv\u00e9e comme plante ornementale.<\/p>\n<div id=\"attachment_2585\" style=\"width: 370px\" class=\"wp-caption aligncenter\"><a href=\"https:\/\/www.preservons-la-nature.fr\/blog\/wp-content\/uploads\/2014\/02\/DSC07301.jpg\"><img loading=\"lazy\" decoding=\"async\" aria-describedby=\"caption-attachment-2585\" class=\" wp-image-2585\" title=\"Narcissus pseudonarcissus L. ( Jonquille des bois )\" alt=\"Narcissus pseudonarcissus L. ( Jonquille des bois )\" src=\"https:\/\/www.preservons-la-nature.fr\/blog\/wp-content\/uploads\/2014\/02\/DSC07301.jpg\" width=\"360\" height=\"540\" srcset=\"https:\/\/preservons-la-nature.fr\/blog\/wp-content\/uploads\/2014\/02\/DSC07301.jpg 400w, https:\/\/preservons-la-nature.fr\/blog\/wp-content\/uploads\/2014\/02\/DSC07301-200x300.jpg 200w\" sizes=\"auto, (max-width: 360px) 100vw, 360px\" \/><\/a><p id=\"caption-attachment-2585\" class=\"wp-caption-text\">Narcissus pseudonarcissus L. ( Jonquille des bois )<\/p><\/div>\n<p><span style=\"text-decoration: underline;\">R\u00e9partition fran\u00e7aise :<\/span><br \/>\nL&rsquo;esp\u00e8ce est plus fr\u00e9quente en montagne qu&rsquo;en plaine.<\/p>\n<p><span style=\"text-decoration: underline;\">Pr\u00e9sent dans le(s) d\u00e9partement(s) suivant(s) :<\/span><br \/>\nAin, Aisne, Alpes-de-Haute-Provence, Alpes-Maritimes, Ard\u00e8che, Ardennes, Ari\u00e8ge, Aube, Aude, Aveyron, Calvados, Cantal, Charente, Charente-Maritime, Cher, Corr\u00e8ze, C\u00f4te-d&rsquo;Or, C\u00f4tes-d&rsquo;Armor, Creuse, Deux-S\u00e8vres, Dordogne, Doubs, Dr\u00f4me, Essonne, Eure, Eure-et-Loir, Finist\u00e8re, Gironde, Haute-Garonne, Haute-Loire, Haute-Marne, Hautes-Alpes, Haute-Sa\u00f4ne, Haute-Savoie, Haute-Vienne, Haut-Rhin, Hauts-de-Seine, Ille-et-Vilaine, Indre, Indre-et-Loire, Is\u00e8re, Jura, Landes, Loire-Atlantique, Loiret, Loir-et-Cher, Lot, Lot-et-Garonne, Loz\u00e8re, Maine-et-Loire, Manche, Marne, Mayenne, Meurthe-et-Moselle, Meuse, Morbihan, Moselle, Ni\u00e8vre, Nord, Oise, Orne, Paris, Pas-de-Calais, Puy-de-D\u00f4me, Pyr\u00e9n\u00e9es-Atlantiques, Pyr\u00e9n\u00e9es-Orientales, Rh\u00f4ne, Sa\u00f4ne-et-Loire, Sarthe, Savoie, Seine-et-Marne, Seine-Maritime, Seine-Saint-Denis, Somme, Tarn, Tarn-et-Garonne, Territoire-de-Belfort, Val-de-Marne, Val-d&rsquo;Oise, Var, Vend\u00e9e, Vienne, Vosges, Yonne, Yvelines.<\/p>\n<div id=\"attachment_2716\" style=\"width: 610px\" class=\"wp-caption aligncenter\"><a href=\"https:\/\/www.preservons-la-nature.fr\/blog\/?attachment_id=2716\" rel=\"attachment wp-att-2716\"><img loading=\"lazy\" decoding=\"async\" aria-describedby=\"caption-attachment-2716\" class=\"size-full wp-image-2716\" alt=\"R\u00e9partition de Narcissus pseudonarcissus L. ( Jonquille des bois )\" src=\"https:\/\/www.preservons-la-nature.fr\/blog\/wp-content\/uploads\/2014\/02\/carte16.jpg\" width=\"600\" height=\"600\" srcset=\"https:\/\/preservons-la-nature.fr\/blog\/wp-content\/uploads\/2014\/02\/carte16.jpg 600w, https:\/\/preservons-la-nature.fr\/blog\/wp-content\/uploads\/2014\/02\/carte16-150x150.jpg 150w, https:\/\/preservons-la-nature.fr\/blog\/wp-content\/uploads\/2014\/02\/carte16-300x300.jpg 300w\" sizes=\"auto, (max-width: 600px) 100vw, 600px\" \/><\/a><p id=\"caption-attachment-2716\" class=\"wp-caption-text\">R\u00e9partition de Narcissus pseudonarcissus L. ( Jonquille des bois )<\/p><\/div>\n<p><span style=\"text-decoration: underline;\">Ecologie :<\/span><br \/>\nC&rsquo;est une esp\u00e8ce h\u00e9liophile ou de demi-ombre. Elle appr\u00e9cie les terrains humides. On la retrouve sous divers types forestiers : h\u00eatraies, ch\u00eanaies, mais aussi sur les pelouses acides et prairies d&rsquo;altitude.<\/p>\n<p><span style=\"text-decoration: underline;\">Phytosociologie :<\/span><i><\/i><\/p>\n<table>\n<tbody>\n<tr>\n<td>Alliance<\/td>\n<td>Sous-ordre<\/td>\n<td>Ordre<\/td>\n<td>Classe<\/td>\n<\/tr>\n<tr>\n<td><strong>Carpinion betuli<\/strong><\/td>\n<td><strong>Carpino betuli-Fagenalia sylvaticae<\/strong><\/td>\n<td><strong>Fagetalia sylvaticae<\/strong><\/td>\n<td><strong>Querco roboris-Fagetea sylvaticae<\/strong><\/td>\n<\/tr>\n<tr>\n<td>Communaut\u00e9s sur sols plus ressuy\u00e9s mais sans d\u00e9ficit hydrique marqu\u00e9.<\/td>\n<td>Communaut\u00e9s planitiaires \u00e0 collin\u00e9ennes m\u00e9sohygroclines \u00e0 x\u00e9roclines, acidiclines \u00e0 calcicoles.<\/td>\n<td>Communaut\u00e9s collin\u00e9ennes et montagnardes, acidiclines \u00e0 calcicoles, non thermophiles.<\/td>\n<td>For\u00eats temp\u00e9r\u00e9es caducifoli\u00e9es ou mixtes, collin\u00e9ennes et montagnardes (plus rarement subalpines), ainsi que supram\u00e9diterran\u00e9ennes.<\/td>\n<\/tr>\n<\/tbody>\n<\/table>\n<table>\n<tbody>\n<tr>\n<td>Sous-ordre<\/td>\n<td>Ordre<\/td>\n<td>Classe<\/td>\n<\/tr>\n<tr>\n<td><strong>Carpino betuli-Fagenalia sylvaticae<\/strong><\/td>\n<td><strong>Fagetalia sylvaticae<\/strong><\/td>\n<td><strong>Querco roboris-Fagetea sylvaticae<\/strong><\/td>\n<\/tr>\n<tr>\n<td>Communaut\u00e9s planitiaires \u00e0 collin\u00e9ennes m\u00e9sohygroclines \u00e0 x\u00e9roclines, acidiclines \u00e0 calcicoles.<\/td>\n<td>Communaut\u00e9s collin\u00e9ennes et montagnardes, acidiclines \u00e0 calcicoles, non thermophiles.<\/td>\n<td>For\u00eats temp\u00e9r\u00e9es caducifoli\u00e9es ou mixtes, collin\u00e9ennes et montagnardes (plus rarement subalpines), ainsi que supram\u00e9diterran\u00e9ennes.<\/td>\n<\/tr>\n<\/tbody>\n<\/table>\n<table>\n<tbody>\n<tr>\n<td>Alliance<\/td>\n<td>Ordre<\/td>\n<td>Classe<\/td>\n<\/tr>\n<tr>\n<td><strong>Nardion strictae<\/strong><\/td>\n<td><strong>Caricetalia curvulae<\/strong><\/td>\n<td><strong>Caricetea curvulae<\/strong><\/td>\n<\/tr>\n<tr>\n<td>Communaut\u00e9s des d\u00e9pressions et replats, \u00e0 tendance chionophile, en g\u00e9n\u00e9ral fortement p\u00e2tur\u00e9es.<\/td>\n<td>Communaut\u00e9s du Jura, Massif central, Alpes et Pyr\u00e9n\u00e9es.<\/td>\n<td>Pelouses acidiphiles montagnardes, subalpines et alpines.<\/td>\n<\/tr>\n<\/tbody>\n<\/table>\n<table>\n<tbody>\n<tr>\n<td>Alliance<\/td>\n<td>Ordre<\/td>\n<td>Classe<\/td>\n<\/tr>\n<tr>\n<td><strong>Triseto flavescentis-Polygonion bistortae<\/strong><\/td>\n<td><strong>Arrhenatheretalia elatioris<\/strong><\/td>\n<td><strong>Arrhenatheretea elatioris<\/strong><\/td>\n<\/tr>\n<tr>\n<td>Communaut\u00e9s fauch\u00e9es montagnardes et subalpines.<\/td>\n<td>Prairies principalement fauch\u00e9es.<\/td>\n<td>V\u00e9g\u00e9tation prairiale, plus rarement de pelouses, m\u00e9sophile ou m\u00e9sohygrophile, m\u00e9sotrophe \u00e0 eutrophe.<\/td>\n<\/tr>\n<\/tbody>\n<\/table>\n<p><span style=\"text-decoration: underline;\">Taxonomie :<\/span><br \/>\n<i>Narcissus pseudonarcissus L.<\/i> a pour synonymes (Informations issues de la BDTFX Version 2.0, <a href=\"http:\/\/www.tela-botanica.org\" target=\"_blank\">Tela Botanica<\/a>) :<i><br \/>\n&#8211; Ajax albicans Haw.<br \/>\n&#8211; Ajax cambricus Haw.<br \/>\n&#8211; Ajax gayi H\u00e9non<br \/>\n&#8211; Ajax pseudonarcissus (L.) Haw.<br \/>\n&#8211; Narcissus confusus Pugsley<br \/>\n&#8211; Narcissus gayi (H\u00e9non) Pugsley<br \/>\n&#8211; Narcissus luteus Bubani<br \/>\n&#8211; Narcissus pseudonarcissus subsp. confusus (Pugsley) A.Fern.<br \/>\n&#8211; Narcissus pseudonarcissus subsp. remopolensis (Panizzi) Rouy<br \/>\n&#8211; Narcissus pseudonarcissus subsp. silvestris Rouy<br \/>\n&#8211; Narcissus pseudonarcissus var. serratus (Haw.) Rouy<br \/>\n&#8211; Narcissus serratus Haw.<br \/>\n&#8211; Narcissus sylvestris Lam.<br \/>\n&#8211; Stephanophorum grandiflorum Dulac<br \/>\n<\/i><br \/>\n<span style=\"text-decoration: underline;\">Sous-esp\u00e8ces ou vari\u00e9t\u00e9s :<\/span><br \/>\n<i>&#8211; Narcissus pseudonarcissus L. subsp. pseudonarcissus<br \/>\n&#8211; Narcissus pseudonarcissus subsp. major (Curtis) Baker<br \/>\n&#8211; Narcissus pseudonarcissus subsp. moschatus (L.) Baker<br \/>\n&#8211; Narcissus pseudonarcissus subsp. pallidiflorus (Pugsley) A.Fern.<br \/>\n&#8211; Narcissus pseudonarcissus subsp. provincialis (Pugsley) J.M.Tison<br \/>\n<\/i><\/p>\n","protected":false},"excerpt":{"rendered":"<p>Une fiche plus r&eacute;cente existe, vous pouvez la consulter ICI Nom : Narcissus pseudonarcissus L. ( Jonquille des bois ) Autre(s) nom(s) : Coucou, Jeannette jaune, Narcisse trompette. Famille : AMARYLLIDACEAE Floraison : Mars &#8211; Mai Forme biologique : G\u00e9ophyte. &hellip; <a href=\"https:\/\/preservons-la-nature.fr\/blog\/?p=2583\">Continuer la lecture <span class=\"meta-nav\">&rarr;<\/span><\/a><\/p>\n","protected":false},"author":1,"featured_media":0,"comment_status":"open","ping_status":"open","sticky":false,"template":"","format":"standard","meta":{"footnotes":""},"categories":[102],"tags":[97],"class_list":["post-2583","post","type-post","status-publish","format-standard","hentry","category-fiche-partielle-de-plantes","tag-amaryllidacees"],"_links":{"self":[{"href":"https:\/\/preservons-la-nature.fr\/blog\/index.php?rest_route=\/wp\/v2\/posts\/2583","targetHints":{"allow":["GET"]}}],"collection":[{"href":"https:\/\/preservons-la-nature.fr\/blog\/index.php?rest_route=\/wp\/v2\/posts"}],"about":[{"href":"https:\/\/preservons-la-nature.fr\/blog\/index.php?rest_route=\/wp\/v2\/types\/post"}],"author":[{"embeddable":true,"href":"https:\/\/preservons-la-nature.fr\/blog\/index.php?rest_route=\/wp\/v2\/users\/1"}],"replies":[{"embeddable":true,"href":"https:\/\/preservons-la-nature.fr\/blog\/index.php?rest_route=%2Fwp%2Fv2%2Fcomments&post=2583"}],"version-history":[{"count":2,"href":"https:\/\/preservons-la-nature.fr\/blog\/index.php?rest_route=\/wp\/v2\/posts\/2583\/revisions"}],"predecessor-version":[{"id":2717,"href":"https:\/\/preservons-la-nature.fr\/blog\/index.php?rest_route=\/wp\/v2\/posts\/2583\/revisions\/2717"}],"wp:attachment":[{"href":"https:\/\/preservons-la-nature.fr\/blog\/index.php?rest_route=%2Fwp%2Fv2%2Fmedia&parent=2583"}],"wp:term":[{"taxonomy":"category","embeddable":true,"href":"https:\/\/preservons-la-nature.fr\/blog\/index.php?rest_route=%2Fwp%2Fv2%2Fcategories&post=2583"},{"taxonomy":"post_tag","embeddable":true,"href":"https:\/\/preservons-la-nature.fr\/blog\/index.php?rest_route=%2Fwp%2Fv2%2Ftags&post=2583"}],"curies":[{"name":"wp","href":"https:\/\/api.w.org\/{rel}","templated":true}]}}