{"id":2570,"date":"2014-02-15T00:12:59","date_gmt":"2014-02-14T23:12:59","guid":{"rendered":"https:\/\/www.preservons-la-nature.fr\/blog\/?p=2570"},"modified":"2014-02-15T07:06:43","modified_gmt":"2014-02-15T06:06:43","slug":"tanacetum-corymbosum-l-sch-bip-marguerite-en-corymbe","status":"publish","type":"post","link":"https:\/\/preservons-la-nature.fr\/blog\/?p=2570","title":{"rendered":"Tanacetum corymbosum (L.) Sch.Bip. ( Marguerite en corymbe  )"},"content":{"rendered":"<p><STRONG>Une fiche plus r&eacute;cente existe, vous pouvez la consulter <a href=\"https:\/\/www.preservons-la-nature.fr\/flore\/taxon\/1383.html\">ICI<\/a><\/STRONG><div id=\"attachment_2571\" style=\"width: 370px\" class=\"wp-caption aligncenter\"><a href=\"https:\/\/www.preservons-la-nature.fr\/blog\/wp-content\/uploads\/2014\/02\/DSC7037.jpg\"><img loading=\"lazy\" decoding=\"async\" aria-describedby=\"caption-attachment-2571\" class=\" wp-image-2571 \" title=\"Tanacetum corymbosum (L.) Sch.Bip. ( Marguerite en corymbe  )\" alt=\"Tanacetum corymbosum (L.) Sch.Bip. ( Marguerite en corymbe  )\" src=\"https:\/\/www.preservons-la-nature.fr\/blog\/wp-content\/uploads\/2014\/02\/DSC7037.jpg\" width=\"360\" height=\"540\" srcset=\"https:\/\/preservons-la-nature.fr\/blog\/wp-content\/uploads\/2014\/02\/DSC7037.jpg 400w, https:\/\/preservons-la-nature.fr\/blog\/wp-content\/uploads\/2014\/02\/DSC7037-200x300.jpg 200w\" sizes=\"auto, (max-width: 360px) 100vw, 360px\" \/><\/a><p id=\"caption-attachment-2571\" class=\"wp-caption-text\">Tanacetum corymbosum (L.) Sch.Bip. ( Marguerite en corymbe )<\/p><\/div><\/p>\n<p><span style=\"text-decoration: underline;\">Nom :<\/span> <i>Tanacetum corymbosum (L.) Sch.Bip.<\/i> ( Marguerite en corymbe\u00a0 )<\/p>\n<p><span style=\"text-decoration: underline;\">Autre(s) nom(s) :<\/span><br \/>\nTanaisie en corymbe.<\/p>\n<p><span style=\"text-decoration: underline;\">Famille :<\/span> ASTERACEAE<\/p>\n<p><span style=\"text-decoration: underline;\">Floraison :<\/span> Juin &#8211; Juillet<\/p>\n<p><span style=\"text-decoration: underline;\">Forme biologique :<\/span><br \/>\nH\u00e9micryptophyte.<\/p>\n<p><span style=\"text-decoration: underline;\">Protection :<\/span><br \/>\n&#8211; Liste des esp\u00e8ces v\u00e9g\u00e9tales prot\u00e9g\u00e9es en r\u00e9gion Champagne-Ardenne Article 3 (1988)<br \/>\n&#8211; Liste des esp\u00e8ces v\u00e9g\u00e9tales prot\u00e9g\u00e9es en r\u00e9gion Champagne-Ardenne Article 4 (1988)<br \/>\n&#8211; Liste des esp\u00e8ces v\u00e9g\u00e9tales prot\u00e9g\u00e9es en r\u00e9gion Franche-Comt\u00e9 Article 1 (1992)<br \/>\n&#8211; Liste des esp\u00e8ces v\u00e9g\u00e9tales prot\u00e9g\u00e9es en r\u00e9gion Pays-de-la-Loire Article 1 (1993)<\/p>\n<p><span style=\"text-decoration: underline;\">Description dans la flore de Coste :<\/span><br \/>\nHaut de 30 \u00e0 100 cm, poss\u00e8de une tige raide et dress\u00e9e, presque glabre et ramifi\u00e9e. Feuilles compos\u00e9es \u00e0 lobes dent\u00e9s, velues en dessous, avec des divisions rejoignant la nervure m\u00e9diane. Feuilles de la tige sessiles. Fleurs de 20 \u00e0 30 mm de diam\u00e8tre, regroup\u00e9es en larges corymbes, inflorescences axiales, form\u00e9es de ligules blanches, regroup\u00e9es autour de petites fleurs en tube jaune agglom\u00e9r\u00e9es dans la partie centrale.<br \/>\nVarie \u00e0 tige et feuilles pubescentes-blanch\u00e2tres, \u00e0 segments et lobes plus \u00e9largis, plus soyeux, capitules plus petites (L. pourretii Timb.).<\/p>\n<p><span style=\"text-decoration: underline;\">Usages \/ particularit\u00e9s :<\/span><br \/>\nLa plante est cultiv\u00e9e comme plante ornementale sous le nom de \u00ab\u00a0Bouton d&rsquo;argent\u00a0\u00bb. La plante a des propri\u00e9t\u00e9s stomachiques et vermifuges.<\/p>\n<p><span style=\"text-decoration: underline;\">R\u00e9partition fran\u00e7aise :<\/span><br \/>\nL&rsquo;esp\u00e8ce est bien pr\u00e9sente en r\u00e9gion m\u00e9diterran\u00e9enne, dans les Pr\u00e9alpes, les Pyr\u00e9n\u00e9es. Elle remonte \u00e0 l&rsquo;Ouest jusqu&rsquo;en Vend\u00e9e, \u00e0 l&rsquo;Est jusqu&rsquo;en Moselle, dans le Nord \u00e9galement. Avec le changement climatique, elle remonte progressivement vers le nord.<\/p>\n<p><span style=\"text-decoration: underline;\">Pr\u00e9sent dans le(s) d\u00e9partement(s) suivant(s) :<\/span><br \/>\nAin, Aisne, Alpes-de-Haute-Provence, Alpes-Maritimes, Ard\u00e8che, Ari\u00e8ge, Aube, Aveyron, Bas-Rhin, Bouches-du-Rh\u00f4ne, Cantal, Charente, Charente-Maritime, Cher, Corr\u00e8ze, C\u00f4te-d&rsquo;Or, Deux-S\u00e8vres, Dordogne, Dr\u00f4me, Haute-Garonne, Haute-Marne, Hautes-Alpes, Haute-Savoie, Hautes-Pyr\u00e9n\u00e9es, Haut-Rhin, Indre, Indre-et-Loire, Is\u00e8re, Jura, Loire, Loiret, Lot, Lot-et-Garonne, Loz\u00e8re, Maine-et-Loire, Marne, Meurthe-et-Moselle, Meuse, Moselle, Nord, Oise, Rh\u00f4ne, Sa\u00f4ne-et-Loire, Savoie, Seine-Maritime, Tarn-et-Garonne, Val-d&rsquo;Oise, Var, Vaucluse, Vend\u00e9e, Vienne, Yonne.<br \/>\n<div id=\"attachment_2668\" style=\"width: 610px\" class=\"wp-caption aligncenter\"><a href=\"https:\/\/www.preservons-la-nature.fr\/blog\/?attachment_id=2668\" rel=\"attachment wp-att-2668\"><img loading=\"lazy\" decoding=\"async\" aria-describedby=\"caption-attachment-2668\" src=\"https:\/\/www.preservons-la-nature.fr\/blog\/wp-content\/uploads\/2014\/02\/carte9.jpg\" alt=\"R\u00e9partition de Tanacetum corymbosum (L.) Sch.Bip.\" width=\"600\" height=\"600\" class=\"size-full wp-image-2668\" srcset=\"https:\/\/preservons-la-nature.fr\/blog\/wp-content\/uploads\/2014\/02\/carte9.jpg 600w, https:\/\/preservons-la-nature.fr\/blog\/wp-content\/uploads\/2014\/02\/carte9-150x150.jpg 150w, https:\/\/preservons-la-nature.fr\/blog\/wp-content\/uploads\/2014\/02\/carte9-300x300.jpg 300w\" sizes=\"auto, (max-width: 600px) 100vw, 600px\" \/><\/a><p id=\"caption-attachment-2668\" class=\"wp-caption-text\">R\u00e9partition de Tanacetum corymbosum (L.) Sch.Bip.<\/p><\/div><br \/>\n<span style=\"text-decoration: underline;\">Ecologie :<\/span><br \/>\nL&rsquo;esp\u00e8ce appr\u00e9cie particuli\u00e8rement les situations chaudes et s\u00e8ches mais en situation de demi-ombre telle que les lisi\u00e8res, les clairi\u00e8res. Une partie des populations se trouve dans les ch\u00eanaies pubescentes.<\/p>\n<p><span style=\"text-decoration: underline;\">Phytosociologie :<\/span><i><\/i><\/p>\n<table>\n<tbody>\n<tr>\n<td>Alliance<\/td>\n<td>Ordre<\/td>\n<td>Classe<\/td>\n<\/tr>\n<tr>\n<td><strong>Berberidion vulgaris<\/strong><\/td>\n<td><strong>Prunetalia spinosae<\/strong><\/td>\n<td><strong>Crataego monogynae-Prunetea spinosae<\/strong><\/td>\n<\/tr>\n<tr>\n<td>Communaut\u00e9s nord-atlantiques, subatlantiques, m\u00e9dioeurop\u00e9ennes et supram\u00e9diterran\u00e9ennes, calcicoles, x\u00e9rophiles \u00e0 m\u00e9so-x\u00e9rophiles.<\/td>\n<td>Communaut\u00e9s arbustives non dunaires, des sols carbonat\u00e9s ou plus ou moins d\u00e9satur\u00e9s.<\/td>\n<td>V\u00e9g\u00e9tation principalement europ\u00e9enne de manteaux arbustifs, frutic\u00e9es et haies. Nota : diverses communaut\u00e9s domin\u00e9es par des Rubus (spp.), non encore \u00e9tudi\u00e9es en France, ne sont pas int\u00e9gr\u00e9es \u00e0 la pr\u00e9sente classification.<\/td>\n<\/tr>\n<\/tbody>\n<\/table>\n<table>\n<tbody>\n<tr>\n<td>Alliance<\/td>\n<td>Ordre<\/td>\n<td>Classe<\/td>\n<\/tr>\n<tr>\n<td><strong>Quercion pubescenti-sessiliflorae<\/strong><\/td>\n<td><strong>Quercetalia pubescenti-sessiliflorae<\/strong><\/td>\n<td><strong>Querco roboris-Fagetea sylvaticae<\/strong><\/td>\n<\/tr>\n<tr>\n<td>Communaut\u00e9s supram\u00e9diterran\u00e9ennes avec irradiations septentrionales.<\/td>\n<td>Communaut\u00e9s thermophiles sous influence m\u00e9diterran\u00e9enne \u00e0 thermo-continentale.<\/td>\n<td>For\u00eats temp\u00e9r\u00e9es caducifoli\u00e9es ou mixtes, collin\u00e9ennes et montagnardes (plus rarement subalpines), ainsi que supram\u00e9diterran\u00e9ennes.<\/td>\n<\/tr>\n<\/tbody>\n<\/table>\n<table>\n<tbody>\n<tr>\n<td>Alliance<\/td>\n<td>Ordre<\/td>\n<td>Classe<\/td>\n<\/tr>\n<tr>\n<td><strong>Trifolion medii<\/strong><\/td>\n<td><strong>Origanetalia vulgaris<\/strong><\/td>\n<td><strong>Trifolio medii-Geranietea sanguinei<\/strong><\/td>\n<\/tr>\n<tr>\n<td>Communaut\u00e9s x\u00e9roclines \u00e0 m\u00e9sophiles, m\u00e9sothermes.<\/td>\n<td><\/td>\n<td>Pelouses pr\u00e9foresti\u00e8res h\u00e9liophiles et ourlets parfois h\u00e9misciaphiles, calcicoles \u00e0 acidiclines.<\/td>\n<\/tr>\n<\/tbody>\n<\/table>\n<p><span style=\"text-decoration: underline;\">Taxonomie :<\/span><br \/>\n<i>Tanacetum corymbosum (L.) Sch.Bip.<\/i> a pour synonymes (Informations issues de la BDTFX Version 2.0, <a href=\"http:\/\/www.tela-botanica.org\" target=\"_blank\">Tela Botanica<\/a>) :<i><br \/>\n&#8211; Chamaemelum corymbosum (L.) E.H.L.Krause<br \/>\n&#8211; Chrysanthemum corymbiferum L.<br \/>\n&#8211; Chrysanthemum corymbosum L.<br \/>\n&#8211; Leucanthemum corymbosum (L.) Godr. &amp; Gren.<br \/>\n&#8211; Matricaria corymbosa (L.) Desr.<br \/>\n&#8211; Matricaria inodora Lam.<br \/>\n&#8211; Pontia corymbosa (L.) Bubani<br \/>\n&#8211; Pyrethrum corymbiferum (L.) Schrank<br \/>\n&#8211; Pyrethrum corymbosum (L.) Scop.<br \/>\n&#8211; Pyrethrum corymbosum (L.) Willd.<br \/>\n&#8211; Pyrethrum tanacetifolium Chevall.<br \/>\n&#8211; Tanacetum corymbosum (L.) Sch.Bip. subsp. corymbosum<br \/>\n&#8211; Tanacetum corymbosum var. macroglossum Briq. &amp; Cavill.<br \/>\n<\/i><br \/>\n<span style=\"text-decoration: underline;\">Sous-esp\u00e8ces ou vari\u00e9t\u00e9s :<\/span><br \/>\n<i>&#8211; Tanacetum corymbosum (L.) Sch.Bip. var. corymbosum<br \/>\n&#8211; Tanacetum corymbosum var. subcorymbosum (Schur) Simonk.<br \/>\n&#8211; Tanacetum corymbosum var. tenuifolium (Willd.) Briq. &amp; Cavill.<br \/>\n<\/i><\/p>\n","protected":false},"excerpt":{"rendered":"<p>Une fiche plus r&eacute;cente existe, vous pouvez la consulter ICI Nom : Tanacetum corymbosum (L.) Sch.Bip. ( Marguerite en corymbe\u00a0 ) Autre(s) nom(s) : Tanaisie en corymbe. Famille : ASTERACEAE Floraison : Juin &#8211; Juillet Forme biologique : H\u00e9micryptophyte. Protection &hellip; <a href=\"https:\/\/preservons-la-nature.fr\/blog\/?p=2570\">Continuer la lecture <span class=\"meta-nav\">&rarr;<\/span><\/a><\/p>\n","protected":false},"author":1,"featured_media":0,"comment_status":"open","ping_status":"open","sticky":false,"template":"","format":"standard","meta":{"footnotes":""},"categories":[102],"tags":[48],"class_list":["post-2570","post","type-post","status-publish","format-standard","hentry","category-fiche-partielle-de-plantes","tag-asteracees"],"_links":{"self":[{"href":"https:\/\/preservons-la-nature.fr\/blog\/index.php?rest_route=\/wp\/v2\/posts\/2570","targetHints":{"allow":["GET"]}}],"collection":[{"href":"https:\/\/preservons-la-nature.fr\/blog\/index.php?rest_route=\/wp\/v2\/posts"}],"about":[{"href":"https:\/\/preservons-la-nature.fr\/blog\/index.php?rest_route=\/wp\/v2\/types\/post"}],"author":[{"embeddable":true,"href":"https:\/\/preservons-la-nature.fr\/blog\/index.php?rest_route=\/wp\/v2\/users\/1"}],"replies":[{"embeddable":true,"href":"https:\/\/preservons-la-nature.fr\/blog\/index.php?rest_route=%2Fwp%2Fv2%2Fcomments&post=2570"}],"version-history":[{"count":2,"href":"https:\/\/preservons-la-nature.fr\/blog\/index.php?rest_route=\/wp\/v2\/posts\/2570\/revisions"}],"predecessor-version":[{"id":2669,"href":"https:\/\/preservons-la-nature.fr\/blog\/index.php?rest_route=\/wp\/v2\/posts\/2570\/revisions\/2669"}],"wp:attachment":[{"href":"https:\/\/preservons-la-nature.fr\/blog\/index.php?rest_route=%2Fwp%2Fv2%2Fmedia&parent=2570"}],"wp:term":[{"taxonomy":"category","embeddable":true,"href":"https:\/\/preservons-la-nature.fr\/blog\/index.php?rest_route=%2Fwp%2Fv2%2Fcategories&post=2570"},{"taxonomy":"post_tag","embeddable":true,"href":"https:\/\/preservons-la-nature.fr\/blog\/index.php?rest_route=%2Fwp%2Fv2%2Ftags&post=2570"}],"curies":[{"name":"wp","href":"https:\/\/api.w.org\/{rel}","templated":true}]}}