{"id":2567,"date":"2014-02-14T00:59:49","date_gmt":"2014-02-13T23:59:49","guid":{"rendered":"https:\/\/www.preservons-la-nature.fr\/blog\/?p=2567"},"modified":"2014-02-12T21:51:31","modified_gmt":"2014-02-12T20:51:31","slug":"cirsium-oleraceum-l-scop-cirse-des-maraichers","status":"publish","type":"post","link":"https:\/\/preservons-la-nature.fr\/blog\/?p=2567","title":{"rendered":"Cirsium oleraceum (L.) Scop. ( Cirse des maraichers )"},"content":{"rendered":"<p><STRONG>Une fiche plus r&eacute;cente existe, vous pouvez la consulter <a href=\"https:\/\/www.preservons-la-nature.fr\/flore\/taxon\/271.html\">ICI<\/a><\/STRONG><div id=\"attachment_2568\" style=\"width: 370px\" class=\"wp-caption aligncenter\"><a href=\"https:\/\/www.preservons-la-nature.fr\/blog\/wp-content\/uploads\/2014\/02\/DSC05740.jpg\"><img loading=\"lazy\" decoding=\"async\" aria-describedby=\"caption-attachment-2568\" class=\" wp-image-2568 \" title=\"Cirsium oleraceum (L.) Scop. ( Cirse des maraichers )\" alt=\"Cirsium oleraceum (L.) Scop. ( Cirse des maraichers )\" src=\"https:\/\/www.preservons-la-nature.fr\/blog\/wp-content\/uploads\/2014\/02\/DSC05740.jpg\" width=\"360\" height=\"540\" srcset=\"https:\/\/preservons-la-nature.fr\/blog\/wp-content\/uploads\/2014\/02\/DSC05740.jpg 400w, https:\/\/preservons-la-nature.fr\/blog\/wp-content\/uploads\/2014\/02\/DSC05740-200x300.jpg 200w\" sizes=\"auto, (max-width: 360px) 100vw, 360px\" \/><\/a><p id=\"caption-attachment-2568\" class=\"wp-caption-text\">Cirsium oleraceum (L.) Scop. ( Cirse des maraichers )<\/p><\/div><\/p>\n<p><span style=\"text-decoration: underline;\">Nom :<\/span> <i>Cirsium oleraceum (L.) Scop.<\/i> ( Cirse des maraichers )<\/p>\n<p><span style=\"text-decoration: underline;\">Autre(s) nom(s) :<\/span><br \/>\nChardon des potagers.<\/p>\n<p><span style=\"text-decoration: underline;\">Famille :<\/span> ASTERACEAE<\/p>\n<p><span style=\"text-decoration: underline;\">Floraison :<\/span> Juin &#8211; Septembre<\/p>\n<p><span style=\"text-decoration: underline;\">Forme biologique :<\/span><br \/>\nH\u00e9micryptophyte.<\/p>\n<p><span style=\"text-decoration: underline;\">Description dans la flore de Coste :<\/span><br \/>\nPlante vivace de 8-12 dm, dress\u00e9e, simple ou rameuse au sommet, glabre ou presque glabre, non ail\u00e9e ; feuilles molles, glabres ou glabrescentes, embrassantes \u00e0 larges oreillettes arrondies, pennatifides, pennatipartites ou lyr\u00e9es, \u00e0 segments larges, lanc\u00e9ol\u00e9s, bord\u00e9s de petites cils non \u00e9pineux, les sup\u00e9rieures indivises ; involucre ovo\u00efde, \u00e0 folioles lanc\u00e9ol\u00e9es-lin\u00e9aires, dress\u00e9es, \u00e0 pointe \u00e9tal\u00e9e ; capitules terminaux dress\u00e9s, peu nombreux, rapproch\u00e9s, \u00e0 fleurs jaun\u00e2tres d\u00e9pass\u00e9es par les feuilles florales larges, orales, jaun\u00e2tres.<\/p>\n<p><span style=\"text-decoration: underline;\">R\u00e9partition fran\u00e7aise :<\/span><br \/>\nIl est absent de l&rsquo;Ouest de la France, de la r\u00e9gion m\u00e9diterran\u00e9enne, des Alpes, des Pyr\u00e9n\u00e9es.<\/p>\n<p><span style=\"text-decoration: underline;\">Pr\u00e9sent dans le(s) d\u00e9partement(s) suivant(s) :<\/span><br \/>\nAin, Aisne, Ardennes, Aube, Bas-Rhin, Calvados, C\u00f4te-d&rsquo;Or, Doubs, Essonne, Eure, Eure-et-Loir, Haute-Marne, Haute-Sa\u00f4ne, Haute-Savoie, Haut-Rhin, Hauts-de-Seine, Indre-et-Loire, Jura, Loiret, Loir-et-Cher, Lot, Maine-et-Loire, Marne, Mayenne, Meurthe-et-Moselle, Meuse, Moselle, Ni\u00e8vre, Nord, Oise, Orne, Pas-de-Calais, Sa\u00f4ne-et-Loire, Sarthe, Seine-et-Marne, Seine-Maritime, Seine-Saint-Denis, Somme, TerritoiredeBelfort, Val-de-Marne, Val-d&rsquo;Oise, Vosges, Yonne, Yvelines.<br \/>\n<div id=\"attachment_2640\" style=\"width: 610px\" class=\"wp-caption aligncenter\"><a href=\"https:\/\/www.preservons-la-nature.fr\/blog\/?attachment_id=2640\" rel=\"attachment wp-att-2640\"><img loading=\"lazy\" decoding=\"async\" aria-describedby=\"caption-attachment-2640\" src=\"https:\/\/www.preservons-la-nature.fr\/blog\/wp-content\/uploads\/2014\/02\/carte3.jpg\" alt=\"R\u00e9partition de Cirsium oleraceum (L.) Scop. ( Cirse des maraichers )\" width=\"600\" height=\"600\" class=\"size-full wp-image-2640\" srcset=\"https:\/\/preservons-la-nature.fr\/blog\/wp-content\/uploads\/2014\/02\/carte3.jpg 600w, https:\/\/preservons-la-nature.fr\/blog\/wp-content\/uploads\/2014\/02\/carte3-150x150.jpg 150w, https:\/\/preservons-la-nature.fr\/blog\/wp-content\/uploads\/2014\/02\/carte3-300x300.jpg 300w\" sizes=\"auto, (max-width: 600px) 100vw, 600px\" \/><\/a><p id=\"caption-attachment-2640\" class=\"wp-caption-text\">R\u00e9partition de Cirsium oleraceum (L.) Scop. ( Cirse des maraichers )<\/p><\/div><br \/>\n<span style=\"text-decoration: underline;\">Ecologie :<\/span><br \/>\nOn le retrouve dans les bois humides ou en bordure des cours d&rsquo;eau.<\/p>\n<p><span style=\"text-decoration: underline;\">Phytosociologie :<\/span><i><\/i><\/p>\n<table>\n<tbody>\n<tr>\n<td>Sous-alliance<\/td>\n<td>Alliance<\/td>\n<td>Sous-ordre<\/td>\n<td>Ordre<\/td>\n<td>Classe<\/td>\n<\/tr>\n<tr>\n<td><strong>Alnenion glutinoso-incanae<\/strong><\/td>\n<td><strong>Alnion incanae<\/strong><\/td>\n<td><strong>Alno glutinosae-Ulmenalia minoris<\/strong><\/td>\n<td><strong>Populetalia albae<\/strong><\/td>\n<td><strong>Querco roboris-Fagetea sylvaticae<\/strong><\/td>\n<\/tr>\n<tr>\n<td>Communaut\u00e9s des bords de ruisseaux et torrents, jusqu&rsquo;\u00e0 ceux des rivi\u00e8res \u00e0 eaux lentes.<\/td>\n<td><\/td>\n<td>Communaut\u00e9s de l&rsquo;Europe temp\u00e9r\u00e9e.<\/td>\n<td>Communaut\u00e9s riveraines non mar\u00e9cageuses.<\/td>\n<td>For\u00eats temp\u00e9r\u00e9es caducifoli\u00e9es ou mixtes, collin\u00e9ennes et montagnardes (plus rarement subalpines), ainsi que supram\u00e9diterran\u00e9ennes.<\/td>\n<\/tr>\n<\/tbody>\n<\/table>\n<table>\n<tbody>\n<tr>\n<td>Classe<\/td>\n<\/tr>\n<tr>\n<td><strong>Alnetea glutinosae<\/strong><\/td>\n<\/tr>\n<tr>\n<td>For\u00eats d&rsquo;aulnes, parfois de bouleaux ou de saules des d\u00e9pressions mar\u00e9cageuses, sur sol engorg\u00e9 une grande partie de l&rsquo;ann\u00e9e ; Europe temp\u00e9r\u00e9e, aux \u00e9tages planitiaire, collin\u00e9en et montagnard.<\/td>\n<\/tr>\n<\/tbody>\n<\/table>\n<table>\n<tbody>\n<tr>\n<td>Alliance<\/td>\n<td>Ordre<\/td>\n<td>Classe<\/td>\n<\/tr>\n<tr>\n<td><strong>Alnion glutinosae<\/strong><\/td>\n<td><strong>Alnetalia glutinosae<\/strong><\/td>\n<td><strong>Alnetea glutinosae<\/strong><\/td>\n<\/tr>\n<tr>\n<td>Communaut\u00e9s m\u00e9so-eutrophes.<\/td>\n<td>Communaut\u00e9s domin\u00e9es par l&rsquo;aulne glutineux, parfois par le bouleau pubescent.<\/td>\n<td>For\u00eats d&rsquo;aulnes, parfois de bouleaux ou de saules des d\u00e9pressions mar\u00e9cageuses, sur sol engorg\u00e9 une grande partie de l&rsquo;ann\u00e9e ; Europe temp\u00e9r\u00e9e, aux \u00e9tages planitiaire, collin\u00e9en et montagnard.<\/td>\n<\/tr>\n<\/tbody>\n<\/table>\n<table>\n<tbody>\n<tr>\n<td>Alliance<\/td>\n<td>Ordre<\/td>\n<td>Classe<\/td>\n<\/tr>\n<tr>\n<td><strong>Atropion belladonnae<\/strong><\/td>\n<td><strong>Atropetalia belladonnae<\/strong><\/td>\n<td><strong>Epilobietea angustifolii<\/strong><\/td>\n<\/tr>\n<tr>\n<td>Communaut\u00e9s des sols enrichis en azote, souvent sur substrat calcaire.<\/td>\n<td><\/td>\n<td>V\u00e9g\u00e9tation herbac\u00e9e pionni\u00e8re des chablis et des coupes foresti\u00e8res, nitrophile et h\u00e9liophile.<\/td>\n<\/tr>\n<\/tbody>\n<\/table>\n<table>\n<tbody>\n<tr>\n<td>Alliance<\/td>\n<td>Ordre<\/td>\n<td>Classe<\/td>\n<\/tr>\n<tr>\n<td><strong>Impatienti noli-tangere-Stachyion sylvaticae<\/strong><\/td>\n<td><strong>Impatienti noli-tangere-Stachyetalia sylvaticae<\/strong><\/td>\n<td><strong>Galio aparines-Urticetea dioicae<\/strong><\/td>\n<\/tr>\n<tr>\n<td><\/td>\n<td>Communaut\u00e9s de lisi\u00e8res et laies foresti\u00e8res, des sols frais \u00e0 humides.<\/td>\n<td>V\u00e9g\u00e9tation d&rsquo;ourlets nitrophiles des sols plus ou moins humides.<\/td>\n<\/tr>\n<\/tbody>\n<\/table>\n<table>\n<tbody>\n<tr>\n<td>Alliance<\/td>\n<td>Ordre<\/td>\n<td>Classe<\/td>\n<\/tr>\n<tr>\n<td><strong>Thalictro flavi-Filipendulion ulmariae<\/strong><\/td>\n<td><strong>Filipenduletalia ulmariae<\/strong><\/td>\n<td><strong>Filipendulo ulmariae-Convolvuletea sepium<\/strong><\/td>\n<\/tr>\n<tr>\n<td>Communaut\u00e9s planitiaires.<\/td>\n<td>Communaut\u00e9s m\u00e9sotrophes des d\u00e9pressions sujettes \u00e0 inondation phr\u00e9atique, sur sol riche en mati\u00e8re organique.<\/td>\n<td>M\u00e9gaphorbiaies planitiaires \u00e0 montagnardes, m\u00e9so-eutrophes, des stations plus ou moins inondables \u00e0 humides.<\/td>\n<\/tr>\n<\/tbody>\n<\/table>\n<p><span style=\"text-decoration: underline;\">Taxonomie :<\/span><br \/>\n<i>Cirsium oleraceum (L.) Scop.<\/i> a pour synonymes (Informations issues de la BDTFX Version 2.0, <a href=\"http:\/\/www.tela-botanica.org\" target=\"_blank\">Tela Botanica<\/a>) :<i><br \/>\n&#8211; Carduus acanthifolius Lam.<br \/>\n&#8211; Carduus dissectus Vill.<br \/>\n&#8211; Carduus glomeratus Lam.<br \/>\n&#8211; Carduus oleraceus (L.) Vill.<br \/>\n&#8211; Cirsium amplum Gand.<br \/>\n&#8211; Cirsium frayi Gand.<br \/>\n&#8211; Cirsium subalatum Gaudin<br \/>\n&#8211; Cirsium variabile Moench<br \/>\n&#8211; Cnicus oleraceus L.<br \/>\n&#8211; Cnicus pratensis Lam.<br \/>\n&#8211; Cynara colorata Stokes<br \/>\n&#8211; Onotrophe oleracea (L.) Cass.<br \/>\n&#8211; Serratula oleracea (L.) Neck.<br \/>\n<\/i><\/p>\n","protected":false},"excerpt":{"rendered":"<p>Une fiche plus r&eacute;cente existe, vous pouvez la consulter ICI Nom : Cirsium oleraceum (L.) Scop. ( Cirse des maraichers ) Autre(s) nom(s) : Chardon des potagers. Famille : ASTERACEAE Floraison : Juin &#8211; Septembre Forme biologique : H\u00e9micryptophyte. Description &hellip; <a href=\"https:\/\/preservons-la-nature.fr\/blog\/?p=2567\">Continuer la lecture <span class=\"meta-nav\">&rarr;<\/span><\/a><\/p>\n","protected":false},"author":1,"featured_media":0,"comment_status":"open","ping_status":"open","sticky":false,"template":"","format":"standard","meta":{"footnotes":""},"categories":[102],"tags":[48],"class_list":["post-2567","post","type-post","status-publish","format-standard","hentry","category-fiche-partielle-de-plantes","tag-asteracees"],"_links":{"self":[{"href":"https:\/\/preservons-la-nature.fr\/blog\/index.php?rest_route=\/wp\/v2\/posts\/2567","targetHints":{"allow":["GET"]}}],"collection":[{"href":"https:\/\/preservons-la-nature.fr\/blog\/index.php?rest_route=\/wp\/v2\/posts"}],"about":[{"href":"https:\/\/preservons-la-nature.fr\/blog\/index.php?rest_route=\/wp\/v2\/types\/post"}],"author":[{"embeddable":true,"href":"https:\/\/preservons-la-nature.fr\/blog\/index.php?rest_route=\/wp\/v2\/users\/1"}],"replies":[{"embeddable":true,"href":"https:\/\/preservons-la-nature.fr\/blog\/index.php?rest_route=%2Fwp%2Fv2%2Fcomments&post=2567"}],"version-history":[{"count":3,"href":"https:\/\/preservons-la-nature.fr\/blog\/index.php?rest_route=\/wp\/v2\/posts\/2567\/revisions"}],"predecessor-version":[{"id":2642,"href":"https:\/\/preservons-la-nature.fr\/blog\/index.php?rest_route=\/wp\/v2\/posts\/2567\/revisions\/2642"}],"wp:attachment":[{"href":"https:\/\/preservons-la-nature.fr\/blog\/index.php?rest_route=%2Fwp%2Fv2%2Fmedia&parent=2567"}],"wp:term":[{"taxonomy":"category","embeddable":true,"href":"https:\/\/preservons-la-nature.fr\/blog\/index.php?rest_route=%2Fwp%2Fv2%2Fcategories&post=2567"},{"taxonomy":"post_tag","embeddable":true,"href":"https:\/\/preservons-la-nature.fr\/blog\/index.php?rest_route=%2Fwp%2Fv2%2Ftags&post=2567"}],"curies":[{"name":"wp","href":"https:\/\/api.w.org\/{rel}","templated":true}]}}