{"id":2564,"date":"2014-02-13T00:50:38","date_gmt":"2014-02-12T23:50:38","guid":{"rendered":"https:\/\/www.preservons-la-nature.fr\/blog\/?p=2564"},"modified":"2014-10-29T12:38:12","modified_gmt":"2014-10-29T11:38:12","slug":"achillea-ptarmica-l-achillee-sternutatoire","status":"publish","type":"post","link":"https:\/\/preservons-la-nature.fr\/blog\/?p=2564","title":{"rendered":"Achillea ptarmica L. ( Achill\u00e9e sternutatoire )"},"content":{"rendered":"<p><STRONG>Une fiche plus r&eacute;cente existe, vous pouvez la consulter <a href=\"https:\/\/www.preservons-la-nature.fr\/flore\/taxon\/23.html\">ICI<\/a><\/STRONG><\/p>\n<div id=\"attachment_2565\" style=\"width: 650px\" class=\"wp-caption aligncenter\"><a href=\"https:\/\/www.preservons-la-nature.fr\/blog\/wp-content\/uploads\/2014\/02\/DSC0351.jpg\"><img loading=\"lazy\" decoding=\"async\" aria-describedby=\"caption-attachment-2565\" class=\" wp-image-2565 \" title=\"Achillea ptarmica L. ( Achill\u00e9e sternutatoire )\" alt=\"Achillea ptarmica L. ( Achill\u00e9e sternutatoire )\" src=\"https:\/\/www.preservons-la-nature.fr\/blog\/wp-content\/uploads\/2014\/02\/DSC0351.jpg\" width=\"640\" height=\"426\" srcset=\"https:\/\/preservons-la-nature.fr\/blog\/wp-content\/uploads\/2014\/02\/DSC0351.jpg 800w, https:\/\/preservons-la-nature.fr\/blog\/wp-content\/uploads\/2014\/02\/DSC0351-300x199.jpg 300w\" sizes=\"auto, (max-width: 640px) 100vw, 640px\" \/><\/a><p id=\"caption-attachment-2565\" class=\"wp-caption-text\">Achillea ptarmica L. ( Achill\u00e9e sternutatoire )<\/p><\/div>\n<p><span style=\"text-decoration: underline;\">Nom :<\/span> <i>Achillea ptarmica L.<\/i> ( Achill\u00e9e sternutatoire )<\/p>\n<p><span style=\"text-decoration: underline;\">Autre(s) nom(s) :<\/span><br \/>\nHerbe \u00e0 \u00e9ternuer.<\/p>\n<p><span style=\"text-decoration: underline;\">Famille :<\/span> ASTERACEAE<\/p>\n<p><span style=\"text-decoration: underline;\">Floraison :<\/span> Juillet &#8211; Octobre<\/p>\n<p><span style=\"text-decoration: underline;\">Forme biologique :<\/span><br \/>\nH\u00e9micryptophyte.<\/p>\n<p><span style=\"text-decoration: underline;\">Protection :<\/span><br \/>\n&#8211; Liste des esp\u00e8ces v\u00e9g\u00e9tales prot\u00e9g\u00e9es en r\u00e9gion Nord-Pas-de-Calais Article 1 (1991)<\/p>\n<p><span style=\"text-decoration: underline;\">Description dans la flore de Coste :<\/span><br \/>\nPlante vivace \u00e0 racine rampante ; tige de 3-6 dm, dress\u00e9e, raide, rameuse sup\u00e9rieurement, stri\u00e9e, glabre ou pubescente dans le haut ; feuilles raides, glabres ou presque glabres, non ponctu\u00e9es, sessiles, tr\u00e8s allong\u00e9es, lin\u00e9aires-lanc\u00e9ol\u00e9es, r\u00e9guli\u00e8rement att\u00e9nu\u00e9es de la base au sommet, aigu\u00ebs, tr\u00e8s finement dent\u00e9es en scie, \u00e0 dents tr\u00e8s rapproch\u00e9es, mucron\u00e9es, cartilagineuses ; involucre h\u00e9misph\u00e9rique, velu, \u00e0 \u00e9cailles pourvues d&rsquo;une marge bleu\u00e2tre ; capitules larges de 15 mm de diam\u00e8tre environ, longuement p\u00e9dicell\u00e9s en corymbe l\u00e2che ; fleurs blanches, \u00e0 ligules \u00e9galant au moins la longueur de l&rsquo;involucre.<\/p>\n<p><span style=\"text-decoration: underline;\">Usages \/ particularit\u00e9s :<\/span><br \/>\nLa plante dessech\u00e9e provoque l&rsquo;\u00e9ternuement d&rsquo;o\u00f9 son nom. Le rhizome \u00e9tait utilis\u00e9 contre les rhumatismes et les maux de dents.<\/p>\n<p><span style=\"text-decoration: underline;\">R\u00e9partition fran\u00e7aise :<\/span><br \/>\nElle est pr\u00e9sente un peu partout en France sauf en r\u00e9gion m\u00e9diterran\u00e9enne.<\/p>\n<p><span style=\"text-decoration: underline;\">Pr\u00e9sent dans le(s) d\u00e9partement(s) suivant(s) :<\/span><br \/>\nAin, Aisne, Allier, Alpes-de-Haute-Provence, Alpes-Maritimes, Ardennes, Ari\u00e8ge, Aube, Aveyron, Bas-Rhin, Calvados, Cantal, Charente, Charente-Maritime, Cher, Corr\u00e8ze, C\u00f4te-d&rsquo;Or, C\u00f4tes-d&rsquo;Armor, Creuse, Deux-S\u00e8vres, Doubs, Dr\u00f4me, Essonne, Eure, Eure-et-Loir, Finist\u00e8re, Gironde, Haute-Loire, Haute-Marne, Hautes-Alpes, Haute-Sa\u00f4ne, Hautes-Pyr\u00e9n\u00e9es, Haute-Vienne, Haut-Rhin, Ille-et-Vilaine, Indre, Indre-et-Loire, Is\u00e8re, Jura, Loire-Atlantique, Loiret, Loir-et-Cher, Lot, Loz\u00e8re, Maine-et-Loire, Manche, Marne, Mayenne, Meurthe-et-Moselle, Meuse, Morbihan, Moselle, Ni\u00e8vre, Nord, Oise, Orne, Pas-de-Calais, Puy-de-D\u00f4me, Pyr\u00e9n\u00e9es-Orientales, Sa\u00f4ne-et-Loire, Sarthe, Seine-et-Marne, Seine-Maritime, Seine-Saint-Denis, Somme, Tarn-et-Garonne, TerritoiredeBelfort, Val-de-Marne, Val-d&rsquo;Oise, Var, Vaucluse, Vend\u00e9e, Vienne, Vosges, Yonne, Yvelines.<br \/>\n<div id=\"attachment_2623\" style=\"width: 610px\" class=\"wp-caption aligncenter\"><a href=\"https:\/\/www.preservons-la-nature.fr\/blog\/?attachment_id=2623\" rel=\"attachment wp-att-2623\"><img loading=\"lazy\" decoding=\"async\" aria-describedby=\"caption-attachment-2623\" src=\"https:\/\/www.preservons-la-nature.fr\/blog\/wp-content\/uploads\/2014\/02\/carte.jpg\" alt=\"Achillea ptarmica L.\" width=\"600\" height=\"600\" class=\"size-full wp-image-2623\" srcset=\"https:\/\/preservons-la-nature.fr\/blog\/wp-content\/uploads\/2014\/02\/carte.jpg 600w, https:\/\/preservons-la-nature.fr\/blog\/wp-content\/uploads\/2014\/02\/carte-150x150.jpg 150w, https:\/\/preservons-la-nature.fr\/blog\/wp-content\/uploads\/2014\/02\/carte-300x300.jpg 300w\" sizes=\"auto, (max-width: 600px) 100vw, 600px\" \/><\/a><p id=\"caption-attachment-2623\" class=\"wp-caption-text\">Achillea ptarmica L.<\/p><\/div><br \/>\n<span style=\"text-decoration: underline;\">Ecologie :<\/span><br \/>\nElle affectionne les milieux humides. Elle se retrouve dans des pr\u00e9s de fauche, parfois dans les foss\u00e9s.<\/p>\n<p><span style=\"text-decoration: underline;\">Phytosociologie :<\/span><i><\/i><\/p>\n<table>\n<tbody>\n<tr>\n<td>Alliance<\/td>\n<td>Ordre<\/td>\n<td>Classe<\/td>\n<\/tr>\n<tr>\n<td><strong>Bromion racemosi<\/strong><\/td>\n<td><strong>Potentillo anserinae-Polygonetalia avicularis<\/strong><\/td>\n<td><strong>Agrostietea stoloniferae<\/strong><\/td>\n<\/tr>\n<tr>\n<td>Communaut\u00e9s fauch\u00e9es atlantiques \u00e0 pr\u00e9continentales, surtout m\u00e9sotrophes.<\/td>\n<td>Prairies eurosib\u00e9riennes subissant des inondations de courte dur\u00e9e.<\/td>\n<td>V\u00e9g\u00e9tation prairiale des sols engorg\u00e9s ou inondables, essentiellement min\u00e9raux, m\u00e9sotrophes \u00e0 eutrophes.<\/td>\n<\/tr>\n<\/tbody>\n<\/table>\n<table>\n<tbody>\n<tr>\n<td>Ordre<\/td>\n<td>Classe<\/td>\n<\/tr>\n<tr>\n<td><strong>Filipenduletalia ulmariae<\/strong><\/td>\n<td><strong>Filipendulo ulmariae-Convolvuletea sepium<\/strong><\/td>\n<\/tr>\n<tr>\n<td>Communaut\u00e9s m\u00e9sotrophes des d\u00e9pressions sujettes \u00e0 inondation phr\u00e9atique, sur sol riche en mati\u00e8re organique.<\/td>\n<td>M\u00e9gaphorbiaies planitiaires \u00e0 montagnardes, m\u00e9so-eutrophes, des stations plus ou moins inondables \u00e0 humides.<\/td>\n<\/tr>\n<\/tbody>\n<\/table>\n<table>\n<tbody>\n<tr>\n<td>Alliance<\/td>\n<td>Ordre<\/td>\n<td>Classe<\/td>\n<\/tr>\n<tr>\n<td><strong>Magnocaricion elatae<\/strong><\/td>\n<td><strong>Magnocaricetalia elatae<\/strong><\/td>\n<td><strong>Phragmiti australis-Magnocaricetea elatae<\/strong><\/td>\n<\/tr>\n<tr>\n<td>Communaut\u00e9s des sols m\u00e9sotrophes \u00e0 dystrophes, souvent tourbeux.<\/td>\n<td>Communaut\u00e9s des sols riches en mati\u00e8re organique, \u00e0 \u00e9l\u00e9ments fins, m\u00e9sotrophes \u00e0 eutrophes, \u00e0 inondation moins prolong\u00e9e.<\/td>\n<td>V\u00e9g\u00e9tation des bords d&rsquo;\u00e9tangs, lacs, rivi\u00e8res et marais sur sol m\u00e9sotrophe \u00e0 eutrophe, parfois tourbeux.<\/td>\n<\/tr>\n<\/tbody>\n<\/table>\n<table>\n<tbody>\n<tr>\n<td>Ordre<\/td>\n<td>Classe<\/td>\n<\/tr>\n<tr>\n<td><strong>Molinietalia caeruleae<\/strong><\/td>\n<td><strong>Molinio caeruleae-Juncetea acutiflori<\/strong><\/td>\n<\/tr>\n<tr>\n<td>Communaut\u00e9s non m\u00e9diterran\u00e9ennes sur sols tourbeux \u00e0 paratourbeux.<\/td>\n<td>Prairies hygrophiles \u00e0 m\u00e9sohygrophiles, sur sol oligotrophe \u00e0 m\u00e9sotrophe.<\/td>\n<\/tr>\n<\/tbody>\n<\/table>\n<table>\n<tbody>\n<tr>\n<td>Alliance<\/td>\n<td>Ordre<\/td>\n<td>Classe<\/td>\n<\/tr>\n<tr>\n<td><strong>Molinion caeruleae<\/strong><\/td>\n<td><strong>Molinietalia caeruleae<\/strong><\/td>\n<td><strong>Molinio caeruleae-Juncetea acutiflori<\/strong><\/td>\n<\/tr>\n<tr>\n<td>Communaut\u00e9s sur sol paratourbeux basique, oligotrophe.<\/td>\n<td>Communaut\u00e9s non m\u00e9diterran\u00e9ennes sur sols tourbeux \u00e0 paratourbeux.<\/td>\n<td>Prairies hygrophiles \u00e0 m\u00e9sohygrophiles, sur sol oligotrophe \u00e0 m\u00e9sotrophe.<\/td>\n<\/tr>\n<\/tbody>\n<\/table>\n<p><span style=\"text-decoration: underline;\">Taxonomie :<\/span><br \/>\n<i>Achillea ptarmica L.<\/i> a pour synonymes (Informations issues de la BDTFX Version 2.0, <a href=\"http:\/\/www.tela-botanica.org\" target=\"_blank\">Tela Botanica<\/a>) :<i><br \/>\n&#8211; Achillea gerberi M.Bieb.<br \/>\n&#8211; Achillea sylvestris Gray<br \/>\n&#8211; Chamaemelum ptarmica (L.) E.H.L.Krause<br \/>\n&#8211; Ptarmica grandiflora DC.<br \/>\n&#8211; Ptarmica integrifolia Gilib.<br \/>\n&#8211; Ptarmica vulgaris DC.<br \/>\n&#8211; Santolina ptarmica (L.) Baill.<br \/>\n<\/i><br \/>\n<span style=\"text-decoration: underline;\">Sous-esp\u00e8ces ou vari\u00e9t\u00e9s :<\/span><br \/>\n<i>&#8211; Achillea ptarmica L. subsp. ptarmica<br \/>\n&#8211; Achillea ptarmica subsp. pyrenaica (Sibth. ex Godr.) Heimerl<br \/>\n<\/i><\/p>\n","protected":false},"excerpt":{"rendered":"<p>Une fiche plus r&eacute;cente existe, vous pouvez la consulter ICI Nom : Achillea ptarmica L. ( Achill\u00e9e sternutatoire ) Autre(s) nom(s) : Herbe \u00e0 \u00e9ternuer. Famille : ASTERACEAE Floraison : Juillet &#8211; Octobre Forme biologique : H\u00e9micryptophyte. Protection : &#8211; &hellip; <a href=\"https:\/\/preservons-la-nature.fr\/blog\/?p=2564\">Continuer la lecture <span class=\"meta-nav\">&rarr;<\/span><\/a><\/p>\n","protected":false},"author":1,"featured_media":0,"comment_status":"open","ping_status":"open","sticky":false,"template":"","format":"standard","meta":{"footnotes":""},"categories":[102],"tags":[48],"class_list":["post-2564","post","type-post","status-publish","format-standard","hentry","category-fiche-partielle-de-plantes","tag-asteracees"],"_links":{"self":[{"href":"https:\/\/preservons-la-nature.fr\/blog\/index.php?rest_route=\/wp\/v2\/posts\/2564","targetHints":{"allow":["GET"]}}],"collection":[{"href":"https:\/\/preservons-la-nature.fr\/blog\/index.php?rest_route=\/wp\/v2\/posts"}],"about":[{"href":"https:\/\/preservons-la-nature.fr\/blog\/index.php?rest_route=\/wp\/v2\/types\/post"}],"author":[{"embeddable":true,"href":"https:\/\/preservons-la-nature.fr\/blog\/index.php?rest_route=\/wp\/v2\/users\/1"}],"replies":[{"embeddable":true,"href":"https:\/\/preservons-la-nature.fr\/blog\/index.php?rest_route=%2Fwp%2Fv2%2Fcomments&post=2564"}],"version-history":[{"count":5,"href":"https:\/\/preservons-la-nature.fr\/blog\/index.php?rest_route=\/wp\/v2\/posts\/2564\/revisions"}],"predecessor-version":[{"id":4117,"href":"https:\/\/preservons-la-nature.fr\/blog\/index.php?rest_route=\/wp\/v2\/posts\/2564\/revisions\/4117"}],"wp:attachment":[{"href":"https:\/\/preservons-la-nature.fr\/blog\/index.php?rest_route=%2Fwp%2Fv2%2Fmedia&parent=2564"}],"wp:term":[{"taxonomy":"category","embeddable":true,"href":"https:\/\/preservons-la-nature.fr\/blog\/index.php?rest_route=%2Fwp%2Fv2%2Fcategories&post=2564"},{"taxonomy":"post_tag","embeddable":true,"href":"https:\/\/preservons-la-nature.fr\/blog\/index.php?rest_route=%2Fwp%2Fv2%2Ftags&post=2564"}],"curies":[{"name":"wp","href":"https:\/\/api.w.org\/{rel}","templated":true}]}}