{"id":2552,"date":"2014-02-10T00:16:38","date_gmt":"2014-02-09T23:16:38","guid":{"rendered":"https:\/\/www.preservons-la-nature.fr\/blog\/?p=2552"},"modified":"2014-02-09T16:18:30","modified_gmt":"2014-02-09T15:18:30","slug":"cirsium-arvense-l-scop-cirse-des-champs","status":"publish","type":"post","link":"https:\/\/preservons-la-nature.fr\/blog\/?p=2552","title":{"rendered":"Cirsium arvense (L.) Scop. ( Cirse des champs )"},"content":{"rendered":"<p><STRONG>Une fiche plus r&eacute;cente existe, vous pouvez la consulter <a href=\"https:\/\/www.preservons-la-nature.fr\/flore\/taxon\/268.html\">ICI<\/a><\/STRONG><div id=\"attachment_2553\" style=\"width: 370px\" class=\"wp-caption aligncenter\"><a href=\"https:\/\/www.preservons-la-nature.fr\/blog\/wp-content\/uploads\/2014\/02\/DSC06100.jpg\"><img loading=\"lazy\" decoding=\"async\" aria-describedby=\"caption-attachment-2553\" class=\" wp-image-2553 \" title=\"Cirsium arvense (L.) Scop. ( Cirse des champs )\" alt=\"Cirsium arvense (L.) Scop. ( Cirse des champs )\" src=\"https:\/\/www.preservons-la-nature.fr\/blog\/wp-content\/uploads\/2014\/02\/DSC06100.jpg\" width=\"360\" height=\"540\" srcset=\"https:\/\/preservons-la-nature.fr\/blog\/wp-content\/uploads\/2014\/02\/DSC06100.jpg 400w, https:\/\/preservons-la-nature.fr\/blog\/wp-content\/uploads\/2014\/02\/DSC06100-200x300.jpg 200w\" sizes=\"auto, (max-width: 360px) 100vw, 360px\" \/><\/a><p id=\"caption-attachment-2553\" class=\"wp-caption-text\">Cirsium arvense (L.) Scop. ( Cirse des champs )<\/p><\/div><\/p>\n<p><span style=\"text-decoration: underline;\">Nom :<\/span> <i>Cirsium arvense (L.) Scop.<\/i> ( Cirse des champs )<\/p>\n<p><span style=\"text-decoration: underline;\">Autre(s) nom(s) :<\/span><br \/>\nChardon des champs.<\/p>\n<p><span style=\"text-decoration: underline;\">Famille :<\/span> ASTERACEAE<\/p>\n<p><span style=\"text-decoration: underline;\">Floraison :<\/span> Juin &#8211; Septembre<\/p>\n<p><span style=\"text-decoration: underline;\">Forme biologique :<\/span><br \/>\nG\u00e9ophyte rhizomateux.<\/p>\n<p><span style=\"text-decoration: underline;\">Description dans la flore de Coste :<\/span><br \/>\nPlante vivace de 5-10 dm, dress\u00e9e, rameuse sup\u00e9rieurement, non ail\u00e9e, glabre ou presque glabre ; feuilles caulinaires sessiles, quelquefois l\u00e9g\u00e8rement d\u00e9currentes, blanch\u00e2tres-aran\u00e9euses en dessous ou vertes et glabres sur les deux faces, oblongues-lanc\u00e9ol\u00e9es, pennatifides ou pennatipartites, \u00e0 bords cili\u00e9s-\u00e9pineux ; involucre ovo\u00efde ou subcylindrique, glabre ou \u00e0 peu pr\u00e8s, \u00e0 folioles moyennes et ext\u00e9rieures lanc\u00e9ol\u00e9es, aigu\u00ebs, dress\u00e9es, \u00e0 pointe un peu \u00e9tal\u00e9e ; capitules petites, unisexu\u00e9s, en panicule corymbiforme, fleurs purpurines.<\/p>\n<p><span style=\"text-decoration: underline;\">R\u00e9partition fran\u00e7aise :<\/span><br \/>\nChamps, lieux incultes dans toute la France, Corse. &#8211; Presque toute l&rsquo;Europe, Asie Mineure, Sib\u00e9rie, Chine, Japon. = Juillet-septembre.<\/p>\n<p><span style=\"text-decoration: underline;\">Pr\u00e9sent dans le(s) d\u00e9partement(s) suivant(s) :<\/span><br \/>\nAin, Aisne, Allier, Alpes-de-Haute-Provence, Alpes-Maritimes, Ardennes, Aube, Aude, Aveyron, Bas-Rhin, Bouches-du-Rh\u00f4ne, Calvados, Cantal, Charente, Charente-Maritime, Cher, Corr\u00e8ze, C\u00f4te-d&rsquo;Or, C\u00f4tes-d&rsquo;Armor, Creuse, Deux-S\u00e8vres, Dordogne, Doubs, Dr\u00f4me, Essonne, Eure, Eure-et-Loir, Finist\u00e8re, Gironde, Haute-Corse, Haute-Garonne, Haute-Loire, Haute-Marne, Hautes-Alpes, Haute-Sa\u00f4ne, Haute-Savoie, Haute-Vienne, Haut-Rhin, Hauts-de-Seine, Ille-et-Vilaine, Indre, Indre-et-Loire, Is\u00e8re, Jura, Loire-Atlantique, Loiret, Loir-et-Cher, Lot, Lot-et-Garonne, Loz\u00e8re, Maine-et-Loire, Manche, Marne, Mayenne, Meurthe-et-Moselle, Meuse, Morbihan, Moselle, Ni\u00e8vre, Nord, Oise, Orne, Paris, Pas-de-Calais, Puy-de-D\u00f4me, Pyr\u00e9n\u00e9es-Atlantiques, Pyr\u00e9n\u00e9es-Orientales, Sa\u00f4ne-et-Loire, Sarthe, Seine-et-Marne, Seine-Maritime, Seine-Saint-Denis, Somme, Tarn-et-Garonne, TerritoiredeBelfort, Val-de-Marne, Val-d&rsquo;Oise, Var, Vaucluse, Vend\u00e9e, Vienne, Vosges, Yonne, Yvelines.<\/p>\n<p><span style=\"text-decoration: underline;\">Ecologie :<\/span><br \/>\nOn retrouve l&rsquo;esp\u00e8ce dans les friches, les bords des chemins, les bords des rivi\u00e8res.<\/p>\n<p><span style=\"text-decoration: underline;\">Phytosociologie :<\/span><i><\/i><\/p>\n<table>\n<tbody>\n<tr>\n<td>Classe<\/td>\n<\/tr>\n<tr>\n<td><strong>Agropyretea pungentis<\/strong><\/td>\n<\/tr>\n<tr>\n<td>V\u00e9g\u00e9tation vivace gramin\u00e9enne, x\u00e9rophile et semi-rud\u00e9rale, surtout sur sables, limons et substrats calcaires, \u00e0 distribution europ\u00e9enne et ouest-sib\u00e9rienne.<\/td>\n<\/tr>\n<\/tbody>\n<\/table>\n<table>\n<tbody>\n<tr>\n<td>Classe<\/td>\n<\/tr>\n<tr>\n<td><strong>Artemisietea vulgaris<\/strong><\/td>\n<\/tr>\n<tr>\n<td>V\u00e9g\u00e9tation rud\u00e9rale, anthropog\u00e8ne, nitrophile \u00e0 dominance d\u2019esp\u00e8ces vivaces, eurosib\u00e9rienne et m\u00e9diterran\u00e9enne.<\/td>\n<\/tr>\n<\/tbody>\n<\/table>\n<table>\n<tbody>\n<tr>\n<td>Ordre<\/td>\n<td>Classe<\/td>\n<\/tr>\n<tr>\n<td><strong>Atropetalia belladonnae<\/strong><\/td>\n<td><strong>Epilobietea angustifolii<\/strong><\/td>\n<\/tr>\n<tr>\n<td><\/td>\n<td>V\u00e9g\u00e9tation herbac\u00e9e pionni\u00e8re des chablis et des coupes foresti\u00e8res, nitrophile et h\u00e9liophile.<\/td>\n<\/tr>\n<\/tbody>\n<\/table>\n<table>\n<tbody>\n<tr>\n<td>Classe<\/td>\n<\/tr>\n<tr>\n<td><strong>Galio aparines-Urticetea dioicae<\/strong><\/td>\n<\/tr>\n<tr>\n<td>V\u00e9g\u00e9tation d&rsquo;ourlets nitrophiles des sols plus ou moins humides.<\/td>\n<\/tr>\n<\/tbody>\n<\/table>\n<table>\n<tbody>\n<tr>\n<td>Classe<\/td>\n<\/tr>\n<tr>\n<td><strong>Stellarietea mediae<\/strong><\/td>\n<\/tr>\n<tr>\n<td>V\u00e9g\u00e9tation annuelle, nitrophile, commensale des cultures annuelles ou sarcl\u00e9es.<\/td>\n<\/tr>\n<\/tbody>\n<\/table>\n<p><span style=\"text-decoration: underline;\">Taxonomie :<\/span><br \/>\n<i>Cirsium arvense (L.) Scop.<\/i> a pour synonymes (Informations issues de la BDTFX Version 2.0, <a href=\"http:\/\/www.tela-botanica.org\" target=\"_blank\">Tela Botanica<\/a>) :<i><br \/>\n&#8211; Breea arvensis (L.) Less.<br \/>\n&#8211; Carduus arvensis (L.) Robson<br \/>\n&#8211; Carduus serratuloides Neck.<br \/>\n&#8211; Cephalonoplos arvensis (L.) Fourr.<br \/>\n&#8211; Cephalonoplos setosa (Willd.) Kitam.<br \/>\n&#8211; Cirsium argunense DC.<br \/>\n&#8211; Cirsium arvense var. mite Wimm. &amp; Grab.<br \/>\n&#8211; Cirsium benearnense Gand.<br \/>\n&#8211; Cirsium calopodum Gand.<br \/>\n&#8211; Cirsium dioicum Cass.<br \/>\n&#8211; Cirsium eliasii Sennen &amp; Pau ex Sennen<br \/>\n&#8211; Cirsium hygrogenes Gand.<br \/>\n&#8211; Cirsium laevigatum Tausch<br \/>\n&#8211; Cirsium lanigerum N\u00e4geli<br \/>\n&#8211; Cirsium serratuloides Neck.<br \/>\n&#8211; Cirsium stocksii Boiss.<br \/>\n&#8211; Cirsium sublaeve Gand.<br \/>\n&#8211; Cnicus arvensis (L.) P.Gaertn., B.Mey. &amp; Scherb.<br \/>\n&#8211; Cnicus arvensis subsp. microstylon (Rchb.) Arcang.<br \/>\n&#8211; Cynara repens Stokes<br \/>\n&#8211; Ixine arvensis (L.) Hill<br \/>\n&#8211; Serratula arvensis L.<br \/>\n&#8211; Serratula ciliata Vahl<br \/>\n&#8211; Serratula incana S.G.Gmel.<br \/>\n&#8211; Serratula lanata Poir.<br \/>\n&#8211; Serratula setosa Willd.<br \/>\n&#8211; Serratula spinosa Gilib.<br \/>\n<\/i><br \/>\n<span style=\"text-decoration: underline;\">Sous-esp\u00e8ces ou vari\u00e9t\u00e9s :<\/span><br \/>\n<i>&#8211; Cirsium arvense (L.) Scop. var. arvense<br \/>\n&#8211; Cirsium arvense var. alpestre N\u00e4geli<br \/>\n&#8211; Cirsium arvense var. maritimum Fr.<br \/>\n&#8211; Cirsium arvense var. tomentosum Becker<br \/>\n&#8211; Cirsium arvense var. vestitum Wimm. &amp; Grab.<br \/>\n<\/i><\/p>\n","protected":false},"excerpt":{"rendered":"<p>Une fiche plus r&eacute;cente existe, vous pouvez la consulter ICI Nom : Cirsium arvense (L.) Scop. ( Cirse des champs ) Autre(s) nom(s) : Chardon des champs. Famille : ASTERACEAE Floraison : Juin &#8211; Septembre Forme biologique : G\u00e9ophyte rhizomateux. &hellip; <a href=\"https:\/\/preservons-la-nature.fr\/blog\/?p=2552\">Continuer la lecture <span class=\"meta-nav\">&rarr;<\/span><\/a><\/p>\n","protected":false},"author":1,"featured_media":0,"comment_status":"open","ping_status":"open","sticky":false,"template":"","format":"standard","meta":{"footnotes":""},"categories":[102],"tags":[48],"class_list":["post-2552","post","type-post","status-publish","format-standard","hentry","category-fiche-partielle-de-plantes","tag-asteracees"],"_links":{"self":[{"href":"https:\/\/preservons-la-nature.fr\/blog\/index.php?rest_route=\/wp\/v2\/posts\/2552","targetHints":{"allow":["GET"]}}],"collection":[{"href":"https:\/\/preservons-la-nature.fr\/blog\/index.php?rest_route=\/wp\/v2\/posts"}],"about":[{"href":"https:\/\/preservons-la-nature.fr\/blog\/index.php?rest_route=\/wp\/v2\/types\/post"}],"author":[{"embeddable":true,"href":"https:\/\/preservons-la-nature.fr\/blog\/index.php?rest_route=\/wp\/v2\/users\/1"}],"replies":[{"embeddable":true,"href":"https:\/\/preservons-la-nature.fr\/blog\/index.php?rest_route=%2Fwp%2Fv2%2Fcomments&post=2552"}],"version-history":[{"count":1,"href":"https:\/\/preservons-la-nature.fr\/blog\/index.php?rest_route=\/wp\/v2\/posts\/2552\/revisions"}],"predecessor-version":[{"id":2554,"href":"https:\/\/preservons-la-nature.fr\/blog\/index.php?rest_route=\/wp\/v2\/posts\/2552\/revisions\/2554"}],"wp:attachment":[{"href":"https:\/\/preservons-la-nature.fr\/blog\/index.php?rest_route=%2Fwp%2Fv2%2Fmedia&parent=2552"}],"wp:term":[{"taxonomy":"category","embeddable":true,"href":"https:\/\/preservons-la-nature.fr\/blog\/index.php?rest_route=%2Fwp%2Fv2%2Fcategories&post=2552"},{"taxonomy":"post_tag","embeddable":true,"href":"https:\/\/preservons-la-nature.fr\/blog\/index.php?rest_route=%2Fwp%2Fv2%2Ftags&post=2552"}],"curies":[{"name":"wp","href":"https:\/\/api.w.org\/{rel}","templated":true}]}}