{"id":2546,"date":"2014-02-09T00:32:12","date_gmt":"2014-02-08T23:32:12","guid":{"rendered":"https:\/\/www.preservons-la-nature.fr\/blog\/?p=2546"},"modified":"2014-02-08T17:25:22","modified_gmt":"2014-02-08T16:25:22","slug":"dianthus-superbus-l-oeillet-superbe","status":"publish","type":"post","link":"https:\/\/preservons-la-nature.fr\/blog\/?p=2546","title":{"rendered":"Dianthus superbus L. ( Oeillet superbe )"},"content":{"rendered":"<p><STRONG>Une fiche plus r&eacute;cente existe, vous pouvez la consulter <a href=\"https:\/\/www.preservons-la-nature.fr\/flore\/taxon\/2212.html\">ICI<\/a><\/STRONG><div id=\"attachment_2547\" style=\"width: 370px\" class=\"wp-caption aligncenter\"><a href=\"https:\/\/www.preservons-la-nature.fr\/blog\/wp-content\/uploads\/2014\/02\/DSC05121.jpg\"><img loading=\"lazy\" decoding=\"async\" aria-describedby=\"caption-attachment-2547\" class=\" wp-image-2547 \" title=\"Dianthus superbus L. ( Oeillet superbe )\" alt=\"Dianthus superbus L. ( Oeillet superbe )\" src=\"https:\/\/www.preservons-la-nature.fr\/blog\/wp-content\/uploads\/2014\/02\/DSC05121.jpg\" width=\"360\" height=\"540\" srcset=\"https:\/\/preservons-la-nature.fr\/blog\/wp-content\/uploads\/2014\/02\/DSC05121.jpg 400w, https:\/\/preservons-la-nature.fr\/blog\/wp-content\/uploads\/2014\/02\/DSC05121-200x300.jpg 200w\" sizes=\"auto, (max-width: 360px) 100vw, 360px\" \/><\/a><p id=\"caption-attachment-2547\" class=\"wp-caption-text\">Dianthus superbus L. ( Oeillet superbe )<\/p><\/div><br \/>\n<span style=\"text-decoration: underline;\">Nom :<\/span> <i>Dianthus superbus L.<\/i> ( Oeillet superbe )<\/p>\n<p><span style=\"text-decoration: underline;\">Autre(s) nom(s) :<\/span><br \/>\nMignardise des pr\u00e9s, Oeillet \u00e0 plumet, Oeillet magnifique.<\/p>\n<p><span style=\"text-decoration: underline;\">Famille :<\/span> CARYOPHYLLACEAE<\/p>\n<p><span style=\"text-decoration: underline;\">Floraison :<\/span> Juin &#8211; Novembre<\/p>\n<p><span style=\"text-decoration: underline;\">Forme biologique :<\/span><br \/>\nH\u00e9micryptophyte.<\/p>\n<p><span style=\"text-decoration: underline;\">Protection :<\/span><br \/>\n&#8211; Liste des esp\u00e8ces v\u00e9g\u00e9tales prot\u00e9g\u00e9es sur l&rsquo;ensemble du territoire fran\u00e7ais m\u00e9tropolitain Article 2<br \/>\n&#8211; Liste des esp\u00e8ces v\u00e9g\u00e9tales prot\u00e9g\u00e9es sur l&rsquo;ensemble du territoire fran\u00e7ais m\u00e9tropolitain Article 3<\/p>\n<p><span style=\"text-decoration: underline;\">Description dans la flore de Coste :<\/span><br \/>\nPlante vivace, glabre. Tiges de 30 \u00e0 80 cm, arrondies, rameuses dans le haut. Feuilles molles, lanc\u00e9ol\u00e9es-lin\u00e9aires, aigu\u00ebs, les inf\u00e9rieures subobtuses, \u00e0 3 nervures. Fleurs roses ou lilac\u00e9es, grandes, odorantes, solitaires ou g\u00e9min\u00e9es, en panicule. \u00c9cailles du calicule largement ovales, \u00e0 ar\u00eate \u00e9galant le quart du calice. Calice un peu att\u00e9nu\u00e9 au sommet, stri\u00e9 dans toute sa longueur. P\u00e9tales non contigus, lacini\u00e9s jusqu&rsquo;au-del\u00e0 du milieu en franges capillaires, \u00e0 partie non divis\u00e9e oblongue. Capsule cylindrique.<\/p>\n<p><span style=\"text-decoration: underline;\">Usages \/ particularit\u00e9s :<\/span><br \/>\nDianthus hyssopifolius pr\u00e9sente une ressemblance mais poss\u00e8de des p\u00e9tales plus courts et moins profond\u00e9ment frang\u00e9s.<br \/>\n<div id=\"attachment_2549\" style=\"width: 370px\" class=\"wp-caption aligncenter\"><a href=\"https:\/\/www.preservons-la-nature.fr\/blog\/wp-content\/uploads\/2014\/02\/DSC05577.jpg\"><img loading=\"lazy\" decoding=\"async\" aria-describedby=\"caption-attachment-2549\" class=\" wp-image-2549\" title=\"Dianthus superbus L. ( Oeillet superbe )\" alt=\"Dianthus superbus L. ( Oeillet superbe )\" src=\"https:\/\/www.preservons-la-nature.fr\/blog\/wp-content\/uploads\/2014\/02\/DSC05577.jpg\" width=\"360\" height=\"540\" srcset=\"https:\/\/preservons-la-nature.fr\/blog\/wp-content\/uploads\/2014\/02\/DSC05577.jpg 400w, https:\/\/preservons-la-nature.fr\/blog\/wp-content\/uploads\/2014\/02\/DSC05577-200x300.jpg 200w\" sizes=\"auto, (max-width: 360px) 100vw, 360px\" \/><\/a><p id=\"caption-attachment-2549\" class=\"wp-caption-text\">Dianthus superbus L. ( Oeillet superbe )<\/p><\/div><br \/>\n<span style=\"text-decoration: underline;\">R\u00e9partition fran\u00e7aise :<\/span><br \/>\nElle est en r\u00e9gression dans une grande partie de la France. Elle est absente du Nord, de L&rsquo;Ouest et du littoral m\u00e9diterran\u00e9en.<\/p>\n<p><span style=\"text-decoration: underline;\">Pr\u00e9sent dans le(s) d\u00e9partement(s) suivant(s) :<\/span><br \/>\nAin, Allier, Alpes-de-Haute-Provence, Ard\u00e8che, Ari\u00e8ge, Aveyron, Bas-Rhin, Cantal, Doubs, Dr\u00f4me, Haute-Garonne, Haute-Loire, Haute-Savoie, Hautes-Pyr\u00e9n\u00e9es, Haut-Rhin, Jura, Loire, Loz\u00e8re, Marne, Meurthe-et-Moselle, Moselle, Puy-de-D\u00f4me, Savoie, Seine-et-Marne, Vienne, Vosges.<\/p>\n<p><span style=\"text-decoration: underline;\">R\u00e9partition mondiale :<\/span><br \/>\nEurasiatique<\/p>\n<p><span style=\"text-decoration: underline;\">Ecologie :<\/span><br \/>\nOn retrouve l&rsquo;esp\u00e8ce dans les prairies humides (sous-esp\u00e8ce superbus), sur des sols paratourbeux, mais aussi parfois dans les pin\u00e8des, les ch\u00eanaies-charmaies acidoclines (sous-esp\u00e8ce autumnalis).<\/p>\n<p><span style=\"text-decoration: underline;\">Phytosociologie :<\/span><i><\/i><\/p>\n<table>\n<tbody>\n<tr>\n<td>Alliance<\/td>\n<td>Ordre<\/td>\n<td>Classe<\/td>\n<\/tr>\n<tr>\n<td><strong>Caricion fuscae<\/strong><\/td>\n<td><strong>Caricetalia fuscae<\/strong><\/td>\n<td><strong>Scheuchzerio palustris-Caricetea fuscae<\/strong><\/td>\n<\/tr>\n<tr>\n<td>Communaut\u00e9s sur sol tourbeux \u00e0 paratourbeux, oligotrophe et peu oxyg\u00e9n\u00e9, surtout montagnardes (Vosges, Massif central, Jura, Alpes), rarement planitiaires.<\/td>\n<td>Communaut\u00e9s de bas-marais acidiclines \u00e0 acidiphiles.<\/td>\n<td>V\u00e9g\u00e9tation hygrophile de bas-marais, \u00e0 dominance d\u2019h\u00e9micryptophytes, collin\u00e9enne \u00e0 alpine, sur sol tourbeux, paratourbeux ou min\u00e9ral, oligotrophe \u00e0 m\u00e9sotrophe.<\/td>\n<\/tr>\n<\/tbody>\n<\/table>\n<table>\n<tbody>\n<tr>\n<td>Alliance<\/td>\n<td>Ordre<\/td>\n<td>Classe<\/td>\n<\/tr>\n<tr>\n<td><strong>Geranion sanguinei<\/strong><\/td>\n<td><strong>Origanetalia vulgaris<\/strong><\/td>\n<td><strong>Trifolio medii-Geranietea sanguinei<\/strong><\/td>\n<\/tr>\n<tr>\n<td>Communaut\u00e9s thermophiles, plus ou moins x\u00e9rophiles.<\/td>\n<td><\/td>\n<td>Pelouses pr\u00e9foresti\u00e8res h\u00e9liophiles et ourlets parfois h\u00e9misciaphiles, calcicoles \u00e0 acidiclines.<\/td>\n<\/tr>\n<\/tbody>\n<\/table>\n<table>\n<tbody>\n<tr>\n<td>Alliance<\/td>\n<td>Ordre<\/td>\n<td>Classe<\/td>\n<\/tr>\n<tr>\n<td><strong>Juncion acutiflori<\/strong><\/td>\n<td><strong>Molinietalia caeruleae<\/strong><\/td>\n<td><strong>Molinio caeruleae-Juncetea acutiflori<\/strong><\/td>\n<\/tr>\n<tr>\n<td>Communaut\u00e9s atlantiques \u00e0 montagnardes sur sol m\u00e9sotrophe.<\/td>\n<td>Communaut\u00e9s non m\u00e9diterran\u00e9ennes sur sols tourbeux \u00e0 paratourbeux.<\/td>\n<td>Prairies hygrophiles \u00e0 m\u00e9sohygrophiles, sur sol oligotrophe \u00e0 m\u00e9sotrophe.<\/td>\n<\/tr>\n<\/tbody>\n<\/table>\n<table>\n<tbody>\n<tr>\n<td>Alliance<\/td>\n<td>Ordre<\/td>\n<td>Classe<\/td>\n<\/tr>\n<tr>\n<td><strong>Magnocaricion elatae<\/strong><\/td>\n<td><strong>Magnocaricetalia elatae<\/strong><\/td>\n<td><strong>Phragmiti australis-Magnocaricetea elatae<\/strong><\/td>\n<\/tr>\n<tr>\n<td>Communaut\u00e9s des sols m\u00e9sotrophes \u00e0 dystrophes, souvent tourbeux.<\/td>\n<td>Communaut\u00e9s des sols riches en mati\u00e8re organique, \u00e0 \u00e9l\u00e9ments fins, m\u00e9sotrophes \u00e0 eutrophes, \u00e0 inondation moins prolong\u00e9e.<\/td>\n<td>V\u00e9g\u00e9tation des bords d&rsquo;\u00e9tangs, lacs, rivi\u00e8res et marais sur sol m\u00e9sotrophe \u00e0 eutrophe, parfois tourbeux.<\/td>\n<\/tr>\n<\/tbody>\n<\/table>\n<table>\n<tbody>\n<tr>\n<td>Alliance<\/td>\n<td>Ordre<\/td>\n<td>Classe<\/td>\n<\/tr>\n<tr>\n<td><strong>Molinion caeruleae<\/strong><\/td>\n<td><strong>Molinietalia caeruleae<\/strong><\/td>\n<td><strong>Molinio caeruleae-Juncetea acutiflori<\/strong><\/td>\n<\/tr>\n<tr>\n<td>Communaut\u00e9s sur sol paratourbeux basique, oligotrophe.<\/td>\n<td>Communaut\u00e9s non m\u00e9diterran\u00e9ennes sur sols tourbeux \u00e0 paratourbeux.<\/td>\n<td>Prairies hygrophiles \u00e0 m\u00e9sohygrophiles, sur sol oligotrophe \u00e0 m\u00e9sotrophe.<\/td>\n<\/tr>\n<\/tbody>\n<\/table>\n<table>\n<tbody>\n<tr>\n<td>Alliance<\/td>\n<td>Ordre<\/td>\n<td>Classe<\/td>\n<\/tr>\n<tr>\n<td><strong>Trifolion medii<\/strong><\/td>\n<td><strong>Origanetalia vulgaris<\/strong><\/td>\n<td><strong>Trifolio medii-Geranietea sanguinei<\/strong><\/td>\n<\/tr>\n<tr>\n<td>Communaut\u00e9s x\u00e9roclines \u00e0 m\u00e9sophiles, m\u00e9sothermes.<\/td>\n<td><\/td>\n<td>Pelouses pr\u00e9foresti\u00e8res h\u00e9liophiles et ourlets parfois h\u00e9misciaphiles, calcicoles \u00e0 acidiclines.<\/td>\n<\/tr>\n<\/tbody>\n<\/table>\n<p><span style=\"text-decoration: underline;\">Taxonomie :<\/span><br \/>\n<i>Dianthus superbus L.<\/i> a pour synonymes (Informations issues de la BDTFX Version 2.0, <a href=\"http:\/\/www.tela-botanica.org\" target=\"_blank\">Tela Botanica<\/a>) :<i><br \/>\n&#8211; Caryophyllus superbus (L.) Moench<br \/>\n&#8211; Cylichnanthus plumarius Dulac<br \/>\n&#8211; Dianthus fimbriatus subsp. superbus (L.) Bonnier &amp; Layens<br \/>\n&#8211; Diosanthos superbum (L.) Bubani<br \/>\n&#8211; Silene superba (L.) E.H.L.Krause<br \/>\n<\/i><br \/>\n<span style=\"text-decoration: underline;\">Sous-esp\u00e8ces ou vari\u00e9t\u00e9s :<\/span><br \/>\n<i>&#8211; Dianthus superbus L. subsp. superbus<br \/>\n&#8211; Dianthus superbus subsp. alpestris (Uechtr.) Celak.<br \/>\n&#8211; Dianthus superbus subsp. autumnalis Oberd.<br \/>\n<\/i><\/p>\n<div id=\"attachment_2548\" style=\"width: 650px\" class=\"wp-caption aligncenter\"><a href=\"https:\/\/www.preservons-la-nature.fr\/blog\/wp-content\/uploads\/2014\/02\/DSC05576.jpg\"><img loading=\"lazy\" decoding=\"async\" aria-describedby=\"caption-attachment-2548\" class=\"size-full wp-image-2548\" title=\"Dianthus superbus L. ( Oeillet superbe )\" alt=\"Dianthus superbus L. ( Oeillet superbe )\" src=\"https:\/\/www.preservons-la-nature.fr\/blog\/wp-content\/uploads\/2014\/02\/DSC05576.jpg\" width=\"640\" height=\"426\" srcset=\"https:\/\/preservons-la-nature.fr\/blog\/wp-content\/uploads\/2014\/02\/DSC05576.jpg 800w, https:\/\/preservons-la-nature.fr\/blog\/wp-content\/uploads\/2014\/02\/DSC05576-300x199.jpg 300w\" sizes=\"auto, (max-width: 640px) 100vw, 640px\" \/><\/a><p id=\"caption-attachment-2548\" class=\"wp-caption-text\">Dianthus superbus L. ( Oeillet superbe )<\/p><\/div>\n<p><span style=\"text-decoration: underline;\">Bibliographie :<\/span><\/p>\n<ul>\n<li>Atlas de la flore d&rsquo;Auvergne ; P. Antonetti, E. Brugel, F. Kessler, J-P. Barbe, M. Tort ; Editions Biotope 2006<\/li>\n<li>Atlas de la flore de sauvage de Seine-et-Marne ; S. Filoche, F. Perriat, J. Moret, F. Hendoux ; Librairie des mus\u00e9es 2010<\/li>\n<li>Atlas de la flore sauvage de Bourgogne ; O. Bardet, E. F\u00e9doroff, G. Causse, J. Moret ; Editions Biotope 2008<\/li>\n<li>Catalogue des plantes vasculaires de la cha\u00eene jurassienne ; J-F. Prost ; Soci\u00e9t\u00e9 Linn\u00e9enne de Lyon 2010<\/li>\n<li>Flora alpina ; D. Aeschimann, K. Lauber, D. Martin Moser, J-P. Theurillat ; Editions Belin 2004<\/li>\n<li>Flora Vegetativa ; S. Eggenberg, A. M\u00f6hl ; Rossolis 2008<\/li>\n<li>Flore de France ; H. Coste ; Librairie des sciences et des Arts 1937<\/li>\n<li>Flore d&rsquo;Ile de France ; P. Jauzein, O. Nawrot ; Editions Quae 2011<\/li>\n<li>Flore foresti\u00e8re fran\u00e7aise Tome 1 Plaines et collines ; J-C. Rameau, D. Mansion, G. Dum\u00e9 ; Institut pour le d\u00e9veloppement forestier 2005<\/li>\n<li>Flore foresti\u00e8re fran\u00e7aise Tome 2 Montagnes ; J-C. Rameau, D. Mansion, G. Dum\u00e9 ; Institut pour le d\u00e9veloppement forestier 1993<\/li>\n<li>Guide des plantes prot\u00e9g\u00e9es de Midi-Pyr\u00e9n\u00e9es ; Conservatoire botanique national des Pyr\u00e9n\u00e9es et de Midi-Pyr\u00e9n\u00e9es ; Editions Biotope 2010<\/li>\n<li>La grande flore illustr\u00e9e des Pyr\u00e9n\u00e9es ; M. Saule ; Editions Milan 2005<\/li>\n<li>Les plantes prot\u00e9g\u00e9es de Lorraine, Distribution, \u00e9cologie, conservation ; S. Muller ; Editions Biotope 2006<\/li>\n<li>Plantes et v\u00e9g\u00e9tation en Limousin, atlas de la flore vasculaire ; E. Brugel, L. Brunerye, A. Vilks ; Espaces naturels du Limousin 2001<\/li>\n<\/ul>\n","protected":false},"excerpt":{"rendered":"<p>Une fiche plus r&eacute;cente existe, vous pouvez la consulter ICI Nom : Dianthus superbus L. ( Oeillet superbe ) Autre(s) nom(s) : Mignardise des pr\u00e9s, Oeillet \u00e0 plumet, Oeillet magnifique. Famille : CARYOPHYLLACEAE Floraison : Juin &#8211; Novembre Forme biologique &hellip; <a href=\"https:\/\/preservons-la-nature.fr\/blog\/?p=2546\">Continuer la lecture <span class=\"meta-nav\">&rarr;<\/span><\/a><\/p>\n","protected":false},"author":1,"featured_media":0,"comment_status":"open","ping_status":"open","sticky":false,"template":"","format":"standard","meta":{"footnotes":""},"categories":[87],"tags":[61],"class_list":["post-2546","post","type-post","status-publish","format-standard","hentry","category-ficheplante","tag-caryophyllacees"],"_links":{"self":[{"href":"https:\/\/preservons-la-nature.fr\/blog\/index.php?rest_route=\/wp\/v2\/posts\/2546","targetHints":{"allow":["GET"]}}],"collection":[{"href":"https:\/\/preservons-la-nature.fr\/blog\/index.php?rest_route=\/wp\/v2\/posts"}],"about":[{"href":"https:\/\/preservons-la-nature.fr\/blog\/index.php?rest_route=\/wp\/v2\/types\/post"}],"author":[{"embeddable":true,"href":"https:\/\/preservons-la-nature.fr\/blog\/index.php?rest_route=\/wp\/v2\/users\/1"}],"replies":[{"embeddable":true,"href":"https:\/\/preservons-la-nature.fr\/blog\/index.php?rest_route=%2Fwp%2Fv2%2Fcomments&post=2546"}],"version-history":[{"count":2,"href":"https:\/\/preservons-la-nature.fr\/blog\/index.php?rest_route=\/wp\/v2\/posts\/2546\/revisions"}],"predecessor-version":[{"id":2551,"href":"https:\/\/preservons-la-nature.fr\/blog\/index.php?rest_route=\/wp\/v2\/posts\/2546\/revisions\/2551"}],"wp:attachment":[{"href":"https:\/\/preservons-la-nature.fr\/blog\/index.php?rest_route=%2Fwp%2Fv2%2Fmedia&parent=2546"}],"wp:term":[{"taxonomy":"category","embeddable":true,"href":"https:\/\/preservons-la-nature.fr\/blog\/index.php?rest_route=%2Fwp%2Fv2%2Fcategories&post=2546"},{"taxonomy":"post_tag","embeddable":true,"href":"https:\/\/preservons-la-nature.fr\/blog\/index.php?rest_route=%2Fwp%2Fv2%2Ftags&post=2546"}],"curies":[{"name":"wp","href":"https:\/\/api.w.org\/{rel}","templated":true}]}}