{"id":2539,"date":"2014-02-08T00:34:52","date_gmt":"2014-02-07T23:34:52","guid":{"rendered":"https:\/\/www.preservons-la-nature.fr\/blog\/?p=2539"},"modified":"2014-10-29T12:34:53","modified_gmt":"2014-10-29T11:34:53","slug":"adoxa-moschatellina-l-adoxe-musquee","status":"publish","type":"post","link":"https:\/\/preservons-la-nature.fr\/blog\/?p=2539","title":{"rendered":"Adoxa moschatellina L. ( Adoxe musqu\u00e9e )"},"content":{"rendered":"<p><STRONG>Une fiche plus r&eacute;cente existe, vous pouvez la consulter <a href=\"https:\/\/www.preservons-la-nature.fr\/flore\/taxon\/26.html\">ICI<\/a><\/STRONG><\/p>\n<div id=\"attachment_2540\" style=\"width: 370px\" class=\"wp-caption aligncenter\"><a href=\"https:\/\/www.preservons-la-nature.fr\/blog\/wp-content\/uploads\/2014\/02\/DSC00432.jpg\"><img loading=\"lazy\" decoding=\"async\" aria-describedby=\"caption-attachment-2540\" class=\" wp-image-2540 \" title=\"Adoxa moschatellina L. ( Adoxe musqu\u00e9e )\" alt=\"Adoxa moschatellina L. ( Adoxe musqu\u00e9e )\" src=\"https:\/\/www.preservons-la-nature.fr\/blog\/wp-content\/uploads\/2014\/02\/DSC00432.jpg\" width=\"360\" height=\"540\" srcset=\"https:\/\/preservons-la-nature.fr\/blog\/wp-content\/uploads\/2014\/02\/DSC00432.jpg 400w, https:\/\/preservons-la-nature.fr\/blog\/wp-content\/uploads\/2014\/02\/DSC00432-200x300.jpg 200w\" sizes=\"auto, (max-width: 360px) 100vw, 360px\" \/><\/a><p id=\"caption-attachment-2540\" class=\"wp-caption-text\">Adoxa moschatellina L. ( Adoxe musqu\u00e9e )<\/p><\/div>\n<p><span style=\"text-decoration: underline;\">Nom :<\/span> <i>Adoxa moschatellina L.<\/i> ( Adoxe musqu\u00e9e )<\/p>\n<p><span style=\"text-decoration: underline;\">Autre(s) nom(s) :<\/span><br \/>\nAdoxe, Herbe au musc, Herbe musqu\u00e9e, Moscatelle, Moscatelline, Petite Musqu\u00e9e.<\/p>\n<p><span style=\"text-decoration: underline;\">Famille :<\/span> ADOXACEAE<\/p>\n<p><span style=\"text-decoration: underline;\">Floraison :<\/span> Mars &#8211; Mai<\/p>\n<p><span style=\"text-decoration: underline;\">Forme biologique :<\/span><br \/>\nG\u00e9ophyte rhizomateux.<\/p>\n<p><span style=\"text-decoration: underline;\">Description dans la flore de Coste :<\/span><br \/>\nPlante vivace de 5-15 cm, glabre, d\u00e9licate, \u00e0 souche \u00e9cailleuse, blanch\u00e2tre, munie de rhizomes filiformes ; tige herbac\u00e9e, gr\u00eale, simple, dress\u00e9e, portant 2 feuilles oppos\u00e9es, tern\u00e9es, bri\u00e8vement p\u00e9tiol\u00e9es ; feuilles radicales longuement p\u00e9tiol\u00e9es, bitern\u00e9es, \u00e0 lobes obtus ; fleurs verd\u00e2tres, un peu musqu\u00e9es, 4-6 sessiles en t\u00eate terminale cubique, celle du sommet \u00e0 4, les autres \u00e0 5 divisions ; calice accrescent, \u00e0 2-3 lobes obtus, \u00e9tal\u00e9s ; corolle en roue, \u00e0 4-5 lobes plans ; 4-5 \u00e9tamines, en apparence 8-10, chaque filet \u00e9tant fendu en 2 branches portant chacune une loge de l&rsquo;anth\u00e8re ; 4-5 styles en al\u00eane ; baie globuleuse, verd\u00e2tre, \u00e0 4-5 loges.<\/p>\n<p><span style=\"text-decoration: underline;\">Usages \/ particularit\u00e9s :<\/span><br \/>\nElle aurait \u00e9t\u00e9 utilis\u00e9e en infusion contre l&rsquo;anxi\u00e9t\u00e9.<\/p>\n<p><span style=\"text-decoration: underline;\">R\u00e9partition fran\u00e7aise :<\/span><br \/>\nL&rsquo;esp\u00e8ce est pr\u00e9sente un peu partout en France sauf sur le pourtour m\u00e9diterran\u00e9en, la Bretagne, l&rsquo;Aquitaine.<\/p>\n<p><span style=\"text-decoration: underline;\">Pr\u00e9sent dans le(s) d\u00e9partement(s) suivant(s) :<\/span><br \/>\nAin, Aisne, Allier, Alpes-de-Haute-Provence, Alpes-Maritimes, Ardennes, Aube, Aveyron, Bas-Rhin, Calvados, Cantal, Charente, Cher, Corr\u00e8ze, C\u00f4te-d&rsquo;Or, Creuse, Deux-S\u00e8vres, Dordogne, Doubs, Dr\u00f4me, Essonne, Eure, Eure-et-Loir, Haute-Loire, Haute-Marne, Hautes-Alpes, Haute-Sa\u00f4ne, Hautes-Pyr\u00e9n\u00e9es, Haute-Vienne, Haut-Rhin, Hauts-de-Seine, Ille-et-Vilaine, Indre, Indre-et-Loire, Is\u00e8re, Jura, Loire-Atlantique, Loiret, Loir-et-Cher, Lot, Loz\u00e8re, Maine-et-Loire, Manche, Marne, Mayenne, Meurthe-et-Moselle, Meuse, Moselle, Ni\u00e8vre, Nord, Oise, Orne, Paris, Pas-de-Calais, Puy-de-D\u00f4me, Sa\u00f4ne-et-Loire, Sarthe, Seine-et-Marne, Seine-Maritime, Seine-Saint-Denis, Somme, Tarn-et-Garonne, TerritoiredeBelfort, Val-de-Marne, Val-d&rsquo;Oise, Vend\u00e9e, Vienne, Vosges, Yonne, Yvelines.<\/p>\n<div id=\"attachment_3241\" style=\"width: 610px\" class=\"wp-caption aligncenter\"><a href=\"https:\/\/www.preservons-la-nature.fr\/blog\/?attachment_id=3241\" rel=\"attachment wp-att-3241\"><img loading=\"lazy\" decoding=\"async\" aria-describedby=\"caption-attachment-3241\" class=\"size-full wp-image-3241\" alt=\"R\u00e9partition de Adoxa moschatellina L. ( Adoxe musqu\u00e9e )\" src=\"https:\/\/www.preservons-la-nature.fr\/blog\/wp-content\/uploads\/2014\/02\/carte43.jpg\" width=\"600\" height=\"600\" srcset=\"https:\/\/preservons-la-nature.fr\/blog\/wp-content\/uploads\/2014\/02\/carte43.jpg 600w, https:\/\/preservons-la-nature.fr\/blog\/wp-content\/uploads\/2014\/02\/carte43-150x150.jpg 150w, https:\/\/preservons-la-nature.fr\/blog\/wp-content\/uploads\/2014\/02\/carte43-300x300.jpg 300w\" sizes=\"auto, (max-width: 600px) 100vw, 600px\" \/><\/a><p id=\"caption-attachment-3241\" class=\"wp-caption-text\">R\u00e9partition de Adoxa moschatellina L. ( Adoxe musqu\u00e9e )<\/p><\/div>\n<p><span style=\"text-decoration: underline;\">Ecologie :<\/span><br \/>\nL&rsquo;esp\u00e8ce se trouve dans les bois sur des sols frais riches en base et en azote.<\/p>\n<p><span style=\"text-decoration: underline;\">Phytosociologie :<\/span><i><\/i><\/p>\n<table>\n<tbody>\n<tr>\n<td>Alliance<\/td>\n<td>Sous-ordre<\/td>\n<td>Ordre<\/td>\n<td>Classe<\/td>\n<\/tr>\n<tr>\n<td><strong>Alnion incanae<\/strong><\/td>\n<td><strong>Alno glutinosae-Ulmenalia minoris<\/strong><\/td>\n<td><strong>Populetalia albae<\/strong><\/td>\n<td><strong>Querco roboris-Fagetea sylvaticae<\/strong><\/td>\n<\/tr>\n<tr>\n<td><\/td>\n<td>Communaut\u00e9s de l&rsquo;Europe temp\u00e9r\u00e9e.<\/td>\n<td>Communaut\u00e9s riveraines non mar\u00e9cageuses.<\/td>\n<td>For\u00eats temp\u00e9r\u00e9es caducifoli\u00e9es ou mixtes, collin\u00e9ennes et montagnardes (plus rarement subalpines), ainsi que supram\u00e9diterran\u00e9ennes.<\/td>\n<\/tr>\n<\/tbody>\n<\/table>\n<table>\n<tbody>\n<tr>\n<td>Alliance<\/td>\n<td>Sous-ordre<\/td>\n<td>Ordre<\/td>\n<td>Classe<\/td>\n<\/tr>\n<tr>\n<td><strong>Carpinion betuli<\/strong><\/td>\n<td><strong>Carpino betuli-Fagenalia sylvaticae<\/strong><\/td>\n<td><strong>Fagetalia sylvaticae<\/strong><\/td>\n<td><strong>Querco roboris-Fagetea sylvaticae<\/strong><\/td>\n<\/tr>\n<tr>\n<td>Communaut\u00e9s sur sols plus ressuy\u00e9s mais sans d\u00e9ficit hydrique marqu\u00e9.<\/td>\n<td>Communaut\u00e9s planitiaires \u00e0 collin\u00e9ennes m\u00e9sohygroclines \u00e0 x\u00e9roclines, acidiclines \u00e0 calcicoles.<\/td>\n<td>Communaut\u00e9s collin\u00e9ennes et montagnardes, acidiclines \u00e0 calcicoles, non thermophiles.<\/td>\n<td>For\u00eats temp\u00e9r\u00e9es caducifoli\u00e9es ou mixtes, collin\u00e9ennes et montagnardes (plus rarement subalpines), ainsi que supram\u00e9diterran\u00e9ennes.<\/td>\n<\/tr>\n<\/tbody>\n<\/table>\n<table>\n<tbody>\n<tr>\n<td>Sous-ordre<\/td>\n<td>Ordre<\/td>\n<td>Classe<\/td>\n<\/tr>\n<tr>\n<td><strong>Carpino betuli-Fagenalia sylvaticae<\/strong><\/td>\n<td><strong>Fagetalia sylvaticae<\/strong><\/td>\n<td><strong>Querco roboris-Fagetea sylvaticae<\/strong><\/td>\n<\/tr>\n<tr>\n<td>Communaut\u00e9s planitiaires \u00e0 collin\u00e9ennes m\u00e9sohygroclines \u00e0 x\u00e9roclines, acidiclines \u00e0 calcicoles.<\/td>\n<td>Communaut\u00e9s collin\u00e9ennes et montagnardes, acidiclines \u00e0 calcicoles, non thermophiles.<\/td>\n<td>For\u00eats temp\u00e9r\u00e9es caducifoli\u00e9es ou mixtes, collin\u00e9ennes et montagnardes (plus rarement subalpines), ainsi que supram\u00e9diterran\u00e9ennes.<\/td>\n<\/tr>\n<\/tbody>\n<\/table>\n<table>\n<tbody>\n<tr>\n<td>Sous-alliance<\/td>\n<td>Alliance<\/td>\n<td>Sous-ordre<\/td>\n<td>Ordre<\/td>\n<td>Classe<\/td>\n<\/tr>\n<tr>\n<td><strong>Eu-Fagenion sylvaticae<\/strong><\/td>\n<td><strong>Fagion sylvaticae<\/strong><\/td>\n<td><strong>Fagenalia sylvaticae<\/strong><\/td>\n<td><strong>Fagetalia sylvaticae<\/strong><\/td>\n<td><strong>Querco roboris-Fagetea sylvaticae<\/strong><\/td>\n<\/tr>\n<tr>\n<td>Communaut\u00e9s m\u00e9dioeurop\u00e9ennes montagnardes ; surtout Vosges, Jura, Alpes du Nord.<\/td>\n<td>Communaut\u00e9s surtout montagnardes, acidiclines \u00e0 calcicoles.<\/td>\n<td>Communaut\u00e9s le plus souvent mixtes, montagnardes, plus rarement collin\u00e9ennes ou subalpines.<\/td>\n<td>Communaut\u00e9s collin\u00e9ennes et montagnardes, acidiclines \u00e0 calcicoles, non thermophiles.<\/td>\n<td>For\u00eats temp\u00e9r\u00e9es caducifoli\u00e9es ou mixtes, collin\u00e9ennes et montagnardes (plus rarement subalpines), ainsi que supram\u00e9diterran\u00e9ennes.<\/td>\n<\/tr>\n<\/tbody>\n<\/table>\n<table>\n<tbody>\n<tr>\n<td>Ordre<\/td>\n<td>Classe<\/td>\n<\/tr>\n<tr>\n<td><strong>Fagetalia sylvaticae<\/strong><\/td>\n<td><strong>Querco roboris-Fagetea sylvaticae<\/strong><\/td>\n<\/tr>\n<tr>\n<td>Communaut\u00e9s collin\u00e9ennes et montagnardes, acidiclines \u00e0 calcicoles, non thermophiles.<\/td>\n<td>For\u00eats temp\u00e9r\u00e9es caducifoli\u00e9es ou mixtes, collin\u00e9ennes et montagnardes (plus rarement subalpines), ainsi que supram\u00e9diterran\u00e9ennes.<\/td>\n<\/tr>\n<\/tbody>\n<\/table>\n<table>\n<tbody>\n<tr>\n<td>Alliance<\/td>\n<td>Ordre<\/td>\n<td>Classe<\/td>\n<\/tr>\n<tr>\n<td><strong>Geo urbani-Alliarion petiolatae<\/strong><\/td>\n<td><strong>Galio aparines-Alliarietalia petiolatae<\/strong><\/td>\n<td><strong>Galio aparines-Urticetea dioicae<\/strong><\/td>\n<\/tr>\n<tr>\n<td>Communaut\u00e9s plus ou moins hygroclines, nitrophiles et sciaphiles.<\/td>\n<td>Communaut\u00e9s des sols bien aliment\u00e9s en eau.<\/td>\n<td>V\u00e9g\u00e9tation d&rsquo;ourlets nitrophiles des sols plus ou moins humides.<\/td>\n<\/tr>\n<\/tbody>\n<\/table>\n<table>\n<tbody>\n<tr>\n<td>Sous-alliance<\/td>\n<td>Alliance<\/td>\n<td>Sous-ordre<\/td>\n<td>Ordre<\/td>\n<td>Classe<\/td>\n<\/tr>\n<tr>\n<td><strong>Geranio nodosi-Fagenion sylvaticae<\/strong><\/td>\n<td><strong>Fagion sylvaticae<\/strong><\/td>\n<td><strong>Fagenalia sylvaticae<\/strong><\/td>\n<td><strong>Fagetalia sylvaticae<\/strong><\/td>\n<td><strong>Querco roboris-Fagetea sylvaticae<\/strong><\/td>\n<\/tr>\n<tr>\n<td>Communaut\u00e9s montagnardes m\u00e9ridionales (Tri\u00e8ves, Buech, Alpes du Sud, Corse).<\/td>\n<td>Communaut\u00e9s surtout montagnardes, acidiclines \u00e0 calcicoles.<\/td>\n<td>Communaut\u00e9s le plus souvent mixtes, montagnardes, plus rarement collin\u00e9ennes ou subalpines.<\/td>\n<td>Communaut\u00e9s collin\u00e9ennes et montagnardes, acidiclines \u00e0 calcicoles, non thermophiles.<\/td>\n<td>For\u00eats temp\u00e9r\u00e9es caducifoli\u00e9es ou mixtes, collin\u00e9ennes et montagnardes (plus rarement subalpines), ainsi que supram\u00e9diterran\u00e9ennes.<\/td>\n<\/tr>\n<\/tbody>\n<\/table>\n<table>\n<tbody>\n<tr>\n<td>Ordre<\/td>\n<td>Classe<\/td>\n<\/tr>\n<tr>\n<td><strong>Prunetalia spinosae<\/strong><\/td>\n<td><strong>Crataego monogynae-Prunetea spinosae<\/strong><\/td>\n<\/tr>\n<tr>\n<td>Communaut\u00e9s arbustives non dunaires, des sols carbonat\u00e9s ou plus ou moins d\u00e9satur\u00e9s.<\/td>\n<td>V\u00e9g\u00e9tation principalement europ\u00e9enne de manteaux arbustifs, frutic\u00e9es et haies. Nota : diverses communaut\u00e9s domin\u00e9es par des Rubus (spp.), non encore \u00e9tudi\u00e9es en France, ne sont pas int\u00e9gr\u00e9es \u00e0 la pr\u00e9sente classification.<\/td>\n<\/tr>\n<\/tbody>\n<\/table>\n<p><span style=\"text-decoration: underline;\">Taxonomie :<\/span><br \/>\n<i>Adoxa moschatellina L.<\/i> a pour synonymes (Informations issues de la BDTFX Version 2.0, <a href=\"http:\/\/www.tela-botanica.org\" target=\"_blank\">Tela Botanica<\/a>) :<i><br \/>\n&#8211; Adoxa inodora C.B.Clarke<br \/>\n&#8211; Adoxa moschata Dulac<br \/>\n&#8211; Adoxa tuberosa Gray<br \/>\n&#8211; Moscatella adoxa Scop.<br \/>\n&#8211; Moschatellina adoxa All.<br \/>\n&#8211; Moschatellina fumariifolia Bubani<br \/>\n&#8211; Moschatellina tetragona Moench<br \/>\n<\/i><br \/>\n<span style=\"text-decoration: underline;\">Bibliographie :<\/span><\/p>\n<ul>\n<li>Atlas de la flore d&rsquo;Auvergne ; P. Antonetti, E. Brugel, F. Kessler, J-P. Barbe, M. Tort ; Editions Biotope 2006<\/li>\n<li>Atlas de la flore de sauvage de Seine-et-Marne ; S. Filoche, F. Perriat, J. Moret, F. Hendoux ; Librairie des mus\u00e9es 2010<\/li>\n<li>Atlas de la flore sauvage de Bourgogne ; O. Bardet, E. F\u00e9doroff, G. Causse, J. Moret ; Editions Biotope 2008<\/li>\n<li>Atlas de la flore sauvage du d\u00e9partement de la Sarthe ; G. Hunault, J. Moret ; Editions Biotope 2009<\/li>\n<li>Atlas de la flore sauvage du d\u00e9partement de l&rsquo;Essonne ; G. Arnal, J. Guittet ; Editions Biotope 2004<\/li>\n<li>Atlas de la flore sauvage du d\u00e9partement d&rsquo;Eure-et-Loir ; R. Dupr\u00e9, P. Boudier, P. Delahaye, M. Joly, J. Cordier, J. Moret ; Editions Biotope 2009<\/li>\n<li>Atlas de la flore sauvage du d\u00e9partement du Loiret ; D. Pujol, J. Cordier, J. Moret ; Editions Biotope 2008<\/li>\n<li>Catalogue des plantes vasculaires de la cha\u00eene jurassienne ; J-F. Prost ; Soci\u00e9t\u00e9 Linn\u00e9enne de Lyon 2010<\/li>\n<li>Flore de France ; H. Coste ; Librairie des sciences et des Arts 1937<\/li>\n<li>Flore de la Dr\u00f4me, Atlas \u00e9cologique et floristique ; L. Garraud ; Conservatoire botanique national alpin de Gap-Charance 2003<\/li>\n<li>Flore d&rsquo;Ile de France ; P. Jauzein, O. Nawrot ; Editions Quae 2011<\/li>\n<li>Flore foresti\u00e8re fran\u00e7aise Tome 1 Plaines et collines ; J-C. Rameau, D. Mansion, G. Dum\u00e9 ; Institut pour le d\u00e9veloppement forestier 2005<\/li>\n<li>Flore vasculaire de Basse-Normandie ; M. Provost ; Presses universitaires de Caen 1998<\/li>\n<li>Plantes et v\u00e9g\u00e9tation en Limousin, atlas de la flore vasculaire ; E. Brugel, L. Brunerye, A. Vilks ; Espaces naturels du Limousin 2001<\/li>\n<\/ul>\n","protected":false},"excerpt":{"rendered":"<p>Une fiche plus r&eacute;cente existe, vous pouvez la consulter ICI Nom : Adoxa moschatellina L. ( Adoxe musqu\u00e9e ) Autre(s) nom(s) : Adoxe, Herbe au musc, Herbe musqu\u00e9e, Moscatelle, Moscatelline, Petite Musqu\u00e9e. Famille : ADOXACEAE Floraison : Mars &#8211; Mai &hellip; <a href=\"https:\/\/preservons-la-nature.fr\/blog\/?p=2539\">Continuer la lecture <span class=\"meta-nav\">&rarr;<\/span><\/a><\/p>\n","protected":false},"author":1,"featured_media":0,"comment_status":"open","ping_status":"open","sticky":false,"template":"","format":"standard","meta":{"footnotes":""},"categories":[87],"tags":[103],"class_list":["post-2539","post","type-post","status-publish","format-standard","hentry","category-ficheplante","tag-adoxacees"],"_links":{"self":[{"href":"https:\/\/preservons-la-nature.fr\/blog\/index.php?rest_route=\/wp\/v2\/posts\/2539","targetHints":{"allow":["GET"]}}],"collection":[{"href":"https:\/\/preservons-la-nature.fr\/blog\/index.php?rest_route=\/wp\/v2\/posts"}],"about":[{"href":"https:\/\/preservons-la-nature.fr\/blog\/index.php?rest_route=\/wp\/v2\/types\/post"}],"author":[{"embeddable":true,"href":"https:\/\/preservons-la-nature.fr\/blog\/index.php?rest_route=\/wp\/v2\/users\/1"}],"replies":[{"embeddable":true,"href":"https:\/\/preservons-la-nature.fr\/blog\/index.php?rest_route=%2Fwp%2Fv2%2Fcomments&post=2539"}],"version-history":[{"count":5,"href":"https:\/\/preservons-la-nature.fr\/blog\/index.php?rest_route=\/wp\/v2\/posts\/2539\/revisions"}],"predecessor-version":[{"id":4115,"href":"https:\/\/preservons-la-nature.fr\/blog\/index.php?rest_route=\/wp\/v2\/posts\/2539\/revisions\/4115"}],"wp:attachment":[{"href":"https:\/\/preservons-la-nature.fr\/blog\/index.php?rest_route=%2Fwp%2Fv2%2Fmedia&parent=2539"}],"wp:term":[{"taxonomy":"category","embeddable":true,"href":"https:\/\/preservons-la-nature.fr\/blog\/index.php?rest_route=%2Fwp%2Fv2%2Fcategories&post=2539"},{"taxonomy":"post_tag","embeddable":true,"href":"https:\/\/preservons-la-nature.fr\/blog\/index.php?rest_route=%2Fwp%2Fv2%2Ftags&post=2539"}],"curies":[{"name":"wp","href":"https:\/\/api.w.org\/{rel}","templated":true}]}}