{"id":2453,"date":"2014-01-05T15:01:39","date_gmt":"2014-01-05T14:01:39","guid":{"rendered":"https:\/\/www.preservons-la-nature.fr\/blog\/?p=2453"},"modified":"2014-01-05T15:06:19","modified_gmt":"2014-01-05T14:06:19","slug":"neotinea-tridentata-scop-r-m-bateman-pridgeon-m-w-chase-orchis-tridente","status":"publish","type":"post","link":"https:\/\/preservons-la-nature.fr\/blog\/?p=2453","title":{"rendered":"Neotinea tridentata (Scop.) R.M.Bateman, Pridgeon &#038; M.W.Chase ( Orchis trident\u00e9 )"},"content":{"rendered":"<p><span style=\"text-decoration: underline;\">Nom :<\/span> <i>Neotinea tridentata (Scop.) R.M.Bateman, Pridgeon &amp; M.W.Chase<\/i> ( Orchis trident\u00e9 )<\/p>\n<p><span style=\"text-decoration: underline;\">Autre(s) nom(s) :<\/span><br \/>\nOrchis \u00e0 trois dents, Orchis dentel\u00e9.<\/p>\n<p><span style=\"text-decoration: underline;\">Famille :<\/span> ORCHIDACEAE<\/p>\n<p><span style=\"text-decoration: underline;\">Floraison :<\/span> Avril &#8211; Juin<\/p>\n<div id=\"attachment_2454\" style=\"width: 370px\" class=\"wp-caption aligncenter\"><a href=\"https:\/\/www.preservons-la-nature.fr\/blog\/wp-content\/uploads\/2014\/01\/DSC6302.jpg\"><img loading=\"lazy\" decoding=\"async\" aria-describedby=\"caption-attachment-2454\" class=\" wp-image-2454 \" title=\"Neotinea tridentata (Scop.) R.M.Bateman, Pridgeon &amp; M.W.Chase\" alt=\"Neotinea tridentata (Scop.) R.M.Bateman, Pridgeon &amp; M.W.Chase\" src=\"https:\/\/www.preservons-la-nature.fr\/blog\/wp-content\/uploads\/2014\/01\/DSC6302.jpg\" width=\"360\" height=\"540\" srcset=\"https:\/\/preservons-la-nature.fr\/blog\/wp-content\/uploads\/2014\/01\/DSC6302.jpg 400w, https:\/\/preservons-la-nature.fr\/blog\/wp-content\/uploads\/2014\/01\/DSC6302-200x300.jpg 200w\" sizes=\"auto, (max-width: 360px) 100vw, 360px\" \/><\/a><p id=\"caption-attachment-2454\" class=\"wp-caption-text\">Neotinea tridentata (Scop.) R.M.Bateman, Pridgeon &amp; M.W.Chase<\/p><\/div>\n<p><span style=\"text-decoration: underline;\">R\u00e9partition fran\u00e7aise :<\/span><br \/>\nOn la retrouve en Provence-Alpes-C\u00f4te-d&rsquo;Azur et en r\u00e9gion Rh\u00f4ne-Alpes.<\/p>\n<p><span style=\"text-decoration: underline;\">Pr\u00e9sent dans le(s) d\u00e9partement(s) suivant(s) :<\/span><br \/>\nAin, Alpes-de-Haute-Provence, Alpes-Maritimes, Ard\u00e8che, Bouches-du-Rh\u00f4ne, Dr\u00f4me, Gard, Haute-Corse, Hautes-Alpes, Is\u00e8re, Rh\u00f4ne, Var, Vaucluse.<\/p>\n<p><span style=\"text-decoration: underline;\">R\u00e9partition mondiale :<\/span><br \/>\nOn la retrouve dans le centre et sud de l&rsquo;Europe.<\/p>\n<p><span style=\"text-decoration: underline;\">Ecologie :<\/span><br \/>\nOn retrouve cette esp\u00e8ce thermophile dans dans les bois clairs et pelouses s\u00e8ches du Midi et du Sud-Est. Elle est \u00e9galement pr\u00e9sente dans les alpages. C&rsquo;est une calcicole.<\/p>\n<p><span style=\"text-decoration: underline;\">Phytosociologie :<\/span><i><\/i><\/p>\n<table>\n<tbody>\n<tr>\n<td>Ordre<\/td>\n<td>Classe<\/td>\n<\/tr>\n<tr>\n<td><strong>Brometalia erecti<\/strong><\/td>\n<td><strong>Festuco valesiacae-Brometea erecti<\/strong><\/td>\n<\/tr>\n<tr>\n<td>Communaut\u00e9s atlantiques \u00e0 subatlantiques.<\/td>\n<td>Pelouses \u00e0 dominance d\u2019h\u00e9micryptophytes, parfois landines et garrigues sous climat subm\u00e9diterran\u00e9en, x\u00e9rophiles \u00e0 m\u00e9sox\u00e9rophiles, collin\u00e9ennes \u00e0 montagnardes, europ\u00e9ennes et ouest-sib\u00e9riennes, surtout sur substrats carbonat\u00e9s ou basiques.<\/td>\n<\/tr>\n<\/tbody>\n<\/table>\n<table>\n<tbody>\n<tr>\n<td>Ordre<\/td>\n<td>Classe<\/td>\n<\/tr>\n<tr>\n<td><strong>Lygeo sparti-Stipetalia tenacissimae<\/strong><\/td>\n<td><strong>Lygeo sparti-Stipetea tenacissimae<\/strong><\/td>\n<\/tr>\n<tr>\n<td>Communaut\u00e9s x\u00e9rophiles et m\u00e9sothermes des sols superficiels oligotrophes.<\/td>\n<td>V\u00e9g\u00e9tation de garrigues et d&rsquo;ourlets m\u00e9diterran\u00e9ens riches en gramin\u00e9es vivaces, sur sols basiques.<\/td>\n<\/tr>\n<\/tbody>\n<\/table>\n<table>\n<tbody>\n<tr>\n<td>Alliance<\/td>\n<td>Ordre<\/td>\n<td>Classe<\/td>\n<\/tr>\n<tr>\n<td><strong>Mesobromion erecti<\/strong><\/td>\n<td><strong>Brometalia erecti<\/strong><\/td>\n<td><strong>Festuco valesiacae-Brometea erecti<\/strong><\/td>\n<\/tr>\n<tr>\n<td>Communaut\u00e9s subatlantiques \u00e0 atlantiques, m\u00e9sox\u00e9rophiles \u00e0 x\u00e9rophiles.<\/td>\n<td>Communaut\u00e9s atlantiques \u00e0 subatlantiques.<\/td>\n<td>Pelouses \u00e0 dominance d\u2019h\u00e9micryptophytes, parfois landines et garrigues sous climat subm\u00e9diterran\u00e9en, x\u00e9rophiles \u00e0 m\u00e9sox\u00e9rophiles, collin\u00e9ennes \u00e0 montagnardes, europ\u00e9ennes et ouest-sib\u00e9riennes, surtout sur substrats carbonat\u00e9s ou basiques.<\/td>\n<\/tr>\n<\/tbody>\n<\/table>\n<table>\n<tbody>\n<tr>\n<td>Ordre<\/td>\n<td>Classe<\/td>\n<\/tr>\n<tr>\n<td><strong>Ononidetalia striatae<\/strong><\/td>\n<td><strong>Festuco valesiacae-Brometea erecti<\/strong><\/td>\n<\/tr>\n<tr>\n<td>Communaut\u00e9s x\u00e9rophiles \u00e0 m\u00e9sox\u00e9rophiles, subm\u00e9diterran\u00e9ennes, et supra- \u00e0 orom\u00e9diterran\u00e9ennes.<\/td>\n<td>Pelouses \u00e0 dominance d\u2019h\u00e9micryptophytes, parfois landines et garrigues sous climat subm\u00e9diterran\u00e9en, x\u00e9rophiles \u00e0 m\u00e9sox\u00e9rophiles, collin\u00e9ennes \u00e0 montagnardes, europ\u00e9ennes et ouest-sib\u00e9riennes, surtout sur substrats carbonat\u00e9s ou basiques.<\/td>\n<\/tr>\n<\/tbody>\n<\/table>\n<table>\n<tbody>\n<tr>\n<td>Sous-alliance<\/td>\n<td>Alliance<\/td>\n<td>Ordre<\/td>\n<td>Classe<\/td>\n<\/tr>\n<tr>\n<td><strong>Quercenion ilicis<\/strong><\/td>\n<td><strong>Quercion ilicis<\/strong><\/td>\n<td><strong>Quercetalia ilicis<\/strong><\/td>\n<td><strong>Quercetea ilicis<\/strong><\/td>\n<\/tr>\n<tr>\n<td>Ch\u00eanaies vertes m\u00e9diterran\u00e9ennes.<\/td>\n<td>Communaut\u00e9s du m\u00e9diterran\u00e9en subhumide (avec irradiation thermo-atlantique).<\/td>\n<td>Communaut\u00e9s arbor\u00e9es ferm\u00e9es.<\/td>\n<td>V\u00e9g\u00e9tation arbor\u00e9e ou arbustive m\u00e9diterran\u00e9enne, souvent sempervirente et scl\u00e9rophylle.<\/td>\n<\/tr>\n<\/tbody>\n<\/table>\n<table>\n<tbody>\n<tr>\n<td>Alliance<\/td>\n<td>Ordre<\/td>\n<td>Classe<\/td>\n<\/tr>\n<tr>\n<td><strong>Quercion pubescenti-sessiliflorae<\/strong><\/td>\n<td><strong>Quercetalia pubescenti-sessiliflorae<\/strong><\/td>\n<td><strong>Querco roboris-Fagetea sylvaticae<\/strong><\/td>\n<\/tr>\n<tr>\n<td>Communaut\u00e9s supram\u00e9diterran\u00e9ennes avec irradiations septentrionales.<\/td>\n<td>Communaut\u00e9s thermophiles sous influence m\u00e9diterran\u00e9enne \u00e0 thermo-continentale.<\/td>\n<td>For\u00eats temp\u00e9r\u00e9es caducifoli\u00e9es ou mixtes, collin\u00e9ennes et montagnardes (plus rarement subalpines), ainsi que supram\u00e9diterran\u00e9ennes.<\/td>\n<\/tr>\n<\/tbody>\n<\/table>\n<table>\n<tbody>\n<tr>\n<td>Classe<\/td>\n<\/tr>\n<tr>\n<td><strong>Rosmarinetea officinalis<\/strong><\/td>\n<\/tr>\n<tr>\n<td>Garrigues et formations cham\u00e9phytiques m\u00e9diterran\u00e9ennes \u00e0 m\u00e9diterran\u00e9o-atlantiques.<\/td>\n<\/tr>\n<\/tbody>\n<\/table>\n<table>\n<tbody>\n<tr>\n<td>Alliance<\/td>\n<td>Ordre<\/td>\n<td>Classe<\/td>\n<\/tr>\n<tr>\n<td><strong>Xerobromion erecti<\/strong><\/td>\n<td><strong>Brometalia erecti<\/strong><\/td>\n<td><strong>Festuco valesiacae-Brometea erecti<\/strong><\/td>\n<\/tr>\n<tr>\n<td>Communaut\u00e9s x\u00e9rophiles plus ou moins ouvertes, de caract\u00e8re subm\u00e9diterran\u00e9en.<\/td>\n<td>Communaut\u00e9s atlantiques \u00e0 subatlantiques.<\/td>\n<td>Pelouses \u00e0 dominance d\u2019h\u00e9micryptophytes, parfois landines et garrigues sous climat subm\u00e9diterran\u00e9en, x\u00e9rophiles \u00e0 m\u00e9sox\u00e9rophiles, collin\u00e9ennes \u00e0 montagnardes, europ\u00e9ennes et ouest-sib\u00e9riennes, surtout sur substrats carbonat\u00e9s ou basiques.<\/td>\n<\/tr>\n<\/tbody>\n<\/table>\n<p><span style=\"text-decoration: underline;\">Protection :<\/span><br \/>\n&#8211; CITES (Convention de washington)<br \/>\n&#8211; Liste rouge europ\u00e9enne IUCN 2012 LC<br \/>\n&#8211; Liste rouge des orchid\u00e9es de France m\u00e9tropolitaine IUCN 2009 : NT<\/p>\n<div id=\"attachment_2456\" style=\"width: 370px\" class=\"wp-caption aligncenter\"><a href=\"https:\/\/www.preservons-la-nature.fr\/blog\/wp-content\/uploads\/2014\/01\/DSC7057.jpg\"><img loading=\"lazy\" decoding=\"async\" aria-describedby=\"caption-attachment-2456\" class=\" wp-image-2456\" title=\"Neotinea tridentata (Scop.) R.M.Bateman, Pridgeon &amp; M.W.Chase\" alt=\"Neotinea tridentata (Scop.) R.M.Bateman, Pridgeon &amp; M.W.Chase\" src=\"https:\/\/www.preservons-la-nature.fr\/blog\/wp-content\/uploads\/2014\/01\/DSC7057.jpg\" width=\"360\" height=\"540\" srcset=\"https:\/\/preservons-la-nature.fr\/blog\/wp-content\/uploads\/2014\/01\/DSC7057.jpg 400w, https:\/\/preservons-la-nature.fr\/blog\/wp-content\/uploads\/2014\/01\/DSC7057-200x300.jpg 200w\" sizes=\"auto, (max-width: 360px) 100vw, 360px\" \/><\/a><p id=\"caption-attachment-2456\" class=\"wp-caption-text\">Neotinea tridentata (Scop.) R.M.Bateman, Pridgeon &amp; M.W.Chase<\/p><\/div>\n<p><span style=\"text-decoration: underline;\">Description :<\/span><br \/>\nLa hauteur de cette plante vivace varie de 15 \u00e0 30 cm. Elle poss\u00e8de des tubercules ovo\u00efdes. La tige est gr\u00eale et \u00e9lanc\u00e9e.Les feuilles sont de forme oblongue-lanc\u00e9ol\u00e9e dont l&rsquo;extr\u00e9mit\u00e9 peut \u00eatre obtue ou aigu\u00eb. L&rsquo;inflorescence se pr\u00e9sente sous forme d&rsquo;un \u00e9pi subglobuleux constitu\u00e9 de fleurs de couleur rose lilas r\u00e9unies de fa\u00e7on tr\u00e8s dense. Les bract\u00e9es sont de la m\u00eame longueur que l&rsquo;ovaire. Le casque de la fleur est acumin\u00e9. En effet, on y aper\u00e7oit trois dents d&rsquo;o\u00f9 son nom. Le labelle qui est trifide, est de couleur rose blanch\u00e2tre ponctu\u00e9 de pourpre. L&rsquo;\u00e9peron depasse le milieu de l&rsquo;ovaire. Il est arqu\u00e9.<\/p>\n<p><span style=\"text-decoration: underline;\">Usages \/ particularit\u00e9s :<\/span><br \/>\nElle est prot\u00e9g\u00e9e en r\u00e9gion Rh\u00f4ne-Alpes.<\/p>\n<div id=\"attachment_2455\" style=\"width: 370px\" class=\"wp-caption aligncenter\"><a href=\"https:\/\/www.preservons-la-nature.fr\/blog\/wp-content\/uploads\/2014\/01\/DSC6962.jpg\"><img loading=\"lazy\" decoding=\"async\" aria-describedby=\"caption-attachment-2455\" class=\" wp-image-2455\" title=\"Neotinea tridentata (Scop.) R.M.Bateman, Pridgeon &amp; M.W.Chase\" alt=\"Neotinea tridentata (Scop.) R.M.Bateman, Pridgeon &amp; M.W.Chase\" src=\"https:\/\/www.preservons-la-nature.fr\/blog\/wp-content\/uploads\/2014\/01\/DSC6962.jpg\" width=\"360\" height=\"540\" srcset=\"https:\/\/preservons-la-nature.fr\/blog\/wp-content\/uploads\/2014\/01\/DSC6962.jpg 400w, https:\/\/preservons-la-nature.fr\/blog\/wp-content\/uploads\/2014\/01\/DSC6962-200x300.jpg 200w\" sizes=\"auto, (max-width: 360px) 100vw, 360px\" \/><\/a><p id=\"caption-attachment-2455\" class=\"wp-caption-text\">Neotinea tridentata (Scop.) R.M.Bateman, Pridgeon &amp; M.W.Chase<\/p><\/div>\n<p><span style=\"text-decoration: underline;\">Taxonomie :<\/span><br \/>\n<i>Neotinea tridentata (Scop.) R.M.Bateman, Pridgeon &amp; M.W.Chase<\/i> a pour synonymes (Informations issues de la BDTFX Version 2.0, <a href=\"http:\/\/www.tela-botanica.org\" target=\"_blank\">Tela Botanica<\/a>) :<i><br \/>\n&#8211; Neotinea tridentata (Scop.) R.M.Bateman, Pridgeon &amp; M.W.Chase subsp. tridentata<br \/>\n&#8211; Odontorchis tridentata (Scop.) D.Tyteca &amp; E.Klein<br \/>\n&#8211; Orchis brevilabris Fisch. &amp; C.A.Mey.<br \/>\n&#8211; Orchis cercopitheca Poir.<br \/>\n&#8211; Orchis simia Vill.<br \/>\n&#8211; Orchis taurica Lindl.<br \/>\n&#8211; Orchis tridentata Scop.<br \/>\n&#8211; Orchis tridentata Scop. subsp. tridentata<br \/>\n&#8211; Orchis tridentata var. burnatii Rouy<br \/>\n&#8211; Orchis variegata All.<br \/>\n<\/i><br \/>\n<span style=\"text-decoration: underline;\">Bibliographie :<\/span><\/p>\n<ul>\n<li>Atlas de la flore des Hautes-Alpes ; E. Chas ; Conservatoire botanique national alpin de Gap-Charance 1994<\/li>\n<li>Flore de France ; H. Coste ; Librairie des sciences et des Arts 1937<\/li>\n<li>Flore de la Dr\u00f4me, Atlas \u00e9cologique et floristique ; L. Garraud ; Conservatoire botanique national alpin de Gap-Charance 2003<\/li>\n<li>Flore foresti\u00e8re fran\u00e7aise Tome 3 R\u00e9gion m\u00e9diterran\u00e9enne ; J-C. Rameau, D. Mansion, G. Dum\u00e9, C. Gauberville ; Institut pour le d\u00e9veloppement forestier 2008<\/li>\n<li>Guide de la flore des Alpes-Maritimes, du Mercantour \u00e0 la M\u00e9diterran\u00e9e ; L. Carles, L. Th\u00e9bault ; Giletta Nice-Matin 2010<\/li>\n<li>Les orchid\u00e9es de France, Belgique et Luxembourg ; Collectif, Direction M. Bourni\u00e9ras, D. Prat ; Editions Biotope 2005<\/li>\n<li>Orchid\u00e9es sauvages de Rh\u00f4ne-Alpes ; Collectif, Soci\u00e9t\u00e9 fran\u00e7aise d&rsquo;Orchidophilie Rh\u00f4ne-Alpes ; Editions Biotope 2012<\/li>\n<\/ul>\n","protected":false},"excerpt":{"rendered":"<p>Nom : Neotinea tridentata (Scop.) R.M.Bateman, Pridgeon &amp; M.W.Chase ( Orchis trident\u00e9 ) Autre(s) nom(s) : Orchis \u00e0 trois dents, Orchis dentel\u00e9. Famille : ORCHIDACEAE Floraison : Avril &#8211; Juin R\u00e9partition fran\u00e7aise : On la retrouve en Provence-Alpes-C\u00f4te-d&rsquo;Azur et en &hellip; <a href=\"https:\/\/preservons-la-nature.fr\/blog\/?p=2453\">Continuer la lecture <span class=\"meta-nav\">&rarr;<\/span><\/a><\/p>\n","protected":false},"author":1,"featured_media":0,"comment_status":"open","ping_status":"open","sticky":false,"template":"","format":"standard","meta":{"footnotes":""},"categories":[87],"tags":[46],"class_list":["post-2453","post","type-post","status-publish","format-standard","hentry","category-ficheplante","tag-orchidees"],"_links":{"self":[{"href":"https:\/\/preservons-la-nature.fr\/blog\/index.php?rest_route=\/wp\/v2\/posts\/2453","targetHints":{"allow":["GET"]}}],"collection":[{"href":"https:\/\/preservons-la-nature.fr\/blog\/index.php?rest_route=\/wp\/v2\/posts"}],"about":[{"href":"https:\/\/preservons-la-nature.fr\/blog\/index.php?rest_route=\/wp\/v2\/types\/post"}],"author":[{"embeddable":true,"href":"https:\/\/preservons-la-nature.fr\/blog\/index.php?rest_route=\/wp\/v2\/users\/1"}],"replies":[{"embeddable":true,"href":"https:\/\/preservons-la-nature.fr\/blog\/index.php?rest_route=%2Fwp%2Fv2%2Fcomments&post=2453"}],"version-history":[{"count":4,"href":"https:\/\/preservons-la-nature.fr\/blog\/index.php?rest_route=\/wp\/v2\/posts\/2453\/revisions"}],"predecessor-version":[{"id":2460,"href":"https:\/\/preservons-la-nature.fr\/blog\/index.php?rest_route=\/wp\/v2\/posts\/2453\/revisions\/2460"}],"wp:attachment":[{"href":"https:\/\/preservons-la-nature.fr\/blog\/index.php?rest_route=%2Fwp%2Fv2%2Fmedia&parent=2453"}],"wp:term":[{"taxonomy":"category","embeddable":true,"href":"https:\/\/preservons-la-nature.fr\/blog\/index.php?rest_route=%2Fwp%2Fv2%2Fcategories&post=2453"},{"taxonomy":"post_tag","embeddable":true,"href":"https:\/\/preservons-la-nature.fr\/blog\/index.php?rest_route=%2Fwp%2Fv2%2Ftags&post=2453"}],"curies":[{"name":"wp","href":"https:\/\/api.w.org\/{rel}","templated":true}]}}