{"id":245,"date":"2011-03-24T11:41:37","date_gmt":"2011-03-24T11:41:37","guid":{"rendered":"https:\/\/www.preservons-la-nature.fr\/blog\/?p=245"},"modified":"2013-11-10T18:28:42","modified_gmt":"2013-11-10T17:28:42","slug":"la-drave-printaniere-erophila-verna","status":"publish","type":"post","link":"https:\/\/preservons-la-nature.fr\/blog\/?p=245","title":{"rendered":"Erophila verna ( Drave printani\u00e8re )"},"content":{"rendered":"<p><strong>La drave printani\u00e8re (<em>Erophila verna<\/em>)<\/strong> est aussi appel\u00e9e <strong><em>Draba verna<\/em><\/strong>. Elle fait partie de <strong>la famille des Brassicac\u00e9es<\/strong>. Il s&rsquo;agit d&rsquo;une toute petite plante annuelle. La floraison s&rsquo;\u00e9tale de Mars \u00e0 Mai. On la retrouve pr\u00e8s des vieux murs, dans les friches, en compagnie par exemple de g\u00e9raniac\u00e9es (<em>Erodium cicutarium<\/em>) et de la Cardamine h\u00e9riss\u00e9e (<em>Cardamine hirsuta<\/em>)<br \/>\nLa hauteur de la plante varie de 5 \u00e0 15 cm. Les feuilles forment une rosette \u00e0 la base. Celles-ci sont lanc\u00e9ol\u00e9es et plus ou moins dent\u00e9es. Les fleurs sont regroup\u00e9es en grappe. La fleur est constitu\u00e9e de quatre p\u00e9tales bifides de couleur blanche. Le fruit est de forme ovale.<\/p>\n<div id=\"attachment_246\" style=\"width: 570px\" class=\"wp-caption aligncenter\"><a href=\"https:\/\/www.preservons-la-nature.fr\/blog\/wp-content\/uploads\/2011\/03\/DSC2510.jpg\"><img loading=\"lazy\" decoding=\"async\" aria-describedby=\"caption-attachment-246\" class=\"size-full wp-image-246  \" title=\"La drave printani\u00e8re (Erophila verna)\" alt=\"La drave printani\u00e8re (Erophila verna)\" src=\"https:\/\/www.preservons-la-nature.fr\/blog\/wp-content\/uploads\/2011\/03\/DSC2510.jpg\" width=\"560\" height=\"374\" srcset=\"https:\/\/preservons-la-nature.fr\/blog\/wp-content\/uploads\/2011\/03\/DSC2510.jpg 700w, https:\/\/preservons-la-nature.fr\/blog\/wp-content\/uploads\/2011\/03\/DSC2510-300x200.jpg 300w\" sizes=\"auto, (max-width: 560px) 100vw, 560px\" \/><\/a><p id=\"caption-attachment-246\" class=\"wp-caption-text\">La drave printani\u00e8re (Erophila verna)<\/p><\/div>\n<div id=\"attachment_247\" style=\"width: 570px\" class=\"wp-caption aligncenter\"><a href=\"https:\/\/www.preservons-la-nature.fr\/blog\/wp-content\/uploads\/2011\/03\/DSC07277.jpg\"><img loading=\"lazy\" decoding=\"async\" aria-describedby=\"caption-attachment-247\" class=\"size-full wp-image-247  \" title=\"Fleurs et fruits de drave printani\u00e8re (Erophila verna)\" alt=\"Fleurs et fruits de drave printani\u00e8re (Erophila verna)\" src=\"https:\/\/www.preservons-la-nature.fr\/blog\/wp-content\/uploads\/2011\/03\/DSC07277.jpg\" width=\"560\" height=\"374\" srcset=\"https:\/\/preservons-la-nature.fr\/blog\/wp-content\/uploads\/2011\/03\/DSC07277.jpg 700w, https:\/\/preservons-la-nature.fr\/blog\/wp-content\/uploads\/2011\/03\/DSC07277-300x200.jpg 300w\" sizes=\"auto, (max-width: 560px) 100vw, 560px\" \/><\/a><p id=\"caption-attachment-247\" class=\"wp-caption-text\">Fleurs et fruits de drave printani\u00e8re (Erophila verna)<\/p><\/div>\n","protected":false},"excerpt":{"rendered":"<p>La drave printani\u00e8re (Erophila verna) est aussi appel\u00e9e Draba verna. Elle fait partie de la famille des Brassicac\u00e9es. Il s&rsquo;agit d&rsquo;une toute petite plante annuelle. La floraison s&rsquo;\u00e9tale de Mars \u00e0 Mai. On la retrouve pr\u00e8s des vieux murs, dans &hellip; <a href=\"https:\/\/preservons-la-nature.fr\/blog\/?p=245\">Continuer la lecture <span class=\"meta-nav\">&rarr;<\/span><\/a><\/p>\n","protected":false},"author":1,"featured_media":0,"comment_status":"open","ping_status":"open","sticky":false,"template":"","format":"standard","meta":{"footnotes":""},"categories":[87,49],"tags":[26],"class_list":["post-245","post","type-post","status-publish","format-standard","hentry","category-ficheplante","category-flore-de-lile-arrault-orleans","tag-brassicacees"],"_links":{"self":[{"href":"https:\/\/preservons-la-nature.fr\/blog\/index.php?rest_route=\/wp\/v2\/posts\/245","targetHints":{"allow":["GET"]}}],"collection":[{"href":"https:\/\/preservons-la-nature.fr\/blog\/index.php?rest_route=\/wp\/v2\/posts"}],"about":[{"href":"https:\/\/preservons-la-nature.fr\/blog\/index.php?rest_route=\/wp\/v2\/types\/post"}],"author":[{"embeddable":true,"href":"https:\/\/preservons-la-nature.fr\/blog\/index.php?rest_route=\/wp\/v2\/users\/1"}],"replies":[{"embeddable":true,"href":"https:\/\/preservons-la-nature.fr\/blog\/index.php?rest_route=%2Fwp%2Fv2%2Fcomments&post=245"}],"version-history":[{"count":8,"href":"https:\/\/preservons-la-nature.fr\/blog\/index.php?rest_route=\/wp\/v2\/posts\/245\/revisions"}],"predecessor-version":[{"id":1976,"href":"https:\/\/preservons-la-nature.fr\/blog\/index.php?rest_route=\/wp\/v2\/posts\/245\/revisions\/1976"}],"wp:attachment":[{"href":"https:\/\/preservons-la-nature.fr\/blog\/index.php?rest_route=%2Fwp%2Fv2%2Fmedia&parent=245"}],"wp:term":[{"taxonomy":"category","embeddable":true,"href":"https:\/\/preservons-la-nature.fr\/blog\/index.php?rest_route=%2Fwp%2Fv2%2Fcategories&post=245"},{"taxonomy":"post_tag","embeddable":true,"href":"https:\/\/preservons-la-nature.fr\/blog\/index.php?rest_route=%2Fwp%2Fv2%2Ftags&post=245"}],"curies":[{"name":"wp","href":"https:\/\/api.w.org\/{rel}","templated":true}]}}