{"id":2412,"date":"2014-01-02T00:31:21","date_gmt":"2014-01-01T23:31:21","guid":{"rendered":"https:\/\/www.preservons-la-nature.fr\/blog\/?p=2412"},"modified":"2013-12-31T15:31:46","modified_gmt":"2013-12-31T14:31:46","slug":"narcissus-assoanus-dufour-narcisse-a-feuille-de-jonc","status":"publish","type":"post","link":"https:\/\/preservons-la-nature.fr\/blog\/?p=2412","title":{"rendered":"Narcissus assoanus Dufour ( Narcisse \u00e0 feuille de Jonc )"},"content":{"rendered":"<p><span style=\"text-decoration: underline;\"> Nom :<\/span> <i>Narcissus assoanus Dufour<\/i> ( Narcisse \u00e0 feuille de Jonc )<\/p>\n<p><span style=\"text-decoration: underline;\">Autre(s) nom(s) :<\/span><br \/>\nNarcisse d&rsquo;Asso, Narcisse de Requien, Petit narcisse.<\/p>\n<p><span style=\"text-decoration: underline;\">Famille :<\/span> AMARYLLIDACEAE<\/p>\n<p><span style=\"text-decoration: underline;\">Floraison :<\/span> Mars &#8211; Juin<\/p>\n<div id=\"attachment_2417\" style=\"width: 650px\" class=\"wp-caption aligncenter\"><a href=\"https:\/\/www.preservons-la-nature.fr\/blog\/wp-content\/uploads\/2013\/12\/DSC01759.jpg\"><img loading=\"lazy\" decoding=\"async\" aria-describedby=\"caption-attachment-2417\" class=\"size-full wp-image-2417\" title=\"Narcissus assoanus Dufour\" alt=\"Narcissus assoanus Dufour\" src=\"https:\/\/www.preservons-la-nature.fr\/blog\/wp-content\/uploads\/2013\/12\/DSC01759.jpg\" width=\"640\" height=\"426\" srcset=\"https:\/\/preservons-la-nature.fr\/blog\/wp-content\/uploads\/2013\/12\/DSC01759.jpg 800w, https:\/\/preservons-la-nature.fr\/blog\/wp-content\/uploads\/2013\/12\/DSC01759-300x199.jpg 300w\" sizes=\"auto, (max-width: 640px) 100vw, 640px\" \/><\/a><p id=\"caption-attachment-2417\" class=\"wp-caption-text\">Narcissus assoanus Dufour<\/p><\/div>\n<p><span style=\"text-decoration: underline;\">R\u00e9partition fran\u00e7aise :<\/span><br \/>\nOn la retrouve dans les Pyr\u00e9n\u00e9es, le Roussillon, le Languedoc, les Bouches-du-Rh\u00f4ne et le Vaucluse. Elle atteint aussi les C\u00e9vennes et le Quercy.<\/p>\n<p><span style=\"text-decoration: underline;\">Pr\u00e9sent dans le(s) d\u00e9partement(s) suivant(s) :<\/span><br \/>\nAlpes-de-Haute-Provence, Ard\u00e8che, Aude, Aveyron, Bouches-du-Rh\u00f4ne, Dr\u00f4me, Gard, Hautes-Pyr\u00e9n\u00e9es, H\u00e9rault, Lot, Loz\u00e8re, Pyr\u00e9n\u00e9es-Orientales, Var, Vaucluse.<\/p>\n<p><span style=\"text-decoration: underline;\">R\u00e9partition mondiale :<\/span><br \/>\nFrance, Espagne et Portugal<\/p>\n<div id=\"attachment_2416\" style=\"width: 370px\" class=\"wp-caption aligncenter\"><a href=\"https:\/\/www.preservons-la-nature.fr\/blog\/wp-content\/uploads\/2013\/12\/DSC01756.jpg\"><img loading=\"lazy\" decoding=\"async\" aria-describedby=\"caption-attachment-2416\" class=\" wp-image-2416\" title=\"Narcissus assoanus Dufour\" alt=\"Narcissus assoanus Dufour\" src=\"https:\/\/www.preservons-la-nature.fr\/blog\/wp-content\/uploads\/2013\/12\/DSC01756.jpg\" width=\"360\" height=\"540\" srcset=\"https:\/\/preservons-la-nature.fr\/blog\/wp-content\/uploads\/2013\/12\/DSC01756.jpg 400w, https:\/\/preservons-la-nature.fr\/blog\/wp-content\/uploads\/2013\/12\/DSC01756-200x300.jpg 200w\" sizes=\"auto, (max-width: 360px) 100vw, 360px\" \/><\/a><p id=\"caption-attachment-2416\" class=\"wp-caption-text\">Narcissus assoanus Dufour<\/p><\/div>\n<p><span style=\"text-decoration: underline;\">Ecologie :<\/span><br \/>\nIl s&rsquo;agit d&rsquo;une esp\u00e8ce thermophile. On la retrouve sur les c\u00f4teaux et p\u00e2turages pierreux du Midi de la France.<\/p>\n<p><span style=\"text-decoration: underline;\">Phytosociologie :<\/span><i><\/i><\/p>\n<table>\n<tbody>\n<tr>\n<td>Ordre<\/td>\n<td>Classe<\/td>\n<\/tr>\n<tr>\n<td><strong>Lygeo sparti-Stipetalia tenacissimae<\/strong><\/td>\n<td><strong>Lygeo sparti-Stipetea tenacissimae<\/strong><\/td>\n<\/tr>\n<tr>\n<td>Communaut\u00e9s x\u00e9rophiles et m\u00e9sothermes des sols superficiels oligotrophes.<\/td>\n<td>V\u00e9g\u00e9tation de garrigues et d&rsquo;ourlets m\u00e9diterran\u00e9ens riches en gramin\u00e9es vivaces, sur sols basiques.<\/td>\n<\/tr>\n<\/tbody>\n<\/table>\n<table>\n<tbody>\n<tr>\n<td>Ordre<\/td>\n<td>Classe<\/td>\n<\/tr>\n<tr>\n<td><strong>Ononidetalia striatae<\/strong><\/td>\n<td><strong>Festuco valesiacae-Brometea erecti<\/strong><\/td>\n<\/tr>\n<tr>\n<td>Communaut\u00e9s x\u00e9rophiles \u00e0 m\u00e9sox\u00e9rophiles, subm\u00e9diterran\u00e9ennes, et supra- \u00e0 orom\u00e9diterran\u00e9ennes.<\/td>\n<td>Pelouses \u00e0 dominance d\u2019h\u00e9micryptophytes, parfois landines et garrigues sous climat subm\u00e9diterran\u00e9en, x\u00e9rophiles \u00e0 m\u00e9sox\u00e9rophiles, collin\u00e9ennes \u00e0 montagnardes, europ\u00e9ennes et ouest-sib\u00e9riennes, surtout sur substrats carbonat\u00e9s ou basiques.<\/td>\n<\/tr>\n<\/tbody>\n<\/table>\n<table>\n<tbody>\n<tr>\n<td>Alliance<\/td>\n<td>Ordre<\/td>\n<td>Classe<\/td>\n<\/tr>\n<tr>\n<td><strong>Phlomido lychnitidis-Brachypodion retusi<\/strong><\/td>\n<td><strong>Lygeo sparti-Stipetalia tenacissimae<\/strong><\/td>\n<td><strong>Lygeo sparti-Stipetea tenacissimae<\/strong><\/td>\n<\/tr>\n<tr>\n<td><\/td>\n<td>Communaut\u00e9s x\u00e9rophiles et m\u00e9sothermes des sols superficiels oligotrophes.<\/td>\n<td>V\u00e9g\u00e9tation de garrigues et d&rsquo;ourlets m\u00e9diterran\u00e9ens riches en gramin\u00e9es vivaces, sur sols basiques.<\/td>\n<\/tr>\n<\/tbody>\n<\/table>\n<table>\n<tbody>\n<tr>\n<td>Ordre<\/td>\n<td>Classe<\/td>\n<\/tr>\n<tr>\n<td><strong>Rosmarinetalia officinalis<\/strong><\/td>\n<td><strong>Rosmarinetea officinalis<\/strong><\/td>\n<\/tr>\n<tr>\n<td>Communaut\u00e9s m\u00e9diterran\u00e9ennes sur sol neutre \u00e0 basique.<\/td>\n<td>Garrigues et formations cham\u00e9phytiques m\u00e9diterran\u00e9ennes \u00e0 m\u00e9diterran\u00e9o-atlantiques.<\/td>\n<\/tr>\n<\/tbody>\n<\/table>\n<p><span style=\"text-decoration: underline;\">Protection :<\/span><br \/>\n&#8211; Directive 92\/43\/EEC (Directive europ\u00e9enne Habitats-Faune-Flore) Annexe II,IV,V<br \/>\n&#8211; Liste rouge europ\u00e9enne IUCN 2012 LC<br \/>\n&#8211; Liste rouge mondiale IUCN 2012 LC<\/p>\n<div id=\"attachment_2418\" style=\"width: 650px\" class=\"wp-caption aligncenter\"><a href=\"https:\/\/www.preservons-la-nature.fr\/blog\/wp-content\/uploads\/2013\/12\/DSC01760.jpg\"><img loading=\"lazy\" decoding=\"async\" aria-describedby=\"caption-attachment-2418\" class=\"size-full wp-image-2418\" title=\"Narcissus assoanus Dufour\" alt=\"Narcissus assoanus Dufour\" src=\"https:\/\/www.preservons-la-nature.fr\/blog\/wp-content\/uploads\/2013\/12\/DSC01760.jpg\" width=\"640\" height=\"426\" srcset=\"https:\/\/preservons-la-nature.fr\/blog\/wp-content\/uploads\/2013\/12\/DSC01760.jpg 800w, https:\/\/preservons-la-nature.fr\/blog\/wp-content\/uploads\/2013\/12\/DSC01760-300x199.jpg 300w\" sizes=\"auto, (max-width: 640px) 100vw, 640px\" \/><\/a><p id=\"caption-attachment-2418\" class=\"wp-caption-text\">Narcissus assoanus Dufour<\/p><\/div>\n<p><span style=\"text-decoration: underline;\">Description :<\/span><br \/>\nLa hauteur de cette plante vivace varie de 10 \u00e0 20 cm. Elle a un aspect gr\u00eale. La tige est pleine. Les feuilles sont lin\u00e9aires \u00e0 filiformes (ressemblent \u00e0 des feuilles de Jonc) et ne d\u00e9passent pas la hampe florale. La largeur de la feuille ne d\u00e9passe pas les 2 mm. La fleur est souvent solitaire, parfois par 2. La fleur est de petite taille. Elle est de couleur jaune. Le p\u00e9dicelle est plut\u00f4t long. Les s\u00e9pales sont de forme ovale et arrondie. Une partie de la corolle est en forme de coupe \u00e9vas\u00e9e finement cr\u00e9nel\u00e9e sur les bords. Le fruit est une capsule de forme ovo\u00efde.<\/p>\n<p><span style=\"text-decoration: underline;\">Usages \/ particularit\u00e9s :<\/span><br \/>\nLe botaniste Esprit Requien (1788-1851) d\u00e9couvrit la plante.<\/p>\n<div id=\"attachment_2415\" style=\"width: 370px\" class=\"wp-caption aligncenter\"><a href=\"https:\/\/www.preservons-la-nature.fr\/blog\/wp-content\/uploads\/2013\/12\/DSC01708.jpg\"><img loading=\"lazy\" decoding=\"async\" aria-describedby=\"caption-attachment-2415\" class=\" wp-image-2415 \" title=\"Narcissus assoanus Dufour\" alt=\"Narcissus assoanus Dufour\" src=\"https:\/\/www.preservons-la-nature.fr\/blog\/wp-content\/uploads\/2013\/12\/DSC01708.jpg\" width=\"360\" height=\"540\" srcset=\"https:\/\/preservons-la-nature.fr\/blog\/wp-content\/uploads\/2013\/12\/DSC01708.jpg 400w, https:\/\/preservons-la-nature.fr\/blog\/wp-content\/uploads\/2013\/12\/DSC01708-200x300.jpg 200w\" sizes=\"auto, (max-width: 360px) 100vw, 360px\" \/><\/a><p id=\"caption-attachment-2415\" class=\"wp-caption-text\">Narcissus assoanus Dufour<\/p><\/div>\n<p><span style=\"text-decoration: underline;\">Taxonomie :<\/span><br \/>\n<i>Narcissus assoanus Dufour<\/i> a pour synonymes (Informations issues de la BDTFX Version 2.0, <a href=\"http:\/\/www.tela-botanica.org\" target=\"_blank\">Tela Botanica<\/a>) :<i><br \/>\n&#8211; Narcissus juncifolius sensu auct. plur.<br \/>\n&#8211; Narcissus pallens Freyn ex Willk.<br \/>\n&#8211; Narcissus parvulus Sweet<br \/>\n&#8211; Narcissus requienii M.Roem.<br \/>\n&#8211; Queltia pusilla Herb.<br \/>\n<\/i><br \/>\n<span style=\"text-decoration: underline;\">Bibliographie :<\/span><\/p>\n<ul>\n<li>Flore de France ; H. Coste ; Librairie des sciences et des Arts  1937<\/li>\n<li>Flore de la Dr\u00f4me, Atlas \u00e9cologique et floristique ; L. Garraud ; Conservatoire botanique national alpin de Gap-Charance 2003<\/li>\n<li>Flore foresti\u00e8re fran\u00e7aise Tome 3 R\u00e9gion m\u00e9diterran\u00e9enne ; J-C. Rameau, D. Mansion, G. Dum\u00e9, C. Gauberville ; Institut pour le d\u00e9veloppement forestier 2008<\/li>\n<li>La grande flore illustr\u00e9e des Pyr\u00e9n\u00e9es ; M. Saule ; Editions Milan 2005<\/li>\n<li>Petite flore portative des Causses ; C. Bernard ; Soci\u00e9t\u00e9 Botanique du Centre-Ouest 2009<\/li>\n<\/ul>\n","protected":false},"excerpt":{"rendered":"<p>Nom : Narcissus assoanus Dufour ( Narcisse \u00e0 feuille de Jonc ) Autre(s) nom(s) : Narcisse d&rsquo;Asso, Narcisse de Requien, Petit narcisse. Famille : AMARYLLIDACEAE Floraison : Mars &#8211; Juin R\u00e9partition fran\u00e7aise : On la retrouve dans les Pyr\u00e9n\u00e9es, le &hellip; <a href=\"https:\/\/preservons-la-nature.fr\/blog\/?p=2412\">Continuer la lecture <span class=\"meta-nav\">&rarr;<\/span><\/a><\/p>\n","protected":false},"author":1,"featured_media":0,"comment_status":"open","ping_status":"open","sticky":false,"template":"","format":"standard","meta":{"footnotes":""},"categories":[87],"tags":[97],"class_list":["post-2412","post","type-post","status-publish","format-standard","hentry","category-ficheplante","tag-amaryllidacees"],"_links":{"self":[{"href":"https:\/\/preservons-la-nature.fr\/blog\/index.php?rest_route=\/wp\/v2\/posts\/2412","targetHints":{"allow":["GET"]}}],"collection":[{"href":"https:\/\/preservons-la-nature.fr\/blog\/index.php?rest_route=\/wp\/v2\/posts"}],"about":[{"href":"https:\/\/preservons-la-nature.fr\/blog\/index.php?rest_route=\/wp\/v2\/types\/post"}],"author":[{"embeddable":true,"href":"https:\/\/preservons-la-nature.fr\/blog\/index.php?rest_route=\/wp\/v2\/users\/1"}],"replies":[{"embeddable":true,"href":"https:\/\/preservons-la-nature.fr\/blog\/index.php?rest_route=%2Fwp%2Fv2%2Fcomments&post=2412"}],"version-history":[{"count":18,"href":"https:\/\/preservons-la-nature.fr\/blog\/index.php?rest_route=\/wp\/v2\/posts\/2412\/revisions"}],"predecessor-version":[{"id":2442,"href":"https:\/\/preservons-la-nature.fr\/blog\/index.php?rest_route=\/wp\/v2\/posts\/2412\/revisions\/2442"}],"wp:attachment":[{"href":"https:\/\/preservons-la-nature.fr\/blog\/index.php?rest_route=%2Fwp%2Fv2%2Fmedia&parent=2412"}],"wp:term":[{"taxonomy":"category","embeddable":true,"href":"https:\/\/preservons-la-nature.fr\/blog\/index.php?rest_route=%2Fwp%2Fv2%2Fcategories&post=2412"},{"taxonomy":"post_tag","embeddable":true,"href":"https:\/\/preservons-la-nature.fr\/blog\/index.php?rest_route=%2Fwp%2Fv2%2Ftags&post=2412"}],"curies":[{"name":"wp","href":"https:\/\/api.w.org\/{rel}","templated":true}]}}