{"id":241,"date":"2011-03-23T12:44:05","date_gmt":"2011-03-23T12:44:05","guid":{"rendered":"https:\/\/www.preservons-la-nature.fr\/blog\/?p=241"},"modified":"2013-11-10T18:29:07","modified_gmt":"2013-11-10T17:29:07","slug":"le-lamier-macule-lamium-maculatum","status":"publish","type":"post","link":"https:\/\/preservons-la-nature.fr\/blog\/?p=241","title":{"rendered":"Lamium maculatum ( Lamier macul\u00e9 )"},"content":{"rendered":"<p>Les premiers <strong>lamiers macul\u00e9s (<em>Lamium maculatum<\/em>)<\/strong> sont en fleurs sur le bord de Loire.<br \/>\nIl fait partie de <strong>la famille des Lamiac\u00e9es<\/strong>. Sa p\u00e9riode de floraison s&rsquo;\u00e9tale d&rsquo;Avril \u00e0 Septembre. On la trouve dans les zones d&rsquo;herbes hautes, en bordure des zones d&rsquo;eau mais aussi en lisi\u00e8re de for\u00eat. Elle affectionne les sols frais \u00e0 humides plut\u00f4t riches. Il s&rsquo;agit d&rsquo;une esp\u00e8ce de demi-ombre.<br \/>\nLa plante mesure de 20 \u00e0 70 cm de hauteur. Les feuilles sont parfois macul\u00e9es de blanc ou de noir d&rsquo;o\u00f9 son nom. Elles sont oppos\u00e9es. Les fleurs sont de couleur pourpre.<\/p>\n<div id=\"attachment_242\" style=\"width: 384px\" class=\"wp-caption aligncenter\"><a href=\"https:\/\/www.preservons-la-nature.fr\/blog\/wp-content\/uploads\/2011\/03\/DSC3301.jpg\"><img loading=\"lazy\" decoding=\"async\" aria-describedby=\"caption-attachment-242\" class=\" wp-image-242  \" title=\"Lamier macul\u00e9 (Lamium maculatum)\" alt=\"Lamier macul\u00e9 (Lamium maculatum)\" src=\"https:\/\/www.preservons-la-nature.fr\/blog\/wp-content\/uploads\/2011\/03\/DSC3301.jpg\" width=\"374\" height=\"560\" srcset=\"https:\/\/preservons-la-nature.fr\/blog\/wp-content\/uploads\/2011\/03\/DSC3301.jpg 467w, https:\/\/preservons-la-nature.fr\/blog\/wp-content\/uploads\/2011\/03\/DSC3301-200x300.jpg 200w\" sizes=\"auto, (max-width: 374px) 100vw, 374px\" \/><\/a><p id=\"caption-attachment-242\" class=\"wp-caption-text\">Lamier macul\u00e9 (Lamium maculatum)<\/p><\/div>\n<div id=\"attachment_243\" style=\"width: 384px\" class=\"wp-caption aligncenter\"><a href=\"https:\/\/www.preservons-la-nature.fr\/blog\/wp-content\/uploads\/2011\/03\/DSC2067.jpg\"><img loading=\"lazy\" decoding=\"async\" aria-describedby=\"caption-attachment-243\" class=\" wp-image-243  \" title=\"Fleur de lamier macul\u00e9 (Lamium maculatum)\" alt=\"Fleur de lamier macul\u00e9 (Lamium maculatum)\" src=\"https:\/\/www.preservons-la-nature.fr\/blog\/wp-content\/uploads\/2011\/03\/DSC2067.jpg\" width=\"374\" height=\"560\" srcset=\"https:\/\/preservons-la-nature.fr\/blog\/wp-content\/uploads\/2011\/03\/DSC2067.jpg 467w, https:\/\/preservons-la-nature.fr\/blog\/wp-content\/uploads\/2011\/03\/DSC2067-200x300.jpg 200w\" sizes=\"auto, (max-width: 374px) 100vw, 374px\" \/><\/a><p id=\"caption-attachment-243\" class=\"wp-caption-text\">Fleur de lamier macul\u00e9 (Lamium maculatum)<\/p><\/div>\n","protected":false},"excerpt":{"rendered":"<p>Les premiers lamiers macul\u00e9s (Lamium maculatum) sont en fleurs sur le bord de Loire. Il fait partie de la famille des Lamiac\u00e9es. Sa p\u00e9riode de floraison s&rsquo;\u00e9tale d&rsquo;Avril \u00e0 Septembre. On la trouve dans les zones d&rsquo;herbes hautes, en bordure &hellip; <a href=\"https:\/\/preservons-la-nature.fr\/blog\/?p=241\">Continuer la lecture <span class=\"meta-nav\">&rarr;<\/span><\/a><\/p>\n","protected":false},"author":1,"featured_media":0,"comment_status":"open","ping_status":"open","sticky":false,"template":"","format":"standard","meta":{"footnotes":""},"categories":[87,49,3],"tags":[25],"class_list":["post-241","post","type-post","status-publish","format-standard","hentry","category-ficheplante","category-flore-de-lile-arrault-orleans","category-laloire","tag-lamiacees"],"_links":{"self":[{"href":"https:\/\/preservons-la-nature.fr\/blog\/index.php?rest_route=\/wp\/v2\/posts\/241","targetHints":{"allow":["GET"]}}],"collection":[{"href":"https:\/\/preservons-la-nature.fr\/blog\/index.php?rest_route=\/wp\/v2\/posts"}],"about":[{"href":"https:\/\/preservons-la-nature.fr\/blog\/index.php?rest_route=\/wp\/v2\/types\/post"}],"author":[{"embeddable":true,"href":"https:\/\/preservons-la-nature.fr\/blog\/index.php?rest_route=\/wp\/v2\/users\/1"}],"replies":[{"embeddable":true,"href":"https:\/\/preservons-la-nature.fr\/blog\/index.php?rest_route=%2Fwp%2Fv2%2Fcomments&post=241"}],"version-history":[{"count":5,"href":"https:\/\/preservons-la-nature.fr\/blog\/index.php?rest_route=\/wp\/v2\/posts\/241\/revisions"}],"predecessor-version":[{"id":1977,"href":"https:\/\/preservons-la-nature.fr\/blog\/index.php?rest_route=\/wp\/v2\/posts\/241\/revisions\/1977"}],"wp:attachment":[{"href":"https:\/\/preservons-la-nature.fr\/blog\/index.php?rest_route=%2Fwp%2Fv2%2Fmedia&parent=241"}],"wp:term":[{"taxonomy":"category","embeddable":true,"href":"https:\/\/preservons-la-nature.fr\/blog\/index.php?rest_route=%2Fwp%2Fv2%2Fcategories&post=241"},{"taxonomy":"post_tag","embeddable":true,"href":"https:\/\/preservons-la-nature.fr\/blog\/index.php?rest_route=%2Fwp%2Fv2%2Ftags&post=241"}],"curies":[{"name":"wp","href":"https:\/\/api.w.org\/{rel}","templated":true}]}}