{"id":2383,"date":"2014-01-03T00:32:06","date_gmt":"2014-01-02T23:32:06","guid":{"rendered":"https:\/\/www.preservons-la-nature.fr\/blog\/?p=2383"},"modified":"2014-10-29T12:28:58","modified_gmt":"2014-10-29T11:28:58","slug":"anemone-hortensis-l-anemone-des-jardins","status":"publish","type":"post","link":"https:\/\/preservons-la-nature.fr\/blog\/?p=2383","title":{"rendered":"Anemone hortensis L. ( An\u00e9mone des jardins )"},"content":{"rendered":"<p><STRONG>Une fiche plus r&eacute;cente existe, vous pouvez la consulter <a href=\"https:\/\/www.preservons-la-nature.fr\/flore\/taxon\/15.html\">ICI<\/a><\/STRONG><\/p>\n<p><span style=\"text-decoration: underline;\">Nom :<\/span> <i>Anemone hortensis L.<\/i> ( An\u00e9mone des jardins )<\/p>\n<p><span style=\"text-decoration: underline;\">Autre(s) nom(s) :<\/span><br \/>\nAn\u00e9mone des fleuristes.<\/p>\n<p><span style=\"text-decoration: underline;\">Famille :<\/span> RANUNCULACEAE<\/p>\n<p><span style=\"text-decoration: underline;\">Floraison :<\/span> F\u00e9vrier &#8211; Mai<\/p>\n<div id=\"attachment_2425\" style=\"width: 650px\" class=\"wp-caption aligncenter\"><a href=\"https:\/\/www.preservons-la-nature.fr\/blog\/wp-content\/uploads\/2013\/12\/DSC01888.jpg\"><img loading=\"lazy\" decoding=\"async\" aria-describedby=\"caption-attachment-2425\" class=\"size-full wp-image-2425\" title=\"Anemone hortensis L.\" src=\"https:\/\/www.preservons-la-nature.fr\/blog\/wp-content\/uploads\/2013\/12\/DSC01888.jpg\" alt=\"Anemone hortensis L.\" width=\"640\" height=\"426\" srcset=\"https:\/\/preservons-la-nature.fr\/blog\/wp-content\/uploads\/2013\/12\/DSC01888.jpg 800w, https:\/\/preservons-la-nature.fr\/blog\/wp-content\/uploads\/2013\/12\/DSC01888-300x199.jpg 300w\" sizes=\"auto, (max-width: 640px) 100vw, 640px\" \/><\/a><p id=\"caption-attachment-2425\" class=\"wp-caption-text\">Anemone hortensis L.<\/p><\/div>\n<p><span style=\"text-decoration: underline;\">R\u00e9partition fran\u00e7aise :<\/span><br \/>\nElle est signal\u00e9e en Gironde (Voir Flore de Dordogne 2011). Elle est pr\u00e9sente sur la r\u00e9gion m\u00e9diterran\u00e9enne ouest en France. Elle remonte jusqu&rsquo;au Vaucluse. Elle a \u00e9t\u00e9 signal\u00e9e dans plusieurs autres d\u00e9partements plus au nord mais il s&rsquo;agit sans doute d&rsquo;\u00e9chapp\u00e9es des jardins. Elle \u00e9tait signal\u00e9e autrefois dans les Pyr\u00e9n\u00e9es-Atlantiques et dans les Landes.<\/p>\n<p><span style=\"text-decoration: underline;\">Pr\u00e9sent dans le(s) d\u00e9partement(s) suivant(s) :<\/span><br \/>\nAlpes-Maritimes, Bouches-du-Rh\u00f4ne, Corse-du-Sud, Dordogne, Haute-Corse, Var, Vaucluse.<\/p>\n<p><span style=\"text-decoration: underline;\">R\u00e9partition mondiale :<\/span><br \/>\nR\u00e9gion m\u00e9diterran\u00e9enne de l&rsquo;Europe, Asie mineure<\/p>\n<p><span style=\"text-decoration: underline;\">Ecologie :<\/span><br \/>\nIl s&rsquo;agit d&rsquo;une esp\u00e8ce thermophile, supportant les terrains basiques \u00e0 l\u00e9g\u00e8rement acides. On la trouve dans les champs, vignes, oliveraies, pelouses, maquis, bois clairs et foss\u00e9s.<\/p>\n<p><span style=\"text-decoration: underline;\">Phytosociologie :<\/span><i><\/i><\/p>\n<table>\n<tbody>\n<tr>\n<td>Ordre<\/td>\n<td>Classe<\/td>\n<\/tr>\n<tr>\n<td><strong>Carthametalia lanati<\/strong><\/td>\n<td><strong>Artemisietea vulgaris<\/strong><\/td>\n<\/tr>\n<tr>\n<td>Communaut\u00e9s m\u00e9diterran\u00e9ennes de vivaces et de bisannuelles, m\u00eal\u00e9es de th\u00e9rophytes.<\/td>\n<td>V\u00e9g\u00e9tation rud\u00e9rale, anthropog\u00e8ne, nitrophile \u00e0 dominance d\u2019esp\u00e8ces vivaces, eurosib\u00e9rienne et m\u00e9diterran\u00e9enne.<\/td>\n<\/tr>\n<\/tbody>\n<\/table>\n<table>\n<tbody>\n<tr>\n<td>Ordre<\/td>\n<td>Classe<\/td>\n<\/tr>\n<tr>\n<td><strong>Lavanduletalia stoechadis<\/strong><\/td>\n<td><strong>Cisto ladaniferi-Lavanduletea stoechadis<\/strong><\/td>\n<\/tr>\n<tr>\n<td><\/td>\n<td>Landes thermophiles sur substrat acide, domin\u00e9es par les cham\u00e9phytes, des \u00e9tages thermo- \u00e0 supram\u00e9diterran\u00e9en.<\/td>\n<\/tr>\n<\/tbody>\n<\/table>\n<table>\n<tbody>\n<tr>\n<td>Classe<\/td>\n<\/tr>\n<tr>\n<td><strong>Lygeo sparti-Stipetea tenacissimae<\/strong><\/td>\n<\/tr>\n<tr>\n<td>V\u00e9g\u00e9tation de garrigues et d&rsquo;ourlets m\u00e9diterran\u00e9ens riches en gramin\u00e9es vivaces, sur sols basiques.<\/td>\n<\/tr>\n<\/tbody>\n<\/table>\n<table>\n<tbody>\n<tr>\n<td>Alliance<\/td>\n<td>Ordre<\/td>\n<td>Classe<\/td>\n<\/tr>\n<tr>\n<td><strong>Quercion ilicis<\/strong><\/td>\n<td><strong>Quercetalia ilicis<\/strong><\/td>\n<td><strong>Quercetea ilicis<\/strong><\/td>\n<\/tr>\n<tr>\n<td>Communaut\u00e9s du m\u00e9diterran\u00e9en subhumide (avec irradiation thermo-atlantique).<\/td>\n<td>Communaut\u00e9s arbor\u00e9es ferm\u00e9es.<\/td>\n<td>V\u00e9g\u00e9tation arbor\u00e9e ou arbustive m\u00e9diterran\u00e9enne, souvent sempervirente et scl\u00e9rophylle.<\/td>\n<\/tr>\n<\/tbody>\n<\/table>\n<table>\n<tbody>\n<tr>\n<td>Classe<\/td>\n<\/tr>\n<tr>\n<td><strong>Sisymbrietea officinalis<\/strong><\/td>\n<\/tr>\n<tr>\n<td>V\u00e9g\u00e9tation anthropog\u00e8ne \u00e0 dominante d\u2019annuelles et de bisannuelles, plus ou moins nitrophile, des stations rud\u00e9ralis\u00e9es et irr\u00e9guli\u00e8rement pertub\u00e9es.<\/td>\n<\/tr>\n<\/tbody>\n<\/table>\n<div id=\"attachment_2424\" style=\"width: 370px\" class=\"wp-caption aligncenter\"><a href=\"https:\/\/www.preservons-la-nature.fr\/blog\/wp-content\/uploads\/2013\/12\/DSC01887.jpg\"><img loading=\"lazy\" decoding=\"async\" aria-describedby=\"caption-attachment-2424\" class=\" wp-image-2424 \" title=\"Anemone hortensis L.\" src=\"https:\/\/www.preservons-la-nature.fr\/blog\/wp-content\/uploads\/2013\/12\/DSC01887.jpg\" alt=\"Anemone hortensis L.\" width=\"360\" height=\"540\" srcset=\"https:\/\/preservons-la-nature.fr\/blog\/wp-content\/uploads\/2013\/12\/DSC01887.jpg 400w, https:\/\/preservons-la-nature.fr\/blog\/wp-content\/uploads\/2013\/12\/DSC01887-200x300.jpg 200w\" sizes=\"auto, (max-width: 360px) 100vw, 360px\" \/><\/a><p id=\"caption-attachment-2424\" class=\"wp-caption-text\">Anemone hortensis L.<\/p><\/div>\n<p><span style=\"text-decoration: underline;\">Description :<\/span><br \/>\nLa hauteur de cette plante vivace varie de 20 \u00e0 40 cm. Elle poss\u00e8de une souche tub\u00e9reuse de couleur brune. La tige est pubescente. Les feuilles sont palm\u00e9es, 1 \u00e0 2 fois divis\u00e9es. A la base, elle poss\u00e8de un long p\u00e9tiole. Les feuilles de l&rsquo;involucre sont pas ou peu divis\u00e9es. L&rsquo;inflorescence est compos\u00e9e d&rsquo;une unique fleur. Les t\u00e9pales sont allong\u00e9s. La sous-esp\u00e8ce Anemone hortensis subsp. pavonica est teint\u00e9 de rouge alors que la sous-esp\u00e8ce Anemone hortensis subsp. hortensis peut \u00eatre blanche, bleue, lilas ou mauve. Les ak\u00e8nes sont laineux.<\/p>\n<p><span style=\"text-decoration: underline;\">Usages \/ particularit\u00e9s :<\/span><br \/>\nPlusieurs vari\u00e9t\u00e9s horticoles ont \u00e9t\u00e9 d\u00e9velopp\u00e9es.<\/p>\n<p><span style=\"text-decoration: underline;\">Sous-esp\u00e8ces ou vari\u00e9t\u00e9s :<\/span><br \/>\n<i>&#8211; Anemone hortensis L. subsp. hortensis<br \/>\n&#8211; Anemone hortensis n-subsp. fulgens (J.Gay) Nyman<br \/>\n&#8211; Anemone hortensis subsp. pavonina (Lam.) Arcang.<br \/>\n<\/i><br \/>\n<span style=\"text-decoration: underline;\">Bibliographie :<\/span><\/p>\n<ul>\n<li>Flore de Dordogne ; B. B\u00e9d\u00e9 ; Soci\u00e9t\u00e9 botanique du P\u00e9rigord 2011<\/li>\n<li>Flore de France ; H. Coste ; Librairie des sciences et des Arts 1937<\/li>\n<li>Flore des champs cultiv\u00e9s ; P. Jauzein ; Editions Quae 2011<\/li>\n<li>Flore foresti\u00e8re fran\u00e7aise Tome 3 R\u00e9gion m\u00e9diterran\u00e9enne ; J-C. Rameau, D. Mansion, G. Dum\u00e9, C. Gauberville ; Institut pour le d\u00e9veloppement forestier 2008<\/li>\n<li>Guide de la flore des Alpes-Maritimes, du Mercantour \u00e0 la M\u00e9diterran\u00e9e ; L. Carles, L. Th\u00e9bault ; Giletta Nice-Matin 2010<\/li>\n<li>Les quatre flores de France ; P. Fournier ; Editions Lechevalier 1961<\/li>\n<\/ul>\n","protected":false},"excerpt":{"rendered":"<p>Une fiche plus r&eacute;cente existe, vous pouvez la consulter ICI Nom : Anemone hortensis L. ( An\u00e9mone des jardins ) Autre(s) nom(s) : An\u00e9mone des fleuristes. Famille : RANUNCULACEAE Floraison : F\u00e9vrier &#8211; Mai R\u00e9partition fran\u00e7aise : Elle est signal\u00e9e &hellip; <a href=\"https:\/\/preservons-la-nature.fr\/blog\/?p=2383\">Continuer la lecture <span class=\"meta-nav\">&rarr;<\/span><\/a><\/p>\n","protected":false},"author":1,"featured_media":0,"comment_status":"open","ping_status":"open","sticky":false,"template":"","format":"standard","meta":{"footnotes":""},"categories":[87],"tags":[45],"class_list":["post-2383","post","type-post","status-publish","format-standard","hentry","category-ficheplante","tag-renonculacees"],"_links":{"self":[{"href":"https:\/\/preservons-la-nature.fr\/blog\/index.php?rest_route=\/wp\/v2\/posts\/2383","targetHints":{"allow":["GET"]}}],"collection":[{"href":"https:\/\/preservons-la-nature.fr\/blog\/index.php?rest_route=\/wp\/v2\/posts"}],"about":[{"href":"https:\/\/preservons-la-nature.fr\/blog\/index.php?rest_route=\/wp\/v2\/types\/post"}],"author":[{"embeddable":true,"href":"https:\/\/preservons-la-nature.fr\/blog\/index.php?rest_route=\/wp\/v2\/users\/1"}],"replies":[{"embeddable":true,"href":"https:\/\/preservons-la-nature.fr\/blog\/index.php?rest_route=%2Fwp%2Fv2%2Fcomments&post=2383"}],"version-history":[{"count":35,"href":"https:\/\/preservons-la-nature.fr\/blog\/index.php?rest_route=\/wp\/v2\/posts\/2383\/revisions"}],"predecessor-version":[{"id":4113,"href":"https:\/\/preservons-la-nature.fr\/blog\/index.php?rest_route=\/wp\/v2\/posts\/2383\/revisions\/4113"}],"wp:attachment":[{"href":"https:\/\/preservons-la-nature.fr\/blog\/index.php?rest_route=%2Fwp%2Fv2%2Fmedia&parent=2383"}],"wp:term":[{"taxonomy":"category","embeddable":true,"href":"https:\/\/preservons-la-nature.fr\/blog\/index.php?rest_route=%2Fwp%2Fv2%2Fcategories&post=2383"},{"taxonomy":"post_tag","embeddable":true,"href":"https:\/\/preservons-la-nature.fr\/blog\/index.php?rest_route=%2Fwp%2Fv2%2Ftags&post=2383"}],"curies":[{"name":"wp","href":"https:\/\/api.w.org\/{rel}","templated":true}]}}