{"id":227,"date":"2011-03-21T12:37:02","date_gmt":"2011-03-21T12:37:02","guid":{"rendered":"https:\/\/www.preservons-la-nature.fr\/blog\/?p=227"},"modified":"2011-03-21T13:15:41","modified_gmt":"2011-03-21T13:15:41","slug":"premiers-papillons-de-lannee","status":"publish","type":"post","link":"https:\/\/preservons-la-nature.fr\/blog\/?p=227","title":{"rendered":"Premiers papillons de l&rsquo;ann\u00e9e"},"content":{"rendered":"<p>Sur le bord de Loire, ce week-end, nous avons pu observer les premiers papillons de l&rsquo;ann\u00e9e qui s&rsquo;activaient autour des pruniers en fleurs. Ont \u00e9t\u00e9 observ\u00e9s le Paon du jour et le Vulcain. Ces papillons sont tr\u00e8s communs.<\/p>\n<p><strong>Le paon du jour (<em>Inachis io<\/em>)<br \/>\n<\/strong>Il fait partie de la <strong>famille des Nymphalidae<\/strong> et plus particuli\u00e8rement de la sous-famille des Nymphalinae. Il s&rsquo;agit du papillon le plus connu des Fran\u00e7ais hors r\u00e9gion m\u00e9diterran\u00e9enne o\u00f9 il est beaucoup moins pr\u00e9sent. La p\u00e9riode de vol s&rsquo;\u00e9tale\u00a0d&rsquo;avril \u00e0 octobre en g\u00e9n\u00e9ralement deux g\u00e9n\u00e9rations. Sa chenille est de couleur noire avec des points blancs. Elle comporte de petits pics. Sa plante-h\u00f4te (pour la chenille)\u00a0est essentiellement l&rsquo;ortie (Urtica dioica). Les chenilles forment de v\u00e9ritables communaut\u00e9s.<br \/>\nOn retrouve l&rsquo;imago dans les lieux urbains et les lieux bien ensoleill\u00e9s. Il est tr\u00e8s pr\u00e9sent dans les lieux abondamment fleuris.<\/p>\n<div id=\"attachment_228\" style=\"width: 570px\" class=\"wp-caption aligncenter\"><a href=\"https:\/\/www.preservons-la-nature.fr\/blog\/wp-content\/uploads\/2011\/03\/DSC1648.jpg\"><img loading=\"lazy\" decoding=\"async\" aria-describedby=\"caption-attachment-228\" class=\"size-full wp-image-228 \" title=\"Inachis io (Paon du jour)\" src=\"https:\/\/www.preservons-la-nature.fr\/blog\/wp-content\/uploads\/2011\/03\/DSC1648.jpg\" alt=\"Inachis io (Paon du jour)\" width=\"560\" height=\"373\" srcset=\"https:\/\/preservons-la-nature.fr\/blog\/wp-content\/uploads\/2011\/03\/DSC1648.jpg 700w, https:\/\/preservons-la-nature.fr\/blog\/wp-content\/uploads\/2011\/03\/DSC1648-300x199.jpg 300w\" sizes=\"auto, (max-width: 560px) 100vw, 560px\" \/><\/a><p id=\"caption-attachment-228\" class=\"wp-caption-text\">Inachis io (Paon du jour)<\/p><\/div>\n<p><strong>Le Vulcain (<em>Vanessa atalanta<\/em>)<br \/>\n<\/strong>Il fait partie de <strong>la famille des Nymphalidae<\/strong> et plus particuli\u00e8rement de la sous-famille des Nymphalinae. En France, il est pr\u00e9sent dans tous les d\u00e9partements. La p\u00e9riode de vol s&rsquo;\u00e9tale de juin \u00e0 octobre en g\u00e9n\u00e9ralement deux g\u00e9n\u00e9rations. Sa chenille est de couleur noire. Sa plante-h\u00f4te (chenille)\u00a0est essentiellement l&rsquo;ortie (Urtica dioica). L&rsquo;imago hiberne dans la r\u00e9gion m\u00e9diterran\u00e9enne dans les abris, sous les pierres.<\/p>\n<p>L&rsquo;individu ci-dessous correspond certainement \u00e0 un imago ayant hibern\u00e9 en r\u00e9gion m\u00e9diterran\u00e9enne et effectuant une remont\u00e9e vers le Nord.<\/p>\n<div id=\"attachment_229\" style=\"width: 570px\" class=\"wp-caption aligncenter\"><a href=\"https:\/\/www.preservons-la-nature.fr\/blog\/wp-content\/uploads\/2011\/03\/DSC07396.jpg\"><img loading=\"lazy\" decoding=\"async\" aria-describedby=\"caption-attachment-229\" class=\"size-full wp-image-229 \" title=\"Le Vulcain (Vanessa atalanta)\" src=\"https:\/\/www.preservons-la-nature.fr\/blog\/wp-content\/uploads\/2011\/03\/DSC07396.jpg\" alt=\"Le Vulcain (Vanessa atalanta)\" width=\"560\" height=\"374\" srcset=\"https:\/\/preservons-la-nature.fr\/blog\/wp-content\/uploads\/2011\/03\/DSC07396.jpg 700w, https:\/\/preservons-la-nature.fr\/blog\/wp-content\/uploads\/2011\/03\/DSC07396-300x200.jpg 300w\" sizes=\"auto, (max-width: 560px) 100vw, 560px\" \/><\/a><p id=\"caption-attachment-229\" class=\"wp-caption-text\">Le Vulcain (Vanessa atalanta)<\/p><\/div>\n<p>Voici le dessous des ailes de ce l\u00e9pidopt\u00e8re :<\/p>\n<div id=\"attachment_230\" style=\"width: 570px\" class=\"wp-caption aligncenter\"><a href=\"https:\/\/www.preservons-la-nature.fr\/blog\/wp-content\/uploads\/2011\/03\/DSC00003.jpg\"><img loading=\"lazy\" decoding=\"async\" aria-describedby=\"caption-attachment-230\" class=\"size-full wp-image-230 \" title=\"Le Vulcain (Vanessa atalanta)\" src=\"https:\/\/www.preservons-la-nature.fr\/blog\/wp-content\/uploads\/2011\/03\/DSC00003.jpg\" alt=\"Le Vulcain (Vanessa atalanta)\" width=\"560\" height=\"373\" srcset=\"https:\/\/preservons-la-nature.fr\/blog\/wp-content\/uploads\/2011\/03\/DSC00003.jpg 700w, https:\/\/preservons-la-nature.fr\/blog\/wp-content\/uploads\/2011\/03\/DSC00003-300x199.jpg 300w\" sizes=\"auto, (max-width: 560px) 100vw, 560px\" \/><\/a><p id=\"caption-attachment-230\" class=\"wp-caption-text\">Le Vulcain (Vanessa atalanta)<\/p><\/div>\n","protected":false},"excerpt":{"rendered":"<p>Sur le bord de Loire, ce week-end, nous avons pu observer les premiers papillons de l&rsquo;ann\u00e9e qui s&rsquo;activaient autour des pruniers en fleurs. Ont \u00e9t\u00e9 observ\u00e9s le Paon du jour et le Vulcain. Ces papillons sont tr\u00e8s communs. Le paon &hellip; <a href=\"https:\/\/preservons-la-nature.fr\/blog\/?p=227\">Continuer la lecture <span class=\"meta-nav\">&rarr;<\/span><\/a><\/p>\n","protected":false},"author":1,"featured_media":0,"comment_status":"open","ping_status":"open","sticky":false,"template":"","format":"standard","meta":{"footnotes":""},"categories":[3],"tags":[10,7],"class_list":["post-227","post","type-post","status-publish","format-standard","hentry","category-laloire","tag-lepidoptere","tag-loire"],"_links":{"self":[{"href":"https:\/\/preservons-la-nature.fr\/blog\/index.php?rest_route=\/wp\/v2\/posts\/227","targetHints":{"allow":["GET"]}}],"collection":[{"href":"https:\/\/preservons-la-nature.fr\/blog\/index.php?rest_route=\/wp\/v2\/posts"}],"about":[{"href":"https:\/\/preservons-la-nature.fr\/blog\/index.php?rest_route=\/wp\/v2\/types\/post"}],"author":[{"embeddable":true,"href":"https:\/\/preservons-la-nature.fr\/blog\/index.php?rest_route=\/wp\/v2\/users\/1"}],"replies":[{"embeddable":true,"href":"https:\/\/preservons-la-nature.fr\/blog\/index.php?rest_route=%2Fwp%2Fv2%2Fcomments&post=227"}],"version-history":[{"count":4,"href":"https:\/\/preservons-la-nature.fr\/blog\/index.php?rest_route=\/wp\/v2\/posts\/227\/revisions"}],"predecessor-version":[{"id":232,"href":"https:\/\/preservons-la-nature.fr\/blog\/index.php?rest_route=\/wp\/v2\/posts\/227\/revisions\/232"}],"wp:attachment":[{"href":"https:\/\/preservons-la-nature.fr\/blog\/index.php?rest_route=%2Fwp%2Fv2%2Fmedia&parent=227"}],"wp:term":[{"taxonomy":"category","embeddable":true,"href":"https:\/\/preservons-la-nature.fr\/blog\/index.php?rest_route=%2Fwp%2Fv2%2Fcategories&post=227"},{"taxonomy":"post_tag","embeddable":true,"href":"https:\/\/preservons-la-nature.fr\/blog\/index.php?rest_route=%2Fwp%2Fv2%2Ftags&post=227"}],"curies":[{"name":"wp","href":"https:\/\/api.w.org\/{rel}","templated":true}]}}