{"id":2256,"date":"2014-01-24T00:12:33","date_gmt":"2014-01-23T23:12:33","guid":{"rendered":"https:\/\/www.preservons-la-nature.fr\/blog\/?p=2256"},"modified":"2014-01-21T21:48:46","modified_gmt":"2014-01-21T20:48:46","slug":"blackstonia-perfoliata-l-huds-subsp-perfoliata-blackstonie-perfoliee","status":"publish","type":"post","link":"https:\/\/preservons-la-nature.fr\/blog\/?p=2256","title":{"rendered":"Blackstonia perfoliata (L.) Huds. ( Centaur\u00e9e perfoli\u00e9e )"},"content":{"rendered":"<div id=\"attachment_2493\" style=\"width: 370px\" class=\"wp-caption aligncenter\"><a href=\"https:\/\/www.preservons-la-nature.fr\/blog\/wp-content\/uploads\/2014\/12\/DSC9734.jpg\"><img loading=\"lazy\" decoding=\"async\" aria-describedby=\"caption-attachment-2493\" class=\" wp-image-2493 \" title=\"Blackstonia perfoliata (L.) Huds. ( Centaur\u00e9e perfoli\u00e9e )\" alt=\"Blackstonia perfoliata (L.) Huds. ( Centaur\u00e9e perfoli\u00e9e )\" src=\"https:\/\/www.preservons-la-nature.fr\/blog\/wp-content\/uploads\/2014\/12\/DSC9734.jpg\" width=\"360\" height=\"540\" srcset=\"https:\/\/preservons-la-nature.fr\/blog\/wp-content\/uploads\/2014\/12\/DSC9734.jpg 400w, https:\/\/preservons-la-nature.fr\/blog\/wp-content\/uploads\/2014\/12\/DSC9734-200x300.jpg 200w\" sizes=\"auto, (max-width: 360px) 100vw, 360px\" \/><\/a><p id=\"caption-attachment-2493\" class=\"wp-caption-text\">Blackstonia perfoliata (L.) Huds. ( Centaur\u00e9e perfoli\u00e9e )<\/p><\/div>\n<p><span style=\"text-decoration: underline;\">Nom :<\/span> <i>Blackstonia perfoliata (L.) Huds.<\/i> ( Centaur\u00e9e perfoli\u00e9e )<\/p>\n<p><span style=\"text-decoration: underline;\">Autre(s) nom(s) :<\/span><br \/>\nBlackstonie perfoli\u00e9e, Centaur\u00e9e jaune, Chlore perfoli\u00e9e, Chlorette.<\/p>\n<p><span style=\"text-decoration: underline;\">Famille :<\/span> GENTIANACEAE<\/p>\n<p><span style=\"text-decoration: underline;\">Floraison :<\/span> Mai &#8211; Septembre<\/p>\n<p><span style=\"text-decoration: underline;\">Forme biologique :<\/span><br \/>\nTh\u00e9rophyte.<\/p>\n<p><span style=\"text-decoration: underline;\">R\u00e9partition fran\u00e7aise :<\/span><br \/>\nOn la retrouve dans une grande partie du pays, essentiellement sur les terrains marneux ou argileux, ainsi que sur le littoral. Elle est beaucoup plus rare dans les r\u00e9gions de sols siliceux et en montagne.<\/p>\n<p><span style=\"text-decoration: underline;\">Pr\u00e9sent dans le(s) d\u00e9partement(s) suivant(s) :<\/span><br \/>\nAin, Aisne, Allier, Alpes-de-Haute-Provence, Alpes-Maritimes, Ard\u00e8che, Ardennes, Aube, Aude, Aveyron, Bas-Rhin, Bouches-du-Rh\u00f4ne, Calvados, Cantal, Cher, Corr\u00e8ze, C\u00f4te-d&rsquo;Or, C\u00f4tes-d&rsquo;Armor, Creuse, Dordogne, Doubs, Dr\u00f4me, Essonne, Eure, Eure-et-Loir, Finist\u00e8re, Gard, Gironde, Haute-Garonne, Haute-Loire, Haute-Marne, Hautes-Alpes, Haute-Sa\u00f4ne, Haute-Savoie, Haut-Rhin, Ille-et-Vilaine, Indre, Indre-et-Loire, Is\u00e8re, Jura, Loire-Atlantique, Loiret, Loir-et-Cher, Lot, Loz\u00e8re, Maine-et-Loire, Manche, Marne, Mayenne, Meurthe-et-Moselle, Meuse, Morbihan, Moselle, Ni\u00e8vre, Nord, Oise, Orne, Pas-de-Calais, Puy-de-D\u00f4me, Rh\u00f4ne, Sa\u00f4ne-et-Loire, Sarthe, Savoie, Seine-et-Marne, Seine-Maritime, Seine-Saint-Denis, Somme, Tarn-et-Garonne, Val-de-Marne, Val-d&rsquo;Oise, Var, Vaucluse, Vend\u00e9e, Vosges, Yonne, Yvelines.<\/p>\n<p><span style=\"text-decoration: underline;\">Ecologie :<\/span><br \/>\nC&rsquo;est une esp\u00e8ce qui aime bien la lumi\u00e8re. On peut la retrouver dans les d\u00e9pressions dunaires. L&rsquo;esp\u00e8ce appr\u00e9cie les pelouses ou coteaux marneux ou marno-calcaires.<\/p>\n<p><span style=\"text-decoration: underline;\">Phytosociologie :<\/span><i><\/i><\/p>\n<table>\n<tbody>\n<tr>\n<td>Alliance<\/td>\n<td>Ordre<\/td>\n<td>Classe<\/td>\n<\/tr>\n<tr>\n<td><strong>Adiantion capilli-veneris<\/strong><\/td>\n<td><strong>Adiantetalia capilli-veneris<\/strong><\/td>\n<td><strong>Adiantetea capilli-veneris<\/strong><\/td>\n<\/tr>\n<tr>\n<td><\/td>\n<td><\/td>\n<td>V\u00e9g\u00e9tation des suintements ombrag\u00e9s, en station plut\u00f4t thermophile, sur substrat calcaire, avec parfois d\u00e9p\u00f4ts de tuf.<\/td>\n<\/tr>\n<\/tbody>\n<\/table>\n<table>\n<tbody>\n<tr>\n<td>Alliance<\/td>\n<td>Ordre<\/td>\n<td>Classe<\/td>\n<\/tr>\n<tr>\n<td><strong>Brachypodio rupestris-Centaureion nemoralis<\/strong><\/td>\n<td><strong>Arrhenatheretalia elatioris<\/strong><\/td>\n<td><strong>Arrhenatheretea elatioris<\/strong><\/td>\n<\/tr>\n<tr>\n<td>Communaut\u00e9s fauch\u00e9es thermo-atlantiques et supram\u00e9diterran\u00e9ennes.<\/td>\n<td>Prairies principalement fauch\u00e9es.<\/td>\n<td>V\u00e9g\u00e9tation prairiale, plus rarement de pelouses, m\u00e9sophile ou m\u00e9sohygrophile, m\u00e9sotrophe \u00e0 eutrophe.<\/td>\n<\/tr>\n<\/tbody>\n<\/table>\n<table>\n<tbody>\n<tr>\n<td>Alliance<\/td>\n<td>Ordre<\/td>\n<td>Classe<\/td>\n<\/tr>\n<tr>\n<td><strong>Deschampsion mediae<\/strong><\/td>\n<td><strong>Holoschoenetalia vulgaris<\/strong><\/td>\n<td><strong>Molinio caeruleae-Juncetea acutiflori<\/strong><\/td>\n<\/tr>\n<tr>\n<td>Communaut\u00e9s basses sur sol marneux compact \u00e0 ass\u00e8chement estival et parfois dalles rocheuses.<\/td>\n<td>Communaut\u00e9s m\u00e9diterran\u00e9ennes.<\/td>\n<td>Prairies hygrophiles \u00e0 m\u00e9sohygrophiles, sur sol oligotrophe \u00e0 m\u00e9sotrophe.<\/td>\n<\/tr>\n<\/tbody>\n<\/table>\n<table>\n<tbody>\n<tr>\n<td>Alliance<\/td>\n<td>Ordre<\/td>\n<td>Classe<\/td>\n<\/tr>\n<tr>\n<td><strong>Gentianello amarellae-Avenulion pratensis<\/strong><\/td>\n<td><strong>Brometalia erecti<\/strong><\/td>\n<td><strong>Festuco valesiacae-Brometea erecti<\/strong><\/td>\n<\/tr>\n<tr>\n<td>Communaut\u00e9s nord-atlantiques ; extr\u00eame Nord de la France.<\/td>\n<td>Communaut\u00e9s atlantiques \u00e0 subatlantiques.<\/td>\n<td>Pelouses \u00e0 dominance d\u2019h\u00e9micryptophytes, parfois landines et garrigues sous climat subm\u00e9diterran\u00e9en, x\u00e9rophiles \u00e0 m\u00e9sox\u00e9rophiles, collin\u00e9ennes \u00e0 montagnardes, europ\u00e9ennes et ouest-sib\u00e9riennes, surtout sur substrats carbonat\u00e9s ou basiques.<\/td>\n<\/tr>\n<\/tbody>\n<\/table>\n<table>\n<tbody>\n<tr>\n<td>Alliance<\/td>\n<td>Ordre<\/td>\n<td>Classe<\/td>\n<\/tr>\n<tr>\n<td><strong>Helianthemo italici-Aphyllanthion monspeliensis<\/strong><\/td>\n<td><strong>Rosmarinetalia officinalis<\/strong><\/td>\n<td><strong>Rosmarinetea officinalis<\/strong><\/td>\n<\/tr>\n<tr>\n<td>Communaut\u00e9s m\u00e9so- \u00e0 supram\u00e9diterran\u00e9ennes, riches en h\u00e9micryptophytes, essentiellement languedociennes et de Provence occidentale.<\/td>\n<td>Communaut\u00e9s m\u00e9diterran\u00e9ennes sur sol neutre \u00e0 basique.<\/td>\n<td>Garrigues et formations cham\u00e9phytiques m\u00e9diterran\u00e9ennes \u00e0 m\u00e9diterran\u00e9o-atlantiques.<\/td>\n<\/tr>\n<\/tbody>\n<\/table>\n<table>\n<tbody>\n<tr>\n<td>Ordre<\/td>\n<td>Classe<\/td>\n<\/tr>\n<tr>\n<td><strong>Holoschoenetalia vulgaris<\/strong><\/td>\n<td><strong>Molinio caeruleae-Juncetea acutiflori<\/strong><\/td>\n<\/tr>\n<tr>\n<td>Communaut\u00e9s m\u00e9diterran\u00e9ennes.<\/td>\n<td>Prairies hygrophiles \u00e0 m\u00e9sohygrophiles, sur sol oligotrophe \u00e0 m\u00e9sotrophe.<\/td>\n<\/tr>\n<\/tbody>\n<\/table>\n<table>\n<tbody>\n<tr>\n<td>Alliance<\/td>\n<td>Ordre<\/td>\n<td>Classe<\/td>\n<\/tr>\n<tr>\n<td><strong>Mesobromion erecti<\/strong><\/td>\n<td><strong>Brometalia erecti<\/strong><\/td>\n<td><strong>Festuco valesiacae-Brometea erecti<\/strong><\/td>\n<\/tr>\n<tr>\n<td>Communaut\u00e9s subatlantiques \u00e0 atlantiques, m\u00e9sox\u00e9rophiles \u00e0 x\u00e9rophiles.<\/td>\n<td>Communaut\u00e9s atlantiques \u00e0 subatlantiques.<\/td>\n<td>Pelouses \u00e0 dominance d\u2019h\u00e9micryptophytes, parfois landines et garrigues sous climat subm\u00e9diterran\u00e9en, x\u00e9rophiles \u00e0 m\u00e9sox\u00e9rophiles, collin\u00e9ennes \u00e0 montagnardes, europ\u00e9ennes et ouest-sib\u00e9riennes, surtout sur substrats carbonat\u00e9s ou basiques.<\/td>\n<\/tr>\n<\/tbody>\n<\/table>\n<table>\n<tbody>\n<tr>\n<td>Sous-alliance<\/td>\n<td>Alliance<\/td>\n<td>Ordre<\/td>\n<td>Classe<\/td>\n<\/tr>\n<tr>\n<td><strong>Molinio arundinaceae-Pinenion sylvestris<\/strong><\/td>\n<td><strong>Erico carneae-Pinion sylvestris<\/strong><\/td>\n<td><strong>Erico carneae-Pinetalia sylvestris<\/strong><\/td>\n<td><strong>Erico carneae-Pinetea sylvestris<\/strong><\/td>\n<\/tr>\n<tr>\n<td>Communaut\u00e9s sur terrasses alluviales, marnes, molasses\u2026<\/td>\n<td>Communaut\u00e9s du Jura, Pr\u00e9alpes externes, Alpes interm\u00e9diaires et internes.<\/td>\n<td>Communaut\u00e9s domin\u00e9es par le pin sylvestre, le pin \u00e0 crochets, sur substrat calcaire \u00e0 neutre, le plus souvent m\u00e9sophiles.<\/td>\n<td>Pin\u00e8des calcicoles \u00e0 acidiclines, montagnardes et subalpines.<\/td>\n<\/tr>\n<\/tbody>\n<\/table>\n<table>\n<tbody>\n<tr>\n<td>Alliance<\/td>\n<td>Ordre<\/td>\n<td>Classe<\/td>\n<\/tr>\n<tr>\n<td><strong>Molinion caeruleae<\/strong><\/td>\n<td><strong>Molinietalia caeruleae<\/strong><\/td>\n<td><strong>Molinio caeruleae-Juncetea acutiflori<\/strong><\/td>\n<\/tr>\n<tr>\n<td>Communaut\u00e9s sur sol paratourbeux basique, oligotrophe.<\/td>\n<td>Communaut\u00e9s non m\u00e9diterran\u00e9ennes sur sols tourbeux \u00e0 paratourbeux.<\/td>\n<td>Prairies hygrophiles \u00e0 m\u00e9sohygrophiles, sur sol oligotrophe \u00e0 m\u00e9sotrophe.<\/td>\n<\/tr>\n<\/tbody>\n<\/table>\n<table>\n<tbody>\n<tr>\n<td>Alliance<\/td>\n<td>Ordre<\/td>\n<td>Classe<\/td>\n<\/tr>\n<tr>\n<td><strong>Nanocyperion flavescentis<\/strong><\/td>\n<td><strong>Nanocyperetalia flavescentis<\/strong><\/td>\n<td><strong>Isoeto durieui-Juncetea bufonii<\/strong><\/td>\n<\/tr>\n<tr>\n<td>Communaut\u00e9s des sols argileux et tourbeux.<\/td>\n<td>Communaut\u00e9s m\u00e9so-hygrophiles m\u00e9diterran\u00e9o-atlantiques \u00e0 continentales des sols de niveau topographique moyen.<\/td>\n<td>V\u00e9g\u00e9tation pionni\u00e8re riche en annuelles, hygrophile \u00e0 m\u00e9sohygrophile, des sols exond\u00e9s ou humides, oligotrophes \u00e0 m\u00e9so-eutrophes.<\/td>\n<\/tr>\n<\/tbody>\n<\/table>\n<table>\n<tbody>\n<tr>\n<td>Alliance<\/td>\n<td>Ordre<\/td>\n<td>Classe<\/td>\n<\/tr>\n<tr>\n<td><strong>Quercion pubescenti-sessiliflorae<\/strong><\/td>\n<td><strong>Quercetalia pubescenti-sessiliflorae<\/strong><\/td>\n<td><strong>Querco roboris-Fagetea sylvaticae<\/strong><\/td>\n<\/tr>\n<tr>\n<td>Communaut\u00e9s supram\u00e9diterran\u00e9ennes avec irradiations septentrionales.<\/td>\n<td>Communaut\u00e9s thermophiles sous influence m\u00e9diterran\u00e9enne \u00e0 thermo-continentale.<\/td>\n<td>For\u00eats temp\u00e9r\u00e9es caducifoli\u00e9es ou mixtes, collin\u00e9ennes et montagnardes (plus rarement subalpines), ainsi que supram\u00e9diterran\u00e9ennes.<\/td>\n<\/tr>\n<\/tbody>\n<\/table>\n<table>\n<tbody>\n<tr>\n<td>Sous-alliance<\/td>\n<td>Alliance<\/td>\n<td>Ordre<\/td>\n<td>Classe<\/td>\n<\/tr>\n<tr>\n<td><strong>Tetragonolobo maritimi-Mesobromenion erecti<\/strong><\/td>\n<td><strong>Mesobromion erecti<\/strong><\/td>\n<td><strong>Brometalia erecti<\/strong><\/td>\n<td><strong>Festuco valesiacae-Brometea erecti<\/strong><\/td>\n<\/tr>\n<tr>\n<td>Communaut\u00e9s des sols marneux.<\/td>\n<td>Communaut\u00e9s subatlantiques \u00e0 atlantiques, m\u00e9sox\u00e9rophiles \u00e0 x\u00e9rophiles.<\/td>\n<td>Communaut\u00e9s atlantiques \u00e0 subatlantiques.<\/td>\n<td>Pelouses \u00e0 dominance d\u2019h\u00e9micryptophytes, parfois landines et garrigues sous climat subm\u00e9diterran\u00e9en, x\u00e9rophiles \u00e0 m\u00e9sox\u00e9rophiles, collin\u00e9ennes \u00e0 montagnardes, europ\u00e9ennes et ouest-sib\u00e9riennes, surtout sur substrats carbonat\u00e9s ou basiques.<\/td>\n<\/tr>\n<\/tbody>\n<\/table>\n<p><span style=\"text-decoration: underline;\">Protection :<\/span><br \/>\n&#8211; Liste des esp\u00e8ces v\u00e9g\u00e9tales prot\u00e9g\u00e9es en r\u00e9gion Alsace Article 1 (1993)<br \/>\n&#8211; Liste des esp\u00e8ces v\u00e9g\u00e9tales prot\u00e9g\u00e9es en r\u00e9gion Lorraine Article 1 (1994)<br \/>\n&#8211; Liste des esp\u00e8ces v\u00e9g\u00e9tales prot\u00e9g\u00e9es en r\u00e9gion Poitou-Charentes Article 1 (1988)<\/p>\n<div id=\"attachment_2494\" style=\"width: 370px\" class=\"wp-caption aligncenter\"><a href=\"https:\/\/www.preservons-la-nature.fr\/blog\/wp-content\/uploads\/2014\/12\/DSC9735.jpg\"><img loading=\"lazy\" decoding=\"async\" aria-describedby=\"caption-attachment-2494\" class=\" wp-image-2494\" title=\"Blackstonia perfoliata (L.) Huds. ( Centaur\u00e9e perfoli\u00e9e )\" alt=\"Blackstonia perfoliata (L.) Huds. ( Centaur\u00e9e perfoli\u00e9e )\" src=\"https:\/\/www.preservons-la-nature.fr\/blog\/wp-content\/uploads\/2014\/12\/DSC9735.jpg\" width=\"360\" height=\"540\" srcset=\"https:\/\/preservons-la-nature.fr\/blog\/wp-content\/uploads\/2014\/12\/DSC9735.jpg 400w, https:\/\/preservons-la-nature.fr\/blog\/wp-content\/uploads\/2014\/12\/DSC9735-200x300.jpg 200w\" sizes=\"auto, (max-width: 360px) 100vw, 360px\" \/><\/a><p id=\"caption-attachment-2494\" class=\"wp-caption-text\">Blackstonia perfoliata (L.) Huds. ( Centaur\u00e9e perfoli\u00e9e )<\/p><\/div>\n<p><span style=\"text-decoration: underline;\">Description :<\/span><br \/>\nLa hauteur de cette plante annuelle varie de 20 \u00e0 60 cm. La tige est droite et devient rameuse au sommet. Les feuilles de la base sont dispos\u00e9es en rosette. Elles sont de forme obovale. Les feuilles sup\u00e9rieures sont oppos\u00e9es et de forme ovale \u00e0 triangulaire. Elles comportent un mucron. L&rsquo;inflorescence est en corymbe. Les fleurs sont de couleur jaune vif. Le p\u00e9doncule est plut\u00f4t long (3 \u00e0 4 cm). Le calice comportent de fines lanni\u00e8res avec une nervure centr\u00e9e ne d\u00e9passant pas la corolle constitu\u00e9e d&rsquo;au moins 8 lobes oblongs. Le fruit se compose d&rsquo;une capsule ovo\u00efde.<\/p>\n<p><span style=\"text-decoration: underline;\">Usages \/ particularit\u00e9s :<\/span><br \/>\nElle poss\u00e8de des propri\u00e9t\u00e9s vuln\u00e9raires. Elle est utilis\u00e9e \u00e9galement comme plante ornementale.<\/p>\n<p><span style=\"text-decoration: underline;\">Taxonomie :<\/span><br \/>\n<i>Blackstonia perfoliata (L.) Huds.<\/i> a pour synonymes (Informations issues de la BDTFX Version 2.0, <a href=\"http:\/\/www.tela-botanica.org\" target=\"_blank\">Tela Botanica<\/a>) :<i><br \/>\n&#8211; Centaurium perfoliatum (L.) E.H.L.Krause<br \/>\n&#8211; Chironia perfoliata (L.) Salisb.<br \/>\n&#8211; Chlora perfoliata (L.) L.<br \/>\n&#8211; Gentiana perfoliata L.<br \/>\n&#8211; Seguiera perfoliata (L.) Kuntze<br \/>\n<\/i><br \/>\n<span style=\"text-decoration: underline;\">Sous-esp\u00e8ces ou vari\u00e9t\u00e9s :<\/span><br \/>\n<i>&#8211; Blackstonia perfoliata (L.) Huds. subsp. perfoliata<br \/>\n&#8211; Blackstonia perfoliata subsp. intermedia (Ten.) Zeltner<br \/>\n<\/i><br \/>\n<span style=\"text-decoration: underline;\">Bibliographie :<\/span><\/p>\n<ul>\n<li>Atlas de la flore d&rsquo;Auvergne ; P. Antonetti, E. Brugel, F. Kessler, J-P. Barbe, M. Tort ; Editions Biotope 2006<\/li>\n<li>Atlas de la flore de sauvage de Seine-et-Marne ; S. Filoche, F. Perriat, J. Moret, F. Hendoux ; Librairie des mus\u00e9es 2010<\/li>\n<li>Atlas de la flore des Hautes-Alpes ; E. Chas ; Conservatoire botanique national alpin de Gap-Charance 1994<\/li>\n<li>Atlas de la flore sauvage de Bourgogne ; O. Bardet, E. F\u00e9doroff, G. Causse, J. Moret ; Editions Biotope 2008<\/li>\n<li>Atlas de la flore sauvage du d\u00e9partement de la Sarthe ; G. Hunault, J. Moret ; Editions Biotope 2009<\/li>\n<li>Atlas de la flore sauvage du d\u00e9partement de l&rsquo;Essonne ; G. Arnal, J. Guittet ; Editions Biotope 2004<\/li>\n<li>Atlas de la flore sauvage du d\u00e9partement d&rsquo;Eure-et-Loir ; R. Dupr\u00e9, P. Boudier, P. Delahaye, M. Joly, J. Cordier, J. Moret ; Editions Biotope 2009<\/li>\n<li>Atlas de la flore sauvage du d\u00e9partement du Loiret ; D. Pujol, J. Cordier, J. Moret ; Editions Biotope 2008<\/li>\n<li>Atlas floristique de la Loire-Atlantique et de la Vend\u00e9e ; P. Dupont ; Editions Silo\u00eb 2001<\/li>\n<li>Catalogue des plantes vasculaires de la cha\u00eene jurassienne ; J-F. Prost ; Soci\u00e9t\u00e9 Linn\u00e9enne de Lyon 2010<\/li>\n<li>Flore de Dordogne ; B. B\u00e9d\u00e9 ; Soci\u00e9t\u00e9 botanique du P\u00e9rigord 2011<\/li>\n<li>Flore de France ; H. Coste ; Librairie des sciences et des Arts 1937<\/li>\n<li>Flore de la Dr\u00f4me, Atlas \u00e9cologique et floristique ; L. Garraud ; Conservatoire botanique national alpin de Gap-Charance 2003<\/li>\n<li>Flore de la Flandre fran\u00e7aise ; Collectif ; Conservatoire botanique de Bailleul 2008<\/li>\n<li>Flore d&rsquo;Ile de France ; P. Jauzein, O. Nawrot ; Editions Quae 2011<\/li>\n<li>Flore et v\u00e9g\u00e9tation du massif armoricain ; H. des Abbayes ; Editions d\u2019arts 2012<\/li>\n<li>Flore foresti\u00e8re fran\u00e7aise Tome 3 R\u00e9gion m\u00e9diterran\u00e9enne ; J-C. Rameau, D. Mansion, G. Dum\u00e9, C. Gauberville ; Institut pour le d\u00e9veloppement forestier 2008<\/li>\n<li>Flore vasculaire de Basse-Normandie ; M. Provost ; Presses universitaires de Caen 1998<\/li>\n<li>Guide de la flore des Alpes-Maritimes, du Mercantour \u00e0 la M\u00e9diterran\u00e9e ; L. Carles, L. Th\u00e9bault ; Giletta Nice-Matin 2010<\/li>\n<li>La flore d\u2019Ille et vilaine ; L. Diard ; Editions Silo\u00eb 2005<\/li>\n<li>La flore de la Mayenne ; C. David, M. G\u00e9rard, H. Hubert, B. Jarri, Y. de Labarre, M. Ravet ; Editions Silo\u00eb 2009<\/li>\n<li>La flore des C\u00f4tes d\u2019Armor ; D. Philippon, R. Preli, L. Poux ; Editions Silo\u00eb 2006<\/li>\n<li>La flore du d\u00e9partement de Vaucluse ; B. Girerd ; Editions Barth\u00e9l\u00e9my 1993<\/li>\n<li>La flore du Finist\u00e8re ; E. Qu\u00e9r\u00e9, S. Magnanon, R. Ragot, L. Gager, F. Hardy ; Editions Silo\u00eb 2009<\/li>\n<li>La flore du Morbihan ; G. Rivi\u00e8re ; Editions Silo\u00eb 2007<\/li>\n<li>Les plantes prot\u00e9g\u00e9es de Lorraine, Distribution, \u00e9cologie, conservation ; S. Muller ; Editions Biotope 2006<\/li>\n<li>Nouvelle flore de la Belgique, du G.-D. de Luxembourg, du Nord de la France et des r\u00e9gions voisines (5\u00e8me \u00e9dition) ; J. Lambinon, L. Delvosalle, J. Duvigneaud ; Edition du jardin botanique national de Belgique 2008<\/li>\n<li>Plantes et v\u00e9g\u00e9tation en Limousin, atlas de la flore vasculaire ; E. Brugel, L. Brunerye, A. Vilks ; Espaces naturels du Limousin 2001<\/li>\n<\/ul>\n","protected":false},"excerpt":{"rendered":"<p>Nom : Blackstonia perfoliata (L.) Huds. ( Centaur\u00e9e perfoli\u00e9e ) Autre(s) nom(s) : Blackstonie perfoli\u00e9e, Centaur\u00e9e jaune, Chlore perfoli\u00e9e, Chlorette. Famille : GENTIANACEAE Floraison : Mai &#8211; Septembre Forme biologique : Th\u00e9rophyte. R\u00e9partition fran\u00e7aise : On la retrouve dans une &hellip; <a href=\"https:\/\/preservons-la-nature.fr\/blog\/?p=2256\">Continuer la lecture <span class=\"meta-nav\">&rarr;<\/span><\/a><\/p>\n","protected":false},"author":1,"featured_media":0,"comment_status":"open","ping_status":"open","sticky":false,"template":"","format":"standard","meta":{"footnotes":""},"categories":[87],"tags":[67],"class_list":["post-2256","post","type-post","status-publish","format-standard","hentry","category-ficheplante","tag-gentianacees"],"_links":{"self":[{"href":"https:\/\/preservons-la-nature.fr\/blog\/index.php?rest_route=\/wp\/v2\/posts\/2256","targetHints":{"allow":["GET"]}}],"collection":[{"href":"https:\/\/preservons-la-nature.fr\/blog\/index.php?rest_route=\/wp\/v2\/posts"}],"about":[{"href":"https:\/\/preservons-la-nature.fr\/blog\/index.php?rest_route=\/wp\/v2\/types\/post"}],"author":[{"embeddable":true,"href":"https:\/\/preservons-la-nature.fr\/blog\/index.php?rest_route=\/wp\/v2\/users\/1"}],"replies":[{"embeddable":true,"href":"https:\/\/preservons-la-nature.fr\/blog\/index.php?rest_route=%2Fwp%2Fv2%2Fcomments&post=2256"}],"version-history":[{"count":8,"href":"https:\/\/preservons-la-nature.fr\/blog\/index.php?rest_route=\/wp\/v2\/posts\/2256\/revisions"}],"predecessor-version":[{"id":2496,"href":"https:\/\/preservons-la-nature.fr\/blog\/index.php?rest_route=\/wp\/v2\/posts\/2256\/revisions\/2496"}],"wp:attachment":[{"href":"https:\/\/preservons-la-nature.fr\/blog\/index.php?rest_route=%2Fwp%2Fv2%2Fmedia&parent=2256"}],"wp:term":[{"taxonomy":"category","embeddable":true,"href":"https:\/\/preservons-la-nature.fr\/blog\/index.php?rest_route=%2Fwp%2Fv2%2Fcategories&post=2256"},{"taxonomy":"post_tag","embeddable":true,"href":"https:\/\/preservons-la-nature.fr\/blog\/index.php?rest_route=%2Fwp%2Fv2%2Ftags&post=2256"}],"curies":[{"name":"wp","href":"https:\/\/api.w.org\/{rel}","templated":true}]}}