{"id":2254,"date":"2014-01-23T00:10:56","date_gmt":"2014-01-22T23:10:56","guid":{"rendered":"https:\/\/www.preservons-la-nature.fr\/blog\/?p=2254"},"modified":"2014-01-20T22:15:23","modified_gmt":"2014-01-20T21:15:23","slug":"lagurus-ovatus-l-queue-de-lievre","status":"publish","type":"post","link":"https:\/\/preservons-la-nature.fr\/blog\/?p=2254","title":{"rendered":"Lagurus ovatus L. ( Lagure queue-de-li\u00e8vre )"},"content":{"rendered":"<div id=\"attachment_2490\" style=\"width: 650px\" class=\"wp-caption aligncenter\"><a href=\"https:\/\/www.preservons-la-nature.fr\/blog\/wp-content\/uploads\/2014\/12\/DSC1041.jpg\"><img loading=\"lazy\" decoding=\"async\" aria-describedby=\"caption-attachment-2490\" class=\" wp-image-2490 \" title=\"Lagurus ovatus L. ( Lagure queue-de-li\u00e8vre )\" alt=\"Lagurus ovatus L. ( Lagure queue-de-li\u00e8vre )\" src=\"https:\/\/www.preservons-la-nature.fr\/blog\/wp-content\/uploads\/2014\/12\/DSC1041.jpg\" width=\"640\" height=\"426\" srcset=\"https:\/\/preservons-la-nature.fr\/blog\/wp-content\/uploads\/2014\/12\/DSC1041.jpg 800w, https:\/\/preservons-la-nature.fr\/blog\/wp-content\/uploads\/2014\/12\/DSC1041-300x199.jpg 300w\" sizes=\"auto, (max-width: 640px) 100vw, 640px\" \/><\/a><p id=\"caption-attachment-2490\" class=\"wp-caption-text\">Lagurus ovatus L. ( Lagure queue-de-li\u00e8vre )<\/p><\/div>\n<p><span style=\"text-decoration: underline;\">Nom :<\/span> <i>Lagurus ovatus L.<\/i> ( Lagure queue-de-li\u00e8vre )<\/p>\n<p><span style=\"text-decoration: underline;\">Autre(s) nom(s) :<\/span><br \/>\nChaton, Gros-minet, Lagure ovale, Minou, Queue-de-li\u00e8vre.<\/p>\n<p><span style=\"text-decoration: underline;\">Famille :<\/span> POACEAE<\/p>\n<p><span style=\"text-decoration: underline;\">Floraison :<\/span> Avril &#8211; Juillet<\/p>\n<p><span style=\"text-decoration: underline;\">Forme biologique :<\/span><br \/>\nH\u00e9micryptophyte bisannuel, Th\u00e9rophyte.<\/p>\n<p><span style=\"text-decoration: underline;\">R\u00e9partition fran\u00e7aise :<\/span><br \/>\nOn retrouve cette esp\u00e8ce en r\u00e9gion m\u00e9diterran\u00e9enne mais aussi sur le littoral atlantique.<\/p>\n<p><span style=\"text-decoration: underline;\">Pr\u00e9sent dans le(s) d\u00e9partement(s) suivant(s) :<\/span><br \/>\nAlpes-Maritimes, Ard\u00e8che, Bouches-du-Rh\u00f4ne, Calvados, Charente-Maritime, Corse-du-Sud, C\u00f4tes-d&rsquo;Armor, Dr\u00f4me, Essonne, Eure-et-Loir, Finist\u00e8re, Gard, Haute-Corse, Haute-Sa\u00f4ne, Hauts-de-Seine, H\u00e9rault, Ille-et-Vilaine, Is\u00e8re, Loire-Atlantique, Loiret, Lot, Maine-et-Loire, Manche, Marne, Mayenne, Morbihan, Orne, Paris, Pyr\u00e9n\u00e9es-Orientales, Sa\u00f4ne-et-Loire, Sarthe, Val-de-Marne, Val-d&rsquo;Oise, Var, Vaucluse, Vend\u00e9e, Yvelines.<\/p>\n<p><span style=\"text-decoration: underline;\">R\u00e9partition mondiale :<\/span><br \/>\nElle se r\u00e9partie essentiellement autour de la m\u00e9diterran\u00e9e.<\/p>\n<p><span style=\"text-decoration: underline;\">Ecologie :<\/span><br \/>\nIl s&rsquo;agit d&rsquo;une esp\u00e8ce psammophile. On la retrouve donc naturellement sur les dunes et chemins du littoral.<\/p>\n<p><span style=\"text-decoration: underline;\">Phytosociologie :<\/span><i><\/i><\/p>\n<table>\n<tbody>\n<tr>\n<td>Ordre<\/td>\n<td>Classe<\/td>\n<\/tr>\n<tr>\n<td><strong>Ammophiletalia australis<\/strong><\/td>\n<td><strong>Euphorbio paraliae-Ammophiletea australis<\/strong><\/td>\n<\/tr>\n<tr>\n<td>Communaut\u00e9s des avant-dunes et dunes meubles \u00e0 semi-fix\u00e9es, essentiellement m\u00e9diterran\u00e9ennes avec irradiations pr\u00e9pontique et hyper-atlantique.<\/td>\n<td>V\u00e9g\u00e9tation vivace pionni\u00e8re des sables dunaires m\u00e9diterran\u00e9enne \u00e0 m\u00e9diterran\u00e9o-atlantique et pr\u00e9pontique.<\/td>\n<\/tr>\n<\/tbody>\n<\/table>\n<table>\n<tbody>\n<tr>\n<td>Alliance<\/td>\n<td>Ordre<\/td>\n<td>Classe<\/td>\n<\/tr>\n<tr>\n<td><strong>Ammophilion arenariae<\/strong><\/td>\n<td><strong>Ammophiletalia australis<\/strong><\/td>\n<td><strong>Euphorbio paraliae-Ammophiletea australis<\/strong><\/td>\n<\/tr>\n<tr>\n<td>Communaut\u00e9s cantabro-atlantiques (jusqu&rsquo;en Manche orientale).<\/td>\n<td>Communaut\u00e9s des avant-dunes et dunes meubles \u00e0 semi-fix\u00e9es, essentiellement m\u00e9diterran\u00e9ennes avec irradiations pr\u00e9pontique et hyper-atlantique.<\/td>\n<td>V\u00e9g\u00e9tation vivace pionni\u00e8re des sables dunaires m\u00e9diterran\u00e9enne \u00e0 m\u00e9diterran\u00e9o-atlantique et pr\u00e9pontique.<\/td>\n<\/tr>\n<\/tbody>\n<\/table>\n<table>\n<tbody>\n<tr>\n<td>Alliance<\/td>\n<td>Ordre<\/td>\n<td>Classe<\/td>\n<\/tr>\n<tr>\n<td><strong>Crucianellion maritimae<\/strong><\/td>\n<td><strong>Ammophiletalia australis<\/strong><\/td>\n<td><strong>Euphorbio paraliae-Ammophiletea australis<\/strong><\/td>\n<\/tr>\n<tr>\n<td>Communaut\u00e9s des arri\u00e8re-dunes m\u00e9diterran\u00e9ennes occidentales.<\/td>\n<td>Communaut\u00e9s des avant-dunes et dunes meubles \u00e0 semi-fix\u00e9es, essentiellement m\u00e9diterran\u00e9ennes avec irradiations pr\u00e9pontique et hyper-atlantique.<\/td>\n<td>V\u00e9g\u00e9tation vivace pionni\u00e8re des sables dunaires m\u00e9diterran\u00e9enne \u00e0 m\u00e9diterran\u00e9o-atlantique et pr\u00e9pontique.<\/td>\n<\/tr>\n<\/tbody>\n<\/table>\n<table>\n<tbody>\n<tr>\n<td>Classe<\/td>\n<\/tr>\n<tr>\n<td><strong>Helianthemetea guttati<\/strong><\/td>\n<\/tr>\n<tr>\n<td>V\u00e9g\u00e9tations annuelles acidiphiles des sols souvent sableux, oligotrophes, et des lithosols.<\/td>\n<\/tr>\n<\/tbody>\n<\/table>\n<table>\n<tbody>\n<tr>\n<td>Alliance<\/td>\n<td>Ordre<\/td>\n<td>Classe<\/td>\n<\/tr>\n<tr>\n<td><strong>Laguro ovati-Bromion rigidi<\/strong><\/td>\n<td><strong>Brometalia rubenti-tectorum<\/strong><\/td>\n<td><strong>Sisymbrietea officinalis<\/strong><\/td>\n<\/tr>\n<tr>\n<td>Communaut\u00e9s m\u00e9diterran\u00e9ennes et atlantiques des arri\u00e8re-dunes plus ou moins perturb\u00e9es.<\/td>\n<td>Communaut\u00e9s subnitrophiles, vernales plut\u00f4t x\u00e9roclines, des sols s\u00e9chards peu \u00e9pais, m\u00e9diterran\u00e9ennes \u00e0 thermo-atlantiques.<\/td>\n<td>V\u00e9g\u00e9tation anthropog\u00e8ne \u00e0 dominante d\u2019annuelles et de bisannuelles, plus ou moins nitrophile, des stations rud\u00e9ralis\u00e9es et irr\u00e9guli\u00e8rement pertub\u00e9es.<\/td>\n<\/tr>\n<\/tbody>\n<\/table>\n<table>\n<tbody>\n<tr>\n<td>Alliance<\/td>\n<td>Ordre<\/td>\n<td>Classe<\/td>\n<\/tr>\n<tr>\n<td><strong>Laguro ovati-Vulpion fasciculatae<\/strong><\/td>\n<td><strong>Malcolmietalia ramosissimae<\/strong><\/td>\n<td><strong>Helianthemetea guttati<\/strong><\/td>\n<\/tr>\n<tr>\n<td>Communaut\u00e9s des dunes m\u00e9diterran\u00e9ennes en d\u00e9but d&rsquo;alt\u00e9ration.<\/td>\n<td>Communaut\u00e9s vernales, m\u00e9diterran\u00e9ennes, surtout littorales, sur sols sableux profonds, meubles en saison s\u00e8che.<\/td>\n<td>V\u00e9g\u00e9tations annuelles acidiphiles des sols souvent sableux, oligotrophes, et des lithosols.<\/td>\n<\/tr>\n<\/tbody>\n<\/table>\n<table>\n<tbody>\n<tr>\n<td>Classe<\/td>\n<\/tr>\n<tr>\n<td><strong>Stellarietea mediae<\/strong><\/td>\n<\/tr>\n<tr>\n<td>V\u00e9g\u00e9tation annuelle, nitrophile, commensale des cultures annuelles ou sarcl\u00e9es.<\/td>\n<\/tr>\n<\/tbody>\n<\/table>\n<div id=\"attachment_2491\" style=\"width: 370px\" class=\"wp-caption aligncenter\"><a href=\"https:\/\/www.preservons-la-nature.fr\/blog\/wp-content\/uploads\/2014\/12\/DSC05099.jpg\"><img loading=\"lazy\" decoding=\"async\" aria-describedby=\"caption-attachment-2491\" class=\" wp-image-2491\" title=\"Lagurus ovatus L. ( Lagure queue-de-li\u00e8vre )\" alt=\"Lagurus ovatus L. ( Lagure queue-de-li\u00e8vre )\" src=\"https:\/\/www.preservons-la-nature.fr\/blog\/wp-content\/uploads\/2014\/12\/DSC05099.jpg\" width=\"360\" height=\"540\" srcset=\"https:\/\/preservons-la-nature.fr\/blog\/wp-content\/uploads\/2014\/12\/DSC05099.jpg 400w, https:\/\/preservons-la-nature.fr\/blog\/wp-content\/uploads\/2014\/12\/DSC05099-200x300.jpg 200w\" sizes=\"auto, (max-width: 360px) 100vw, 360px\" \/><\/a><p id=\"caption-attachment-2491\" class=\"wp-caption-text\">Lagurus ovatus L. ( Lagure queue-de-li\u00e8vre )<\/p><\/div>\n<p><span style=\"text-decoration: underline;\">Description :<\/span><br \/>\nLa hauteur de cette plante annuelle varie de 10 \u00e0 50 cm. La racine est gr\u00eale. La tige est dress\u00e9e. Les feuilles sont courtes et planes. La ligule est courte, elle est pubescente. L&rsquo;inflorescence se pr\u00e9sente sous forme d&rsquo;un panicule spiciforme (en forme d&rsquo;\u00e9pi), de forme ovale, tr\u00e8s dense en \u00e9pillets comprim\u00e9s par le c\u00f4t\u00e9. Les glumes sont \u00e9gales et car\u00e9n\u00e9es et comportent une longue ar\u00eate plumeuse. Les glumelles sont membraneuses. Il y a 2 \u00e9tamines. Le caryopse (le fruit) est glabre de forme oblong.<\/p>\n<p><span style=\"text-decoration: underline;\">Usages \/ particularit\u00e9s :<\/span><br \/>\nElle est abondamment utilis\u00e9e pour les bouquets secs. Lagurus signifie en latin Queue de li\u00e8vre.<\/p>\n<p><span style=\"text-decoration: underline;\">Taxonomie :<\/span><br \/>\n<i>Lagurus ovatus L.<\/i> a pour synonymes (Informations issues de la BDTFX Version 2.0, <a href=\"http:\/\/www.tela-botanica.org\" target=\"_blank\">Tela Botanica<\/a>) :<i><br \/>\n&#8211; Lagurus dalmaticus Gand.<br \/>\n&#8211; Lagurus dimorphus Gand.<br \/>\n&#8211; Lagurus freynii Gand.<br \/>\n&#8211; Lagurus humilis Gand.<br \/>\n&#8211; Lagurus longifolius Gand.<br \/>\n&#8211; Lagurus ovatus var. glabrilemmis Maire<br \/>\n&#8211; Lagurus ovatus var. globosus Zohary<br \/>\n&#8211; Lagurus ovatus var. villilemmis Maire<br \/>\n<\/i><br \/>\n<span style=\"text-decoration: underline;\">Sous-esp\u00e8ces ou vari\u00e9t\u00e9s :<\/span><br \/>\n<i>&#8211; Lagurus ovatus L. subsp. ovatus<br \/>\n&#8211; Lagurus ovatus subsp. nanus Messeri<br \/>\n&#8211; Lagurus ovatus subsp. vestitus (Messeri) Brullo<br \/>\n<\/i><br \/>\n<span style=\"text-decoration: underline;\">Bibliographie :<\/span><\/p>\n<ul>\n<li>Atlas de la flore sauvage de Bourgogne ; O. Bardet, E. F\u00e9doroff, G. Causse, J. Moret ; Editions Biotope 2008<\/li>\n<li>Atlas de la flore sauvage du d\u00e9partement de la Sarthe ; G. Hunault, J. Moret ; Editions Biotope 2009<\/li>\n<li>Atlas de la flore sauvage du d\u00e9partement d&rsquo;Eure-et-Loir ; R. Dupr\u00e9, P. Boudier, P. Delahaye, M. Joly, J. Cordier, J. Moret ; Editions Biotope 2009<\/li>\n<li>Atlas de la flore sauvage du d\u00e9partement du Loiret ; D. Pujol, J. Cordier, J. Moret ; Editions Biotope 2008<\/li>\n<li>Atlas floristique de la Loire-Atlantique et de la Vend\u00e9e ; P. Dupont ; Editions Silo\u00eb 2001<\/li>\n<li>Flore de France ; H. Coste ; Librairie des sciences et des Arts 1937<\/li>\n<li>Flore de la Dr\u00f4me, Atlas \u00e9cologique et floristique ; L. Garraud ; Conservatoire botanique national alpin de Gap-Charance 2003<\/li>\n<li>Flore d&rsquo;Ile de France ; P. Jauzein, O. Nawrot ; Editions Quae 2011<\/li>\n<li>Flore et v\u00e9g\u00e9tation du massif armoricain ; H. des Abbayes ; Editions d\u2019arts 2012<\/li>\n<li>Flore vasculaire de Basse-Normandie ; M. Provost ; Presses universitaires de Caen 1998<\/li>\n<li>Guide de la flore des Alpes-Maritimes, du Mercantour \u00e0 la M\u00e9diterran\u00e9e ; L. Carles, L. Th\u00e9bault ; Giletta Nice-Matin 2010<\/li>\n<li>La flore d\u2019Ille et vilaine ; L. Diard ; Editions Silo\u00eb 2005<\/li>\n<li>La flore des C\u00f4tes d\u2019Armor ; D. Philippon, R. Preli, L. Poux ; Editions Silo\u00eb 2006<\/li>\n<li>La flore du d\u00e9partement de Vaucluse ; B. Girerd ; Editions Barth\u00e9l\u00e9my 1993<\/li>\n<li>La flore du Finist\u00e8re ; E. Qu\u00e9r\u00e9, S. Magnanon, R. Ragot, L. Gager, F. Hardy ; Editions Silo\u00eb 2009<\/li>\n<li>La flore du Morbihan ; G. Rivi\u00e8re ; Editions Silo\u00eb 2007<\/li>\n<\/ul>\n","protected":false},"excerpt":{"rendered":"<p>Nom : Lagurus ovatus L. ( Lagure queue-de-li\u00e8vre ) Autre(s) nom(s) : Chaton, Gros-minet, Lagure ovale, Minou, Queue-de-li\u00e8vre. Famille : POACEAE Floraison : Avril &#8211; Juillet Forme biologique : H\u00e9micryptophyte bisannuel, Th\u00e9rophyte. R\u00e9partition fran\u00e7aise : On retrouve cette esp\u00e8ce en &hellip; <a href=\"https:\/\/preservons-la-nature.fr\/blog\/?p=2254\">Continuer la lecture <span class=\"meta-nav\">&rarr;<\/span><\/a><\/p>\n","protected":false},"author":1,"featured_media":0,"comment_status":"open","ping_status":"open","sticky":false,"template":"","format":"standard","meta":{"footnotes":""},"categories":[87],"tags":[80],"class_list":["post-2254","post","type-post","status-publish","format-standard","hentry","category-ficheplante","tag-poacees"],"_links":{"self":[{"href":"https:\/\/preservons-la-nature.fr\/blog\/index.php?rest_route=\/wp\/v2\/posts\/2254","targetHints":{"allow":["GET"]}}],"collection":[{"href":"https:\/\/preservons-la-nature.fr\/blog\/index.php?rest_route=\/wp\/v2\/posts"}],"about":[{"href":"https:\/\/preservons-la-nature.fr\/blog\/index.php?rest_route=\/wp\/v2\/types\/post"}],"author":[{"embeddable":true,"href":"https:\/\/preservons-la-nature.fr\/blog\/index.php?rest_route=\/wp\/v2\/users\/1"}],"replies":[{"embeddable":true,"href":"https:\/\/preservons-la-nature.fr\/blog\/index.php?rest_route=%2Fwp%2Fv2%2Fcomments&post=2254"}],"version-history":[{"count":8,"href":"https:\/\/preservons-la-nature.fr\/blog\/index.php?rest_route=\/wp\/v2\/posts\/2254\/revisions"}],"predecessor-version":[{"id":2293,"href":"https:\/\/preservons-la-nature.fr\/blog\/index.php?rest_route=\/wp\/v2\/posts\/2254\/revisions\/2293"}],"wp:attachment":[{"href":"https:\/\/preservons-la-nature.fr\/blog\/index.php?rest_route=%2Fwp%2Fv2%2Fmedia&parent=2254"}],"wp:term":[{"taxonomy":"category","embeddable":true,"href":"https:\/\/preservons-la-nature.fr\/blog\/index.php?rest_route=%2Fwp%2Fv2%2Fcategories&post=2254"},{"taxonomy":"post_tag","embeddable":true,"href":"https:\/\/preservons-la-nature.fr\/blog\/index.php?rest_route=%2Fwp%2Fv2%2Ftags&post=2254"}],"curies":[{"name":"wp","href":"https:\/\/api.w.org\/{rel}","templated":true}]}}