{"id":2252,"date":"2014-01-20T00:10:17","date_gmt":"2014-01-19T23:10:17","guid":{"rendered":"https:\/\/www.preservons-la-nature.fr\/blog\/?p=2252"},"modified":"2014-01-19T14:32:08","modified_gmt":"2014-01-19T13:32:08","slug":"helichrysum-stoechas-l-moench-immortelle-des-dunes","status":"publish","type":"post","link":"https:\/\/preservons-la-nature.fr\/blog\/?p=2252","title":{"rendered":"Helichrysum stoechas (L.) Moench ( Immortelle )"},"content":{"rendered":"<div id=\"attachment_2474\" style=\"width: 650px\" class=\"wp-caption aligncenter\"><a href=\"https:\/\/www.preservons-la-nature.fr\/blog\/wp-content\/uploads\/2014\/12\/DSC03188.jpg\"><img loading=\"lazy\" decoding=\"async\" aria-describedby=\"caption-attachment-2474\" class=\"size-full wp-image-2474\" title=\"Helichrysum stoechas (L.) Moench ( Immortelle )\" alt=\"Helichrysum stoechas (L.) Moench ( Immortelle )\" src=\"https:\/\/www.preservons-la-nature.fr\/blog\/wp-content\/uploads\/2014\/12\/DSC03188.jpg\" width=\"640\" height=\"426\" srcset=\"https:\/\/preservons-la-nature.fr\/blog\/wp-content\/uploads\/2014\/12\/DSC03188.jpg 800w, https:\/\/preservons-la-nature.fr\/blog\/wp-content\/uploads\/2014\/12\/DSC03188-300x199.jpg 300w\" sizes=\"auto, (max-width: 640px) 100vw, 640px\" \/><\/a><p id=\"caption-attachment-2474\" class=\"wp-caption-text\">Helichrysum stoechas (L.) Moench ( Immortelle )<\/p><\/div>\n<p><span style=\"text-decoration: underline;\">Nom :<\/span> <i>Helichrysum stoechas (L.) Moench<\/i> ( Immortelle )<br \/>\n<span style=\"text-decoration: underline;\">Autre(s) nom(s) :<\/span><br \/>\nBouton d&rsquo;or, Eternelle, Immortelle des dunes, Immortelle jaune.<\/p>\n<p><span style=\"text-decoration: underline;\">Famille :<\/span> ASTERACEAE<\/p>\n<p><span style=\"text-decoration: underline;\">Floraison :<\/span> Avril &#8211; Septembre<\/p>\n<p><span style=\"text-decoration: underline;\">Forme biologique :<\/span><br \/>\nCham\u00e9phyte.<\/p>\n<p><span style=\"text-decoration: underline;\">R\u00e9partition fran\u00e7aise :<\/span><br \/>\nOn retrouve l&rsquo;esp\u00e8ce essentiellement dans la moiti\u00e9 du sud du pays. On la retrouve toutefois sur les c\u00f4tes atalntiques jusqu&rsquo;au finist\u00e8re. En alsace, les diverses stations correspondent sans doute \u00e0 des \u00e9chapp\u00e9es du jardin.<\/p>\n<p><span style=\"text-decoration: underline;\">Pr\u00e9sent dans le(s) d\u00e9partement(s) suivant(s) :<\/span><br \/>\nAin, Alpes-de-Haute-Provence, Ard\u00e8che, Aude, Aveyron, Bas-Rhin, Bouches-du-Rh\u00f4ne, Charente-Maritime, Corr\u00e8ze, Dordogne, Dr\u00f4me, Finist\u00e8re, Gard, Gers, Gironde, Hautes-Alpes, Haute-Vienne, H\u00e9rault, Is\u00e8re, Landes, Loire, Loire-Atlantique, Lot, Loz\u00e8re, Morbihan, Pyr\u00e9n\u00e9es-Atlantiques, Pyr\u00e9n\u00e9es-Orientales, Tarn-et-Garonne, Var, Vaucluse, Vend\u00e9e, Vosges.<\/p>\n<p><span style=\"text-decoration: underline;\">R\u00e9partition mondiale :<\/span><br \/>\nOn la retrouve \u00e9galement en Espagne, Portugal et Italie.<br \/>\n<div id=\"attachment_2473\" style=\"width: 370px\" class=\"wp-caption aligncenter\"><a href=\"https:\/\/www.preservons-la-nature.fr\/blog\/wp-content\/uploads\/2014\/12\/DSC8052.jpg\"><img loading=\"lazy\" decoding=\"async\" aria-describedby=\"caption-attachment-2473\" class=\" wp-image-2473\" title=\"Helichrysum stoechas (L.) Moench ( Immortelle )\" alt=\"Helichrysum stoechas (L.) Moench ( Immortelle )\" src=\"https:\/\/www.preservons-la-nature.fr\/blog\/wp-content\/uploads\/2014\/12\/DSC8052.jpg\" width=\"360\" height=\"540\" srcset=\"https:\/\/preservons-la-nature.fr\/blog\/wp-content\/uploads\/2014\/12\/DSC8052.jpg 400w, https:\/\/preservons-la-nature.fr\/blog\/wp-content\/uploads\/2014\/12\/DSC8052-200x300.jpg 200w\" sizes=\"auto, (max-width: 360px) 100vw, 360px\" \/><\/a><p id=\"caption-attachment-2473\" class=\"wp-caption-text\">Helichrysum stoechas (L.) Moench ( Immortelle )<\/p><\/div><br \/>\n<span style=\"text-decoration: underline;\">Ecologie :<\/span><br \/>\nIl s&rsquo;agit d&rsquo;une esp\u00e8ce h\u00e9liophile, thermophile, psammophile. On la retrouve donc souvent dans les pelouses s\u00e8ches sableuses ou rocailleuses. Elle se d\u00e9veloppe aussi bien sur des sols acides que sur des sols calcaires. On la retrouve essentiellement dans les r\u00e9gions \u00e0 climat m\u00e9diterran\u00e9en, mais elle on peut \u00e9galement la retrouver sur les dunes atlantiques.<\/p>\n<p><span style=\"text-decoration: underline;\">Phytosociologie :<\/span><i><\/i><\/p>\n<table>\n<tbody>\n<tr>\n<td>Alliance<\/td>\n<td>Ordre<\/td>\n<td>Classe<\/td>\n<\/tr>\n<tr>\n<td><strong>Armerion junceae<\/strong><\/td>\n<td><strong>Corynephoretalia canescentis<\/strong><\/td>\n<td><strong>Koelerio glaucae-Corynephoretea canescentis<\/strong><\/td>\n<\/tr>\n<tr>\n<td>Communaut\u00e9s des sables dolomitiques ; Causses et basses C\u00e9vennes.<\/td>\n<td>Communaut\u00e9s tr\u00e8s ouvertes de l&rsquo;int\u00e9rieur des terres, souvent riches en Lichens et Bryophytes.<\/td>\n<td>Pelouses pionni\u00e8res, \u00e0 dominance d\u2019h\u00e9micryptophytes (plus ou moins riches en annuelles), atlantiques \u00e0 m\u00e9dioeurop\u00e9ennes, sur sables plus ou moins stabilis\u00e9s.<\/td>\n<\/tr>\n<\/tbody>\n<\/table>\n<table>\n<tbody>\n<tr>\n<td>Alliance<\/td>\n<td>Ordre<\/td>\n<td>Classe<\/td>\n<\/tr>\n<tr>\n<td><strong>Corynephorion canescentis<\/strong><\/td>\n<td><strong>Corynephoretalia canescentis<\/strong><\/td>\n<td><strong>Koelerio glaucae-Corynephoretea canescentis<\/strong><\/td>\n<\/tr>\n<tr>\n<td>Communaut\u00e9s des sables souvent mobiles acides ou d\u00e9calcifi\u00e9s, ainsi que des ar\u00e8nes granitiques ; rares et dispers\u00e9es en France.<\/td>\n<td>Communaut\u00e9s tr\u00e8s ouvertes de l&rsquo;int\u00e9rieur des terres, souvent riches en Lichens et Bryophytes.<\/td>\n<td>Pelouses pionni\u00e8res, \u00e0 dominance d\u2019h\u00e9micryptophytes (plus ou moins riches en annuelles), atlantiques \u00e0 m\u00e9dioeurop\u00e9ennes, sur sables plus ou moins stabilis\u00e9s.<\/td>\n<\/tr>\n<\/tbody>\n<\/table>\n<table>\n<tbody>\n<tr>\n<td>Classe<\/td>\n<\/tr>\n<tr>\n<td><strong>Crithmo maritimi-Staticetea<\/strong><\/td>\n<\/tr>\n<tr>\n<td>V\u00e9g\u00e9tation de chasmophytes pionniers, a\u00e9rohalins, des falaises maritimes m\u00e9diterran\u00e9ennes et atlantiques.<\/td>\n<\/tr>\n<\/tbody>\n<\/table>\n<table>\n<tbody>\n<tr>\n<td>Classe<\/td>\n<\/tr>\n<tr>\n<td><strong>Euphorbio paraliae-Ammophiletea australis<\/strong><\/td>\n<\/tr>\n<tr>\n<td>V\u00e9g\u00e9tation vivace pionni\u00e8re des sables dunaires m\u00e9diterran\u00e9enne \u00e0 m\u00e9diterran\u00e9o-atlantique et pr\u00e9pontique.<\/td>\n<\/tr>\n<\/tbody>\n<\/table>\n<table>\n<tbody>\n<tr>\n<td>Alliance<\/td>\n<td>Ordre<\/td>\n<td>Classe<\/td>\n<\/tr>\n<tr>\n<td><strong>Helianthemo italici-Aphyllanthion monspeliensis<\/strong><\/td>\n<td><strong>Rosmarinetalia officinalis<\/strong><\/td>\n<td><strong>Rosmarinetea officinalis<\/strong><\/td>\n<\/tr>\n<tr>\n<td>Communaut\u00e9s m\u00e9so- \u00e0 supram\u00e9diterran\u00e9ennes, riches en h\u00e9micryptophytes, essentiellement languedociennes et de Provence occidentale.<\/td>\n<td>Communaut\u00e9s m\u00e9diterran\u00e9ennes sur sol neutre \u00e0 basique.<\/td>\n<td>Garrigues et formations cham\u00e9phytiques m\u00e9diterran\u00e9ennes \u00e0 m\u00e9diterran\u00e9o-atlantiques.<\/td>\n<\/tr>\n<\/tbody>\n<\/table>\n<table>\n<tbody>\n<tr>\n<td>Ordre<\/td>\n<td>Classe<\/td>\n<\/tr>\n<tr>\n<td><strong>Lavanduletalia stoechadis<\/strong><\/td>\n<td><strong>Cisto ladaniferi-Lavanduletea stoechadis<\/strong><\/td>\n<\/tr>\n<tr>\n<td><\/td>\n<td>Landes thermophiles sur substrat acide, domin\u00e9es par les cham\u00e9phytes, des \u00e9tages thermo- \u00e0 supram\u00e9diterran\u00e9en.<\/td>\n<\/tr>\n<\/tbody>\n<\/table>\n<table>\n<tbody>\n<tr>\n<td>Alliance<\/td>\n<td>Ordre<\/td>\n<td>Classe<\/td>\n<\/tr>\n<tr>\n<td><strong>Lavandulo angustifoliae-Genistion cinereae<\/strong><\/td>\n<td><strong>Ononidetalia striatae<\/strong><\/td>\n<td><strong>Festuco valesiacae-Brometea erecti<\/strong><\/td>\n<\/tr>\n<tr>\n<td>Communaut\u00e9s de garrigues et de landes supra- \u00e0 orom\u00e9diterran\u00e9ennes des Alpes m\u00e9ridionales et de Provence.<\/td>\n<td>Communaut\u00e9s x\u00e9rophiles \u00e0 m\u00e9sox\u00e9rophiles, subm\u00e9diterran\u00e9ennes, et supra- \u00e0 orom\u00e9diterran\u00e9ennes.<\/td>\n<td>Pelouses \u00e0 dominance d\u2019h\u00e9micryptophytes, parfois landines et garrigues sous climat subm\u00e9diterran\u00e9en, x\u00e9rophiles \u00e0 m\u00e9sox\u00e9rophiles, collin\u00e9ennes \u00e0 montagnardes, europ\u00e9ennes et ouest-sib\u00e9riennes, surtout sur substrats carbonat\u00e9s ou basiques.<\/td>\n<\/tr>\n<\/tbody>\n<\/table>\n<table>\n<tbody>\n<tr>\n<td>Alliance<\/td>\n<td>Ordre<\/td>\n<td>Classe<\/td>\n<\/tr>\n<tr>\n<td><strong>Quercion ilicis<\/strong><\/td>\n<td><strong>Quercetalia ilicis<\/strong><\/td>\n<td><strong>Quercetea ilicis<\/strong><\/td>\n<\/tr>\n<tr>\n<td>Communaut\u00e9s du m\u00e9diterran\u00e9en subhumide (avec irradiation thermo-atlantique).<\/td>\n<td>Communaut\u00e9s arbor\u00e9es ferm\u00e9es.<\/td>\n<td>V\u00e9g\u00e9tation arbor\u00e9e ou arbustive m\u00e9diterran\u00e9enne, souvent sempervirente et scl\u00e9rophylle.<\/td>\n<\/tr>\n<\/tbody>\n<\/table>\n<table>\n<tbody>\n<tr>\n<td>Alliance<\/td>\n<td>Ordre<\/td>\n<td>Classe<\/td>\n<\/tr>\n<tr>\n<td><strong>Quercion pubescenti-sessiliflorae<\/strong><\/td>\n<td><strong>Quercetalia pubescenti-sessiliflorae<\/strong><\/td>\n<td><strong>Querco roboris-Fagetea sylvaticae<\/strong><\/td>\n<\/tr>\n<tr>\n<td>Communaut\u00e9s supram\u00e9diterran\u00e9ennes avec irradiations septentrionales.<\/td>\n<td>Communaut\u00e9s thermophiles sous influence m\u00e9diterran\u00e9enne \u00e0 thermo-continentale.<\/td>\n<td>For\u00eats temp\u00e9r\u00e9es caducifoli\u00e9es ou mixtes, collin\u00e9ennes et montagnardes (plus rarement subalpines), ainsi que supram\u00e9diterran\u00e9ennes.<\/td>\n<\/tr>\n<\/tbody>\n<\/table>\n<table>\n<tbody>\n<tr>\n<td>Ordre<\/td>\n<td>Classe<\/td>\n<\/tr>\n<tr>\n<td><strong>Rosmarinetalia officinalis<\/strong><\/td>\n<td><strong>Rosmarinetea officinalis<\/strong><\/td>\n<\/tr>\n<tr>\n<td>Communaut\u00e9s m\u00e9diterran\u00e9ennes sur sol neutre \u00e0 basique.<\/td>\n<td>Garrigues et formations cham\u00e9phytiques m\u00e9diterran\u00e9ennes \u00e0 m\u00e9diterran\u00e9o-atlantiques.<\/td>\n<\/tr>\n<\/tbody>\n<\/table>\n<table>\n<tbody>\n<tr>\n<td>Alliance<\/td>\n<td>Ordre<\/td>\n<td>Classe<\/td>\n<\/tr>\n<tr>\n<td><strong>Sileno conicae-Cerastion semidecandri<\/strong><\/td>\n<td><strong>Corynephoretalia canescentis<\/strong><\/td>\n<td><strong>Koelerio glaucae-Corynephoretea canescentis<\/strong><\/td>\n<\/tr>\n<tr>\n<td>Communaut\u00e9s subatlantiques riches en annuelles des sables calcaires \u00e0 silico-calcaires, plus ou moins fix\u00e9s ; rares (Bassin parisien, vall\u00e9e de la Loire et irradiations m\u00e9ridionales).<\/td>\n<td>Communaut\u00e9s tr\u00e8s ouvertes de l&rsquo;int\u00e9rieur des terres, souvent riches en Lichens et Bryophytes.<\/td>\n<td>Pelouses pionni\u00e8res, \u00e0 dominance d\u2019h\u00e9micryptophytes (plus ou moins riches en annuelles), atlantiques \u00e0 m\u00e9dioeurop\u00e9ennes, sur sables plus ou moins stabilis\u00e9s.<\/td>\n<\/tr>\n<\/tbody>\n<\/table>\n<table>\n<tbody>\n<tr>\n<td>Alliance<\/td>\n<td>Ordre<\/td>\n<td>Classe<\/td>\n<\/tr>\n<tr>\n<td><strong>Xerobromion erecti<\/strong><\/td>\n<td><strong>Brometalia erecti<\/strong><\/td>\n<td><strong>Festuco valesiacae-Brometea erecti<\/strong><\/td>\n<\/tr>\n<tr>\n<td>Communaut\u00e9s x\u00e9rophiles plus ou moins ouvertes, de caract\u00e8re subm\u00e9diterran\u00e9en.<\/td>\n<td>Communaut\u00e9s atlantiques \u00e0 subatlantiques.<\/td>\n<td>Pelouses \u00e0 dominance d\u2019h\u00e9micryptophytes, parfois landines et garrigues sous climat subm\u00e9diterran\u00e9en, x\u00e9rophiles \u00e0 m\u00e9sox\u00e9rophiles, collin\u00e9ennes \u00e0 montagnardes, europ\u00e9ennes et ouest-sib\u00e9riennes, surtout sur substrats carbonat\u00e9s ou basiques.<\/td>\n<\/tr>\n<\/tbody>\n<\/table>\n<p><span style=\"text-decoration: underline;\">Protection :<\/span><br \/>\n&#8211; Liste des esp\u00e8ces v\u00e9g\u00e9tales prot\u00e9g\u00e9es en r\u00e9gion Centre Article 1 (1993)<br \/>\n<div id=\"attachment_2472\" style=\"width: 650px\" class=\"wp-caption aligncenter\"><a href=\"https:\/\/www.preservons-la-nature.fr\/blog\/wp-content\/uploads\/2014\/12\/DSC1044.jpg\"><img loading=\"lazy\" decoding=\"async\" aria-describedby=\"caption-attachment-2472\" class=\" wp-image-2472 \" title=\"Helichrysum stoechas (L.) Moench ( Immortelle )\" alt=\"Helichrysum stoechas (L.) Moench ( Immortelle )\" src=\"https:\/\/www.preservons-la-nature.fr\/blog\/wp-content\/uploads\/2014\/12\/DSC1044.jpg\" width=\"640\" height=\"426\" srcset=\"https:\/\/preservons-la-nature.fr\/blog\/wp-content\/uploads\/2014\/12\/DSC1044.jpg 800w, https:\/\/preservons-la-nature.fr\/blog\/wp-content\/uploads\/2014\/12\/DSC1044-300x199.jpg 300w\" sizes=\"auto, (max-width: 640px) 100vw, 640px\" \/><\/a><p id=\"caption-attachment-2472\" class=\"wp-caption-text\">Helichrysum stoechas (L.) Moench ( Immortelle )<\/p><\/div><br \/>\n<span style=\"text-decoration: underline;\">Description :<\/span><br \/>\nLa hauteur de cette plante vivace varie de 10 \u00e0 50 cm. Elle peut pr\u00e9sent\u00e9e un port dress\u00e9 ou \u00e9tal\u00e9. La plante est tr\u00e8s rameuse d\u00e8s la base. Les feuilles sont de forme lin\u00e9aire ayant tendance \u00e0 se replier sur les bords en dessous. Elles sont alternes. Elles sont blanches-tomenteuses en dessous, verd\u00e2tres en dessus. L&rsquo;inflorescence se pr\u00e9sente sous forme d&rsquo;un capitule globuleux, de couleur jaune d&rsquo;or. Les ak\u00e8nes de couleur brun\u00e2tre pr\u00e9sentent de petites glandes brillantes.<\/p>\n<p><span style=\"text-decoration: underline;\">Usages \/ particularit\u00e9s :<\/span><br \/>\nElle d\u00e9gage une forte odeur de curry. Elle a \u00e9t\u00e9 utilis\u00e9e pour parfumer les l\u00e9gumes et c\u00e9r\u00e9ales. Elle a \u00e9t\u00e9 utilis\u00e9 contre les rhumes. Les fleurs sont diur\u00e9tiques. En Catalogne, la plante entre dans la composition du ratafia (liqueur \u00e0 base de noix vertes).<\/p>\n<p><span style=\"text-decoration: underline;\">Taxonomie :<\/span><br \/>\n<i>Helichrysum stoechas (L.) Moench<\/i> a pour synonymes (Informations issues de la BDTFX Version 2.0, <a href=\"http:\/\/www.tela-botanica.org\" target=_blank>Tela Botanica<\/a>) :<i><br \/>\n&#8211; Gnaphalium citrinum Lam.<br \/>\n&#8211; Gnaphalium collinum Salisb.<br \/>\n&#8211; Gnaphalium stoechas L.<br \/>\n&#8211; Helichrysum biterrense H.J.Coste &#038; Mouret<br \/>\n&#8211; Helichrysum brachycladum Jord. &#038; Fourr.<br \/>\n&#8211; Helichrysum citrinum Bubani<br \/>\n&#8211; Helichrysum collinum Jord. &#038; Fourr.<br \/>\n&#8211; Helichrysum flexirameum Jord. &#038; Fourr.<br \/>\n&#8211; Helichrysum lanuginosum Dulac<br \/>\n&#8211; Helichrysum lutescens Jord. &#038; Fourr.<br \/>\n&#8211; Helichrysum maritimum Jord. &#038; Fourr.<br \/>\n&#8211; Helichrysum monspeliense Jord. &#038; Fourr.<br \/>\n&#8211; Helichrysum olonnense Jord. &#038; Fourr.<br \/>\n&#8211; Helichrysum parvulum Jord. &#038; Fourr.<br \/>\n&#8211; Helichrysum rigens Jord. &#038; Fourr.<br \/>\n&#8211; Helichrysum sabulosum Jord. &#038; Fourr.<br \/>\n&#8211; Helichrysum stoechas var. maritimum (Jord. &#038; Fourr.) Rouy<br \/>\n&#8211; Helichrysum syncladum Jord. &#038; Fourr.<br \/>\n<\/i><br \/>\n<span style=\"text-decoration: underline;\">Sous-esp\u00e8ces ou vari\u00e9t\u00e9s :<\/span><br \/>\n<i>&#8211; Helichrysum stoechas (L.) Moench subsp. stoechas<br \/>\n&#8211; Helichrysum stoechas subsp. barrelieri (Ten.) Nyman<br \/>\n<\/i><br \/>\n<span style=\"text-decoration: underline;\">Bibliographie :<\/span><\/p>\n<ul>\n<li>Atlas de la flore des Hautes-Alpes ; E. Chas ; Conservatoire botanique national alpin de Gap-Charance 1994<\/li>\n<li>Catalogue des plantes vasculaires de la cha\u00eene jurassienne ; J-F. Prost ; Soci\u00e9t\u00e9 Linn\u00e9enne de Lyon 2010<\/li>\n<li>Flore de France ; H. Coste ; Librairie des sciences et des Arts  1937<\/li>\n<li>Flore de la Dr\u00f4me, Atlas \u00e9cologique et floristique ; L. Garraud ; Conservatoire botanique national alpin de Gap-Charance 2003<\/li>\n<li>Flore et v\u00e9g\u00e9tation du massif armoricain ; H. des Abbayes ; Editions d\u2019arts 2012<\/li>\n<li>Flore foresti\u00e8re fran\u00e7aise Tome 3 R\u00e9gion m\u00e9diterran\u00e9enne ; J-C. Rameau, D. Mansion, G. Dum\u00e9, C. Gauberville ; Institut pour le d\u00e9veloppement forestier 2008<\/li>\n<li>Guide de la flore des Alpes-Maritimes, du Mercantour \u00e0 la M\u00e9diterran\u00e9e ; L. Carles, L. Th\u00e9bault ; Giletta Nice-Matin 2010<\/li>\n<li>La flore du d\u00e9partement de Vaucluse ; B. Girerd ; Editions Barth\u00e9l\u00e9my 1993<\/li>\n<li>La grande flore illustr\u00e9e des Pyr\u00e9n\u00e9es ; M. Saule ; Editions Milan 2005<\/li>\n<li>Plantes et v\u00e9g\u00e9tation en Limousin, atlas de la flore vasculaire ; E. Brugel, L. Brunerye, A. Vilks ; Espaces naturels du Limousin 2001<\/li>\n<li>Toutes les fleurs de M\u00e9diterran\u00e9e ; M. Blamey, C. Grey-Wilson ; Editions Delachaux et Niestl\u00e9 2009<\/li>\n<\/ul>\n","protected":false},"excerpt":{"rendered":"<p>Nom : Helichrysum stoechas (L.) Moench ( Immortelle ) Autre(s) nom(s) : Bouton d&rsquo;or, Eternelle, Immortelle des dunes, Immortelle jaune. Famille : ASTERACEAE Floraison : Avril &#8211; Septembre Forme biologique : Cham\u00e9phyte. R\u00e9partition fran\u00e7aise : On retrouve l&rsquo;esp\u00e8ce essentiellement dans &hellip; <a href=\"https:\/\/preservons-la-nature.fr\/blog\/?p=2252\">Continuer la lecture <span class=\"meta-nav\">&rarr;<\/span><\/a><\/p>\n","protected":false},"author":1,"featured_media":0,"comment_status":"open","ping_status":"open","sticky":false,"template":"","format":"standard","meta":{"footnotes":""},"categories":[87],"tags":[48],"class_list":["post-2252","post","type-post","status-publish","format-standard","hentry","category-ficheplante","tag-asteracees"],"_links":{"self":[{"href":"https:\/\/preservons-la-nature.fr\/blog\/index.php?rest_route=\/wp\/v2\/posts\/2252","targetHints":{"allow":["GET"]}}],"collection":[{"href":"https:\/\/preservons-la-nature.fr\/blog\/index.php?rest_route=\/wp\/v2\/posts"}],"about":[{"href":"https:\/\/preservons-la-nature.fr\/blog\/index.php?rest_route=\/wp\/v2\/types\/post"}],"author":[{"embeddable":true,"href":"https:\/\/preservons-la-nature.fr\/blog\/index.php?rest_route=\/wp\/v2\/users\/1"}],"replies":[{"embeddable":true,"href":"https:\/\/preservons-la-nature.fr\/blog\/index.php?rest_route=%2Fwp%2Fv2%2Fcomments&post=2252"}],"version-history":[{"count":9,"href":"https:\/\/preservons-la-nature.fr\/blog\/index.php?rest_route=\/wp\/v2\/posts\/2252\/revisions"}],"predecessor-version":[{"id":2295,"href":"https:\/\/preservons-la-nature.fr\/blog\/index.php?rest_route=\/wp\/v2\/posts\/2252\/revisions\/2295"}],"wp:attachment":[{"href":"https:\/\/preservons-la-nature.fr\/blog\/index.php?rest_route=%2Fwp%2Fv2%2Fmedia&parent=2252"}],"wp:term":[{"taxonomy":"category","embeddable":true,"href":"https:\/\/preservons-la-nature.fr\/blog\/index.php?rest_route=%2Fwp%2Fv2%2Fcategories&post=2252"},{"taxonomy":"post_tag","embeddable":true,"href":"https:\/\/preservons-la-nature.fr\/blog\/index.php?rest_route=%2Fwp%2Fv2%2Ftags&post=2252"}],"curies":[{"name":"wp","href":"https:\/\/api.w.org\/{rel}","templated":true}]}}