{"id":2208,"date":"2013-12-10T00:32:20","date_gmt":"2013-12-09T23:32:20","guid":{"rendered":"https:\/\/www.preservons-la-nature.fr\/blog\/?p=2208"},"modified":"2013-12-01T17:13:33","modified_gmt":"2013-12-01T16:13:33","slug":"ammophila-arenaria-l-link-roseau-des-sables","status":"publish","type":"post","link":"https:\/\/preservons-la-nature.fr\/blog\/?p=2208","title":{"rendered":"Ammophila arenaria (L.) Link ( Oyat )"},"content":{"rendered":"<p><strong>L&rsquo;Oyat (<em>Ammophila arenaria (L.) Link<\/em>)<\/strong> fait partie de <strong>la famille des Poac\u00e9es (<em>Poaceae<\/em>)<\/strong>. Sa p\u00e9riode de floraison s&rsquo;\u00e9tale de mai \u00e0 juillet. Ses autres noms communs sont le Roseau des dunes, l&rsquo;Ammophile des sables, le jonc des sables, le chiendent marin.<br \/>\n<div id=\"attachment_2218\" style=\"width: 650px\" class=\"wp-caption aligncenter\"><a href=\"https:\/\/www.preservons-la-nature.fr\/blog\/wp-content\/uploads\/2013\/12\/DSC1023.jpg\"><img loading=\"lazy\" decoding=\"async\" aria-describedby=\"caption-attachment-2218\" class=\" wp-image-2218 \" title=\"Ammophila arenaria (L.) Link\" alt=\"Ammophila arenaria (L.) Link\" src=\"https:\/\/www.preservons-la-nature.fr\/blog\/wp-content\/uploads\/2013\/12\/DSC1023.jpg\" width=\"640\" height=\"426\" srcset=\"https:\/\/preservons-la-nature.fr\/blog\/wp-content\/uploads\/2013\/12\/DSC1023.jpg 800w, https:\/\/preservons-la-nature.fr\/blog\/wp-content\/uploads\/2013\/12\/DSC1023-300x199.jpg 300w\" sizes=\"auto, (max-width: 640px) 100vw, 640px\" \/><\/a><p id=\"caption-attachment-2218\" class=\"wp-caption-text\">Ammophila arenaria (L.) Link<\/p><\/div><br \/>\n<span style=\"text-decoration: underline;\">R\u00e9partition fran\u00e7aise :<\/span><br \/>\nEn France, on retrouve cette esp\u00e8ce dans les d\u00e9partements suivants : Le Nord, Le Pas-de-Calais, la Somme, La Seine-Maritime, Le Calvados, la Manche, l&rsquo;Ille-et-Vilaine, les C\u00f4tes-d&rsquo;Armor, le Finist\u00e8re, le Morbihan, la Loire-Atlantique, la Vend\u00e9e, la Charente-Maritime, la Gironde, les Landes, les Pyr\u00e9n\u00e9es-Atlantiques, les Pyr\u00e9n\u00e9es-Orientales, l&rsquo;H\u00e9rault, l&rsquo;Aude, le Gard, les Bouches-du-Rh\u00f4ne, le Var, la Haute-Corse, la Corse-du-Sud. L&rsquo;esp\u00e8ce est suppos\u00e9e \u00e9teinte dans les Alpes-Maritimes.<\/p>\n<p><span style=\"text-decoration: underline;\">Ecologie :<\/span><br \/>\nCette plante fixe remarquablement la dune. Elle est parfois replant\u00e9e quand la dune a subi une pression anthropique importante.<br \/>\n<strong><span style=\"text-decoration: underline;\">Phytosociologie :<\/span> <em>Ammophiletalia australis<\/em><\/strong> 25.0.1 Communaut\u00e9s des avants-dunes et dunes meubles \u00e0 semi-fix\u00e9es, essentiellement m\u00e9diterran\u00e9ennes avec irradiation pr\u00e9pontique et hyper-atlantique.<br \/>\n<strong><em>Honckenyo peploidis &#8211; Elymetalia arenarii <\/em><\/strong>33.0.1 Communaut\u00e9s vivaces europ\u00e9ennes, bor\u00e9oatlantiques \u00e0 atlantiques, subnitrophiles, des dunes vives ou des bordures maritimes sablo-graveleuses plus ou moins enrichies en mati\u00e8re organique.<\/p>\n<p><span style=\"text-decoration: underline;\">Protection :<\/span><br \/>\nL&rsquo;esp\u00e8ce ne b\u00e9n\u00e9ficie pas de protection particuli\u00e8re.<br \/>\n<div id=\"attachment_2219\" style=\"width: 650px\" class=\"wp-caption aligncenter\"><a href=\"https:\/\/www.preservons-la-nature.fr\/blog\/wp-content\/uploads\/2013\/12\/DSC1070.jpg\"><img loading=\"lazy\" decoding=\"async\" aria-describedby=\"caption-attachment-2219\" class=\"size-full wp-image-2219\" title=\"Ammophila arenaria (L.) Link\" alt=\"Ammophila arenaria (L.) Link\" src=\"https:\/\/www.preservons-la-nature.fr\/blog\/wp-content\/uploads\/2013\/12\/DSC1070.jpg\" width=\"640\" height=\"426\" srcset=\"https:\/\/preservons-la-nature.fr\/blog\/wp-content\/uploads\/2013\/12\/DSC1070.jpg 800w, https:\/\/preservons-la-nature.fr\/blog\/wp-content\/uploads\/2013\/12\/DSC1070-300x199.jpg 300w\" sizes=\"auto, (max-width: 640px) 100vw, 640px\" \/><\/a><p id=\"caption-attachment-2219\" class=\"wp-caption-text\">Ammophila arenaria (L.) Link<\/p><\/div><br \/>\n<span style=\"text-decoration: underline;\">Description :<\/span><br \/>\nIl s&rsquo;agit d&rsquo;une plante vivace dont la hauteur varie de 50 \u00e0 100 cm. Les rhizomes sont longuement tra\u00e7ant et rameux. De ses rhizomes se dressent des tiges formant des touffes. La tige est glabre. Les feuilles sont longues et se termine en pointe. Elles s&rsquo;enroulent pour mieux r\u00e9sister \u00e0 l&rsquo;\u00e9vaporation et aux embruns. Elles sont pubescentes en dessous. La ligule est tr\u00e8s longue et est souvent bifide. L&rsquo;inflorescence se pr\u00e9sente sous la forme d&rsquo;un panicule cylindrique de 10 \u00e0 25 cm dont la couleur est cr\u00e8me \u00e0 marron tr\u00e8s clair. Les \u00e9pillets assez longuement p\u00e9dicell\u00e9s sont uniflores. La fleur est entour\u00e9e de poils. Les glumes sont quasi-\u00e9gales et d\u00e9passent de peu la fleur. Les glumelles sont aussi quasi-\u00e9gales.<\/p>\n<p><span style=\"text-decoration: underline;\">Usage \/ autres particularit\u00e9s<\/span><br \/>\nL&rsquo;Oyat servait \u00e0 couvrir les toits pr\u00e8s du littoral m\u00e9diterran\u00e9en.<\/p>\n<p><span style=\"text-decoration: underline;\">Taxonomie :<em><br \/>\n<\/em><\/span><em>Ammophila arenaria (L.) Link<\/em> a pour synonymes (Informations issues de la BDTFX Version 2.0, <a href=\"http:\/\/www.tela-botanica.org\/\" target=\"_blank\">Tela Botanica<\/a>) :<em><br \/>\n&#8211; Calamagrostis arenaria (L.) Roth<br \/>\n&#8211; Ammophila arundinacea Host<br \/>\n&#8211; Arundo arenaria L.<br \/>\n&#8211; Diarrhena littoralis (P.Beauv.) Raspail<br \/>\n&#8211; Phalaris maritima Nutt.<br \/>\n&#8211; Phalaris ammophila Link<br \/>\n&#8211; Psamma arenaria (L.) Roem. &amp; Schult.<br \/>\n&#8211; Psammites arenaria (L.) St.-Lag.<br \/>\n&#8211; Psammites littoralis St.-Lag.<\/em><\/p>\n<p><span style=\"text-decoration: underline;\">Bibliographie :<\/span><br \/>\n<em>&#8211; Les quatre flores de France &#8211; P. Fournier &#8211; Editions Lechevalier 1961<br \/>\n&#8211; Flore et v\u00e9g\u00e9tation du massif armoricain &#8211; H. des Abbayes &#8211; Editions d&rsquo;arts r\u00e9\u00e9dition 2012<br \/>\n&#8211; Flore de France &#8211; H. Coste &#8211; Librairie des sciences et des Arts 1937<br \/>\n&#8211; Flore des C\u00f4tes d&rsquo;Armor &#8211; Collectif &#8211; Editions Siloe 2006<br \/>\n&#8211; La flore d&rsquo;Ille et vilaine &#8211; Louis Diard &#8211; Editions Siloe 2005<br \/>\n&#8211; La flore du Finist\u00e8re &#8211; Collectif &#8211; Editions Siloe 2009<br \/>\n&#8211; La flore du Morbihan &#8211; Gabriel Rivi\u00e8re &#8211; Editions Siloe 2007<br \/>\n&#8211; Atlas floristique de la Loire-Atlantique et de la Vend\u00e9e &#8211; Pierre Dupont &#8211; Editions Siloe 2001<br \/>\n&#8211; Flore vasculaire de Basse-Normandie &#8211; Michel Provost &#8211; Presses universitaires de Caen 1998<br \/>\n&#8211; Flore de la Flande fran\u00e7aise &#8211; Collectif &#8211; Conservatoire botanique national de Bailleul 2008<br \/>\n&#8211; Le Var et sa flore &#8211; Collectif &#8211; Naturalia Publications 2008<br \/>\n&#8211; Guide de la flore des Alpes-Martimes &#8211; Lionel Carles, Ludovic Th\u00e9bault &#8211; Gilletta, Nice-Matin 2011<\/em><\/p>\n","protected":false},"excerpt":{"rendered":"<p>L&rsquo;Oyat (Ammophila arenaria (L.) Link) fait partie de la famille des Poac\u00e9es (Poaceae). Sa p\u00e9riode de floraison s&rsquo;\u00e9tale de mai \u00e0 juillet. Ses autres noms communs sont le Roseau des dunes, l&rsquo;Ammophile des sables, le jonc des sables, le chiendent &hellip; <a href=\"https:\/\/preservons-la-nature.fr\/blog\/?p=2208\">Continuer la lecture <span class=\"meta-nav\">&rarr;<\/span><\/a><\/p>\n","protected":false},"author":1,"featured_media":0,"comment_status":"open","ping_status":"open","sticky":false,"template":"","format":"standard","meta":{"footnotes":""},"categories":[87],"tags":[80],"class_list":["post-2208","post","type-post","status-publish","format-standard","hentry","category-ficheplante","tag-poacees"],"_links":{"self":[{"href":"https:\/\/preservons-la-nature.fr\/blog\/index.php?rest_route=\/wp\/v2\/posts\/2208","targetHints":{"allow":["GET"]}}],"collection":[{"href":"https:\/\/preservons-la-nature.fr\/blog\/index.php?rest_route=\/wp\/v2\/posts"}],"about":[{"href":"https:\/\/preservons-la-nature.fr\/blog\/index.php?rest_route=\/wp\/v2\/types\/post"}],"author":[{"embeddable":true,"href":"https:\/\/preservons-la-nature.fr\/blog\/index.php?rest_route=\/wp\/v2\/users\/1"}],"replies":[{"embeddable":true,"href":"https:\/\/preservons-la-nature.fr\/blog\/index.php?rest_route=%2Fwp%2Fv2%2Fcomments&post=2208"}],"version-history":[{"count":12,"href":"https:\/\/preservons-la-nature.fr\/blog\/index.php?rest_route=\/wp\/v2\/posts\/2208\/revisions"}],"predecessor-version":[{"id":2211,"href":"https:\/\/preservons-la-nature.fr\/blog\/index.php?rest_route=\/wp\/v2\/posts\/2208\/revisions\/2211"}],"wp:attachment":[{"href":"https:\/\/preservons-la-nature.fr\/blog\/index.php?rest_route=%2Fwp%2Fv2%2Fmedia&parent=2208"}],"wp:term":[{"taxonomy":"category","embeddable":true,"href":"https:\/\/preservons-la-nature.fr\/blog\/index.php?rest_route=%2Fwp%2Fv2%2Fcategories&post=2208"},{"taxonomy":"post_tag","embeddable":true,"href":"https:\/\/preservons-la-nature.fr\/blog\/index.php?rest_route=%2Fwp%2Fv2%2Ftags&post=2208"}],"curies":[{"name":"wp","href":"https:\/\/api.w.org\/{rel}","templated":true}]}}