{"id":2171,"date":"2013-12-07T00:18:57","date_gmt":"2013-12-06T23:18:57","guid":{"rendered":"https:\/\/www.preservons-la-nature.fr\/blog\/?p=2171"},"modified":"2013-12-01T15:10:02","modified_gmt":"2013-12-01T14:10:02","slug":"crambe-maritima-l-chou-marin","status":"publish","type":"post","link":"https:\/\/preservons-la-nature.fr\/blog\/?p=2171","title":{"rendered":"Crambe maritima L. ( Chou marin )"},"content":{"rendered":"<p><strong>Le Chou marin (<em>Crambe maritima L.<\/em>)<\/strong> fait partie de <strong>la famille des Brassicac\u00e9es (<em>Brassicaceae<\/em>)<\/strong>. Sa p\u00e9riode de floraison s&rsquo;\u00e9tale de mai \u00e0 juin. Son autre nom commun est la crambe maritime.<br \/>\n<div id=\"attachment_2190\" style=\"width: 650px\" class=\"wp-caption aligncenter\"><a href=\"https:\/\/www.preservons-la-nature.fr\/blog\/wp-content\/uploads\/2013\/12\/DSC1140.jpg\"><img loading=\"lazy\" decoding=\"async\" aria-describedby=\"caption-attachment-2190\" class=\" wp-image-2190 \" title=\"Crambe maritima L. aux \u00eeles Gl\u00e9nans en 2009\" alt=\"Crambe maritima L. aux \u00eeles Gl\u00e9nans en 2009\" src=\"https:\/\/www.preservons-la-nature.fr\/blog\/wp-content\/uploads\/2013\/12\/DSC1140.jpg\" width=\"640\" height=\"426\" srcset=\"https:\/\/preservons-la-nature.fr\/blog\/wp-content\/uploads\/2013\/12\/DSC1140.jpg 800w, https:\/\/preservons-la-nature.fr\/blog\/wp-content\/uploads\/2013\/12\/DSC1140-300x199.jpg 300w\" sizes=\"auto, (max-width: 640px) 100vw, 640px\" \/><\/a><p id=\"caption-attachment-2190\" class=\"wp-caption-text\">Crambe maritima L. aux \u00eeles Gl\u00e9nans en 2009<\/p><\/div><br \/>\n<span style=\"text-decoration: underline;\">R\u00e9partition fran\u00e7aise :<\/span><br \/>\nEn France, on retrouve cette esp\u00e8ce dans les d\u00e9partements suivants : Le nord, le Pas-de-Calais, la Somme, la Seine-Maritime, Le Calvados, la Manche, l&rsquo;Ille-et-Vilaine (Saint-Coulomb), les C\u00f4tes d&rsquo;Armor, le Finist\u00e8re, le Morbihan, la Loire-Atlantique (Pouliguen = la station la plus au sud).<\/p>\n<p><span style=\"text-decoration: underline;\">Ecologie :<\/span><br \/>\nIl pousse sur les sables grossiers et graviers du littoral.<br \/>\n<strong><em>Honckenyo latifoliae &#8211; Cambrion maritimae <\/em><\/strong>33.0.1.0.2 Communaut\u00e9s des lev\u00e9es de galets et hauts de plage graveleux enrichis de laisses de mer.<\/p>\n<p><span style=\"text-decoration: underline;\">Protection :<\/span><br \/>\nL&rsquo;esp\u00e8ce b\u00e9n\u00e9ficie d&rsquo;une protection au niveau national. Il fait partie de la liste rouge europ\u00e9enne de l&rsquo;UICN publi\u00e9e en 2012.<br \/>\n<div id=\"attachment_2192\" style=\"width: 650px\" class=\"wp-caption aligncenter\"><a href=\"https:\/\/www.preservons-la-nature.fr\/blog\/wp-content\/uploads\/2013\/12\/DSC04294.jpg\"><img loading=\"lazy\" decoding=\"async\" aria-describedby=\"caption-attachment-2192\" class=\"size-full wp-image-2192\" title=\"Crambe maritima L. aux \u00eeles Gl\u00e9nans en 2009\" alt=\"Crambe maritima L. aux \u00eeles Gl\u00e9nans en 2009\" src=\"https:\/\/www.preservons-la-nature.fr\/blog\/wp-content\/uploads\/2013\/12\/DSC04294.jpg\" width=\"640\" height=\"426\" srcset=\"https:\/\/preservons-la-nature.fr\/blog\/wp-content\/uploads\/2013\/12\/DSC04294.jpg 800w, https:\/\/preservons-la-nature.fr\/blog\/wp-content\/uploads\/2013\/12\/DSC04294-300x199.jpg 300w\" sizes=\"auto, (max-width: 640px) 100vw, 640px\" \/><\/a><p id=\"caption-attachment-2192\" class=\"wp-caption-text\">Crambe maritima L. aux \u00eeles Gl\u00e9nans en 2009<\/p><\/div><br \/>\n<span style=\"text-decoration: underline;\">Description :<\/span><br \/>\nCette plante vivace mesure de 40 \u00e0 60 cm de hauteur. Elle est glabre et pr\u00e9sente un aspect glauque. Il ressemble un peu au chou cultiv\u00e9. Les tiges sont tr\u00e8s ramifi\u00e9es. Les feuilles sont de grande dimension, de forme ovale \u00e0 oblongue. Elles ont un aspect ondul\u00e9 et comportent sur le bord des dents. L&rsquo;inflorescence se pr\u00e9sente en corymbe de fleurs blanches ou ros\u00e9es. Le p\u00e9dicelle est plus long que la silicule qui a un aspect pseudo-globuleux, lisse.<\/p>\n<p><span style=\"text-decoration: underline;\">Usage \/ autres particularit\u00e9s<\/span><br \/>\nLe chou marin est cultiv\u00e9e en Angleterre. On mange en particulier les jeunes pousses.<br \/>\n<div id=\"attachment_2191\" style=\"width: 650px\" class=\"wp-caption aligncenter\"><a href=\"https:\/\/www.preservons-la-nature.fr\/blog\/wp-content\/uploads\/2013\/12\/DSC1141.jpg\"><img loading=\"lazy\" decoding=\"async\" aria-describedby=\"caption-attachment-2191\" class=\"size-full wp-image-2191\" title=\"Crambe maritima L. aux \u00eeles Gl\u00e9nans en 2009\" alt=\"Crambe maritima L. aux \u00eeles Gl\u00e9nans en 2009\" src=\"https:\/\/www.preservons-la-nature.fr\/blog\/wp-content\/uploads\/2013\/12\/DSC1141.jpg\" width=\"640\" height=\"426\" srcset=\"https:\/\/preservons-la-nature.fr\/blog\/wp-content\/uploads\/2013\/12\/DSC1141.jpg 800w, https:\/\/preservons-la-nature.fr\/blog\/wp-content\/uploads\/2013\/12\/DSC1141-300x199.jpg 300w\" sizes=\"auto, (max-width: 640px) 100vw, 640px\" \/><\/a><p id=\"caption-attachment-2191\" class=\"wp-caption-text\">Crambe maritima L. aux \u00eeles Gl\u00e9nans en 2009<\/p><\/div><br \/>\n<span style=\"text-decoration: underline;\">Taxonomie :<em><br \/>\n<\/em><\/span><em>Crambe maritima L.<\/em> a pour synonymes (Informations issues de la BDTFX Version 2.0, <a href=\"http:\/\/www.tela-botanica.org\/\" target=\"_blank\">Tela Botanica<\/a>) :<em><br \/>\n&#8211; Caulis maritimus (L.) E.H.L.Krause<br \/>\n&#8211; Crambe pontica Steven<br \/>\n&#8211; Crucifera maritima (L.) E.H.L.Krause<br \/>\n&#8211; Crucifera matronalis (L.) E.H.L.Krause<\/em><\/p>\n<p><span style=\"text-decoration: underline;\">Bibliographie :<\/span><br \/>\n<em>&#8211; Les quatre flores de France &#8211; P. Fournier &#8211; Editions Lechevalier 1961<br \/>\n&#8211; Flore et v\u00e9g\u00e9tation du massif armoricain &#8211; H. des Abbayes &#8211; Editions d&rsquo;arts r\u00e9\u00e9dition 2012<br \/>\n&#8211; Flore de France &#8211; H. Coste &#8211; Librairie des sciences et des Arts 1937<br \/>\n&#8211; Flore des C\u00f4tes d&rsquo;Armor &#8211; Collectif &#8211; Editions Siloe 2006<br \/>\n&#8211; La flore d&rsquo;Ille et vilaine &#8211; Louis Diard &#8211; Editions Siloe 2005<br \/>\n&#8211; La flore du Finist\u00e8re &#8211; Collectif &#8211; Editions Siloe 2009<br \/>\n&#8211; La flore du Morbihan &#8211; Gabriel Rivi\u00e8re &#8211; Editions Siloe 2007<br \/>\n&#8211; Atlas floristique de la Loire-Atlantique et de la Vend\u00e9e &#8211; Pierre Dupont &#8211; Editions Siloe 2001<br \/>\n&#8211; Flore vasculaire de Basse-Normandie &#8211; Michel Provost &#8211; Presses universitaires de Caen 1998<br \/>\n&#8211; Flore de la Flande fran\u00e7aise &#8211; Collectif &#8211; Conservatoire botanique national de Bailleul 2008<br \/>\n&#8211; Dunes d&rsquo;Armorique &#8211; E. Barbelette, Y. F\u00e9vrier &#8211; Editions Biotope 2008<\/em><\/p>\n","protected":false},"excerpt":{"rendered":"<p>Le Chou marin (Crambe maritima L.) fait partie de la famille des Brassicac\u00e9es (Brassicaceae). Sa p\u00e9riode de floraison s&rsquo;\u00e9tale de mai \u00e0 juin. Son autre nom commun est la crambe maritime. R\u00e9partition fran\u00e7aise : En France, on retrouve cette esp\u00e8ce &hellip; <a href=\"https:\/\/preservons-la-nature.fr\/blog\/?p=2171\">Continuer la lecture <span class=\"meta-nav\">&rarr;<\/span><\/a><\/p>\n","protected":false},"author":1,"featured_media":0,"comment_status":"open","ping_status":"open","sticky":false,"template":"","format":"standard","meta":{"footnotes":""},"categories":[87,51],"tags":[26],"class_list":["post-2171","post","type-post","status-publish","format-standard","hentry","category-ficheplante","category-protection-nationale","tag-brassicacees"],"_links":{"self":[{"href":"https:\/\/preservons-la-nature.fr\/blog\/index.php?rest_route=\/wp\/v2\/posts\/2171","targetHints":{"allow":["GET"]}}],"collection":[{"href":"https:\/\/preservons-la-nature.fr\/blog\/index.php?rest_route=\/wp\/v2\/posts"}],"about":[{"href":"https:\/\/preservons-la-nature.fr\/blog\/index.php?rest_route=\/wp\/v2\/types\/post"}],"author":[{"embeddable":true,"href":"https:\/\/preservons-la-nature.fr\/blog\/index.php?rest_route=\/wp\/v2\/users\/1"}],"replies":[{"embeddable":true,"href":"https:\/\/preservons-la-nature.fr\/blog\/index.php?rest_route=%2Fwp%2Fv2%2Fcomments&post=2171"}],"version-history":[{"count":7,"href":"https:\/\/preservons-la-nature.fr\/blog\/index.php?rest_route=\/wp\/v2\/posts\/2171\/revisions"}],"predecessor-version":[{"id":2176,"href":"https:\/\/preservons-la-nature.fr\/blog\/index.php?rest_route=\/wp\/v2\/posts\/2171\/revisions\/2176"}],"wp:attachment":[{"href":"https:\/\/preservons-la-nature.fr\/blog\/index.php?rest_route=%2Fwp%2Fv2%2Fmedia&parent=2171"}],"wp:term":[{"taxonomy":"category","embeddable":true,"href":"https:\/\/preservons-la-nature.fr\/blog\/index.php?rest_route=%2Fwp%2Fv2%2Fcategories&post=2171"},{"taxonomy":"post_tag","embeddable":true,"href":"https:\/\/preservons-la-nature.fr\/blog\/index.php?rest_route=%2Fwp%2Fv2%2Ftags&post=2171"}],"curies":[{"name":"wp","href":"https:\/\/api.w.org\/{rel}","templated":true}]}}