{"id":2159,"date":"2013-12-06T00:20:09","date_gmt":"2013-12-05T23:20:09","guid":{"rendered":"https:\/\/www.preservons-la-nature.fr\/blog\/?p=2159"},"modified":"2019-02-21T14:40:13","modified_gmt":"2019-02-21T13:40:13","slug":"cakile-maritima-scop-caquillier","status":"publish","type":"post","link":"https:\/\/preservons-la-nature.fr\/blog\/?p=2159","title":{"rendered":"Cakile maritima Scop. ( Caquillier )"},"content":{"rendered":"<p><strong>Le Caquillier (<em>Cakile maritima Scop.<\/em>)<\/strong> fait partie de <strong>la famille des Brassicac\u00e9es (<em>Brassicaceae<\/em>)<\/strong>. Sa p\u00e9riode de floraison s&rsquo;\u00e9tale de mai \u00e0 octobre. Ses autres noms communs sont la Roquette de mer, le Caquillier maritime. Son nom vient de l&rsquo;arabe \u00ab\u00a0kakekeh\u00a0\u00bb.<br \/>\n<div id=\"attachment_2195\" style=\"width: 650px\" class=\"wp-caption aligncenter\"><a href=\"https:\/\/www.preservons-la-nature.fr\/blog\/wp-content\/uploads\/2013\/12\/DSC1253.jpg\"><img loading=\"lazy\" decoding=\"async\" aria-describedby=\"caption-attachment-2195\" class=\" wp-image-2195 \" title=\"Cakile maritima Scop. \u00e0 Tregennec en 2009\" alt=\"Cakile maritima Scop. \u00e0 Tregennec en 2009\" src=\"https:\/\/www.preservons-la-nature.fr\/blog\/wp-content\/uploads\/2013\/12\/DSC1253.jpg\" width=\"640\" height=\"426\" srcset=\"https:\/\/preservons-la-nature.fr\/blog\/wp-content\/uploads\/2013\/12\/DSC1253.jpg 800w, https:\/\/preservons-la-nature.fr\/blog\/wp-content\/uploads\/2013\/12\/DSC1253-300x199.jpg 300w\" sizes=\"auto, (max-width: 640px) 100vw, 640px\" \/><\/a><p id=\"caption-attachment-2195\" class=\"wp-caption-text\">Cakile maritima Scop. \u00e0 Tregennec en 2009<\/p><\/div><br \/>\n<span style=\"text-decoration: underline;\">R\u00e9partition fran\u00e7aise :<\/span><br \/>\nEn France, on retrouve cette esp\u00e8ce dans les d\u00e9partements suivants : Le Nord, Le Pas-de-Calais, la Somme, La Seine-Maritime, Le Calvados, la Manche, l&rsquo;Ille-et-Vilaine, les C\u00f4tes-d&rsquo;Armor, le Finist\u00e8re, le Morbihan, la Loire-Atlantique, la Vend\u00e9e, la Charente-Maritime, la Gironde, les Landes, les Pyr\u00e9n\u00e9es-Atlantiques, les Pyr\u00e9n\u00e9es-Orientales, l&rsquo;H\u00e9rault, l&rsquo;Aude, le Gard, les Bouches-du-Rh\u00f4ne, le Var, les Alpes-Maritimes, la Haute-Corse, la Corse-du-Sud.<\/p>\n<p><span style=\"text-decoration: underline;\">Ecologie :<\/span><br \/>\nIl pousse sur la dune embryonaire ou sur la dune mobile.<\/p>\n<p><strong><span style=\"text-decoration: underline;\">Phytosociologie :<\/span> <em>Atriplici laciniatae-Salsolion kali<\/em><\/strong> 12.0.1.0.2 V\u00e9g\u00e9tation annuelle halonitrophile, psammophile, des hauts de plages sur sables et graviers meubles entrem\u00eal\u00e9s de d\u00e9bris organiques.<br \/>\n<strong><em>Honckenyo peploidis &#8211; Elymetalia arenarii <\/em><\/strong>33.0.1 Communaut\u00e9s vivaces europ\u00e9ennes, bor\u00e9oatlantiques \u00e0 atlantiques, subnitrophiles, des dunes vives ou des bordures maritimes sablo-graveleuses plus ou moins enrichies en mati\u00e8re organique.<\/p>\n<p><span style=\"text-decoration: underline;\">Protection :<\/span><br \/>\nL&rsquo;esp\u00e8ce ne b\u00e9n\u00e9ficie pas de protection particuli\u00e8re bien qu&rsquo;elle soit victime du nettoyage m\u00e9canique des hauts de plages.<br \/>\n<div id=\"attachment_2197\" style=\"width: 650px\" class=\"wp-caption aligncenter\"><a href=\"https:\/\/www.preservons-la-nature.fr\/blog\/wp-content\/uploads\/2013\/12\/DSC01017.jpg\"><img loading=\"lazy\" decoding=\"async\" aria-describedby=\"caption-attachment-2197\" class=\"size-full wp-image-2197\" title=\"Cakile maritima Scop. \u00e0 \u00eele de R\u00e9 en 2013\" alt=\"Cakile maritima Scop. \u00e0 \u00eele de R\u00e9 en 2013\" src=\"https:\/\/www.preservons-la-nature.fr\/blog\/wp-content\/uploads\/2013\/12\/DSC01017.jpg\" width=\"640\" height=\"426\" srcset=\"https:\/\/preservons-la-nature.fr\/blog\/wp-content\/uploads\/2013\/12\/DSC01017.jpg 800w, https:\/\/preservons-la-nature.fr\/blog\/wp-content\/uploads\/2013\/12\/DSC01017-300x199.jpg 300w\" sizes=\"auto, (max-width: 640px) 100vw, 640px\" \/><\/a><p id=\"caption-attachment-2197\" class=\"wp-caption-text\">Cakile maritima Scop. \u00e0 \u00eele de R\u00e9 en 2013<\/p><\/div><br \/>\n<span style=\"text-decoration: underline;\">Description :<\/span><br \/>\nLa hauteur de cette plante annuelle varie de 10 \u00e0 45 cm. Elle poss\u00e8de de tr\u00e8s longues racines. Elle est glabre. La tige est rameuse d\u00e8s la base. Les feuilles sont pennatifides. Les lobes sont g\u00e9n\u00e9ralement obtus et peuvent comporter des dents ou pas. Seules les feuilles du bas poss\u00e8dent un p\u00e9tiole. Les sup\u00e9rieures sont sessiles, non embrassantes.<br \/>\nL&rsquo;inflorescence se pr\u00e9sente sous forme de grappe de fleurs \u00e0 p\u00e9tales de couleur blanc \u00e0 rose. La fleur comporte 4 p\u00e9tales qui sont entour\u00e9s de 4 s\u00e9pales de couleur vert p\u00e2le dont 2 sont bossus. le p\u00e9dicelle est court et \u00e9pais. La silique est allong\u00e9e et boursoufl\u00e9e : elle comporte deux compartiments superpos\u00e9s abritant une graine chacun. La forme de la silique est d\u00e9terminante pour diff\u00e9rencier deux sous-esp\u00e8ces pr\u00e9sentes en France : <em>Cakile maritima subsp. integrifolia (Hornem.) Hyl. ex Greuter &amp; Burdet<\/em> (Littoral atlantique fran\u00e7ais)<br \/>\n et <em>Cakile maritima Scop. subsp. maritima<\/em> (Littoral m\u00e9diterran\u00e9en fran\u00e7ais)<br \/>\n<span style=\"text-decoration: underline;\">Usage \/ autres particularit\u00e9s<\/span><br \/>\nOn donnait autrefois \u00e0 cette plante des vertus remin\u00e9ralisantes, antiscorbutiques et min\u00e9ralisantes.<br \/>\n<div id=\"attachment_2196\" style=\"width: 650px\" class=\"wp-caption aligncenter\"><a href=\"https:\/\/www.preservons-la-nature.fr\/blog\/wp-content\/uploads\/2013\/12\/DSC01005.jpg\"><img loading=\"lazy\" decoding=\"async\" aria-describedby=\"caption-attachment-2196\" class=\"size-full wp-image-2196\" title=\"Cakile maritima Scop. \u00e0 \u00eele de R\u00e9 en 2013\" alt=\"Cakile maritima Scop. \u00e0 \u00eele de R\u00e9 en 2013\" src=\"https:\/\/www.preservons-la-nature.fr\/blog\/wp-content\/uploads\/2013\/12\/DSC01005.jpg\" width=\"640\" height=\"426\" srcset=\"https:\/\/preservons-la-nature.fr\/blog\/wp-content\/uploads\/2013\/12\/DSC01005.jpg 800w, https:\/\/preservons-la-nature.fr\/blog\/wp-content\/uploads\/2013\/12\/DSC01005-300x199.jpg 300w\" sizes=\"auto, (max-width: 640px) 100vw, 640px\" \/><\/a><p id=\"caption-attachment-2196\" class=\"wp-caption-text\">Cakile maritima Scop. \u00e0 \u00eele de R\u00e9 en 2013<\/p><\/div><br \/>\n<span style=\"text-decoration: underline;\">Taxonomie :<em><br \/>\n<\/em><\/span><em>Cakile maritima Scop.<\/em> a pour synonymes (Informations issues de la BDTFX Version 2.0, <a href=\"http:\/\/www.tela-botanica.org\/\" target=\"_blank\">Tela Botanica<\/a>) :<em><br \/>\n&#8211; Bunias cakile L.<br \/>\n&#8211; Crucifera cakile (L.) E.H.L.Krause<br \/>\n&#8211; Rapistrum cakile (L.) Bergeret<br \/>\n&#8211; Rapistrum maritimum (Scop.) Bergeret<\/em><\/p>\n<p><em>Cakile maritima subsp. integrifolia (Hornem.) Hyl. ex Greuter &amp; Burdet<\/em> a pour synonymes (Informations issues de la BDTFX Version 2.0, <a href=\"http:\/\/www.tela-botanica.org\/\" target=\"_blank\">Tela Botanica<\/a>) :<em><br \/>\n&#8211; Cakile maritima proles baltica (Jord.) Rouy &amp; Foucaud<br \/>\n&#8211; Cakile maritima sensu Vasc. subsp. maritima<br \/>\n&#8211; Cakile maritima var. edentula sensu P.Fourn.<br \/>\n&#8211; Cakile maritima var. integrifolia Hornem.<br \/>\n&#8211; Cakile monosperma Lange<br \/>\n&#8211; Cakile serapionis J.Lloyd &amp; Foucaud<br \/>\n&#8211; Pteroneurum bipinnatum Rchb.<br \/>\n&#8211; Cakile baltica Jord.<\/em><\/p>\n<p><em>Cakile maritima Scop. subsp. maritima<\/em> a pour synonymes (Informations issues de la BDTFX Version 2.0, <a href=\"http:\/\/www.tela-botanica.org\/\" target=\"_blank\">Tela Botanica<\/a>) :<em><br \/>\n&#8211; Cakile aegyptiaca (L.) Pignatti<br \/>\n&#8211; Cakile aegyptiaca Willd.<br \/>\n&#8211; Cakile bauhinii Jord.<br \/>\n&#8211; Cakile crenata Jord.<br \/>\n&#8211; Cakile edentula Jord.<br \/>\n&#8211; Cakile hispanica Jord.<br \/>\n&#8211; Cakile latifolia Poir.<br \/>\n&#8211; Cakile littoralis Jord.<br \/>\n&#8211; Cakile maritima proles aegyptiaca (Willd.) Rouy &amp; Foucaud<br \/>\n&#8211; Cakile maritima proles edentula Rouy &amp; Foucaud<br \/>\n&#8211; Cakile maritima proles hispanica (Jord.) Rouy &amp; Foucaud<br \/>\n&#8211; Cakile maritima proles littoralis (Jord.) Rouy &amp; Foucaud<br \/>\n&#8211; Cakile maritima subsp. aegyptiaca (Willd.) Nyman<br \/>\n&#8211; Cakile maritima subsp. latifolia (Poir.) Arcang.<br \/>\n&#8211; Cakile maritima var. aegyptiaca (Willd.) P.Fourn.<br \/>\n&#8211; Cakile maritima var. littoralis (Jord.) P.Fourn.<br \/>\n&#8211; Cakile maritima var. sinuatifolia DC.<br \/>\n&#8211; Cakile pinnatifida Stokes<br \/>\n&#8211; Cakile serapionis Gaertn.<br \/>\n&#8211; Bunias littoralis Salisb.<br \/>\n&#8211; Isatis aegyptica L.<br \/>\n&#8211; Isatis pinnata Forssk.<\/em><\/p>\n<p><span style=\"text-decoration: underline;\">Bibliographie :<\/span><br \/>\n<em>&#8211; Les quatre flores de France &#8211; P. Fournier &#8211; Editions Lechevalier 1961<br \/>\n&#8211; Flore et v\u00e9g\u00e9tation du massif armoricain &#8211; H. des Abbayes &#8211; Editions d&rsquo;arts r\u00e9\u00e9dition 2012<br \/>\n&#8211; Flore de France &#8211; H. Coste &#8211; Librairie des sciences et des Arts 1937<br \/>\n&#8211; Flore des C\u00f4tes d&rsquo;Armor &#8211; Collectif &#8211; Editions Siloe 2006<br \/>\n&#8211; La flore d&rsquo;Ille et vilaine &#8211; Louis Diard &#8211; Editions Siloe 2005<br \/>\n&#8211; La flore du Finist\u00e8re &#8211; Collectif &#8211; Editions Siloe 2009<br \/>\n&#8211; La flore du Morbihan &#8211; Gabriel Rivi\u00e8re &#8211; Editions Siloe 2007<br \/>\n&#8211; Atlas floristique de la Loire-Atlantique et de la Vend\u00e9e &#8211; Pierre Dupont &#8211; Editions Siloe 2001<br \/>\n&#8211; Flore vasculaire de Basse-Normandie &#8211; Michel Provost &#8211; Presses universitaires de Caen 1998<br \/>\n&#8211; Flore de la Flande fran\u00e7aise &#8211; Collectif &#8211; Conservatoire botanique national de Bailleul 2008<br \/>\n&#8211; Le Var et sa flore &#8211; Collectif &#8211; Naturalia Publications 2008<br \/>\n&#8211; Guide de la flore des Alpes-Martimes &#8211; Lionel Carles, Ludovic Th\u00e9bault &#8211; Gilletta, Nice-Matin 2011<\/em><\/p>\n","protected":false},"excerpt":{"rendered":"<p>Le Caquillier (Cakile maritima Scop.) fait partie de la famille des Brassicac\u00e9es (Brassicaceae). Sa p\u00e9riode de floraison s&rsquo;\u00e9tale de mai \u00e0 octobre. Ses autres noms communs sont la Roquette de mer, le Caquillier maritime. Son nom vient de l&rsquo;arabe \u00ab\u00a0kakekeh\u00a0\u00bb. &hellip; <a href=\"https:\/\/preservons-la-nature.fr\/blog\/?p=2159\">Continuer la lecture <span class=\"meta-nav\">&rarr;<\/span><\/a><\/p>\n","protected":false},"author":1,"featured_media":0,"comment_status":"open","ping_status":"open","sticky":false,"template":"","format":"standard","meta":{"footnotes":""},"categories":[87],"tags":[26],"class_list":["post-2159","post","type-post","status-publish","format-standard","hentry","category-ficheplante","tag-brassicacees"],"_links":{"self":[{"href":"https:\/\/preservons-la-nature.fr\/blog\/index.php?rest_route=\/wp\/v2\/posts\/2159","targetHints":{"allow":["GET"]}}],"collection":[{"href":"https:\/\/preservons-la-nature.fr\/blog\/index.php?rest_route=\/wp\/v2\/posts"}],"about":[{"href":"https:\/\/preservons-la-nature.fr\/blog\/index.php?rest_route=\/wp\/v2\/types\/post"}],"author":[{"embeddable":true,"href":"https:\/\/preservons-la-nature.fr\/blog\/index.php?rest_route=\/wp\/v2\/users\/1"}],"replies":[{"embeddable":true,"href":"https:\/\/preservons-la-nature.fr\/blog\/index.php?rest_route=%2Fwp%2Fv2%2Fcomments&post=2159"}],"version-history":[{"count":12,"href":"https:\/\/preservons-la-nature.fr\/blog\/index.php?rest_route=\/wp\/v2\/posts\/2159\/revisions"}],"predecessor-version":[{"id":4397,"href":"https:\/\/preservons-la-nature.fr\/blog\/index.php?rest_route=\/wp\/v2\/posts\/2159\/revisions\/4397"}],"wp:attachment":[{"href":"https:\/\/preservons-la-nature.fr\/blog\/index.php?rest_route=%2Fwp%2Fv2%2Fmedia&parent=2159"}],"wp:term":[{"taxonomy":"category","embeddable":true,"href":"https:\/\/preservons-la-nature.fr\/blog\/index.php?rest_route=%2Fwp%2Fv2%2Fcategories&post=2159"},{"taxonomy":"post_tag","embeddable":true,"href":"https:\/\/preservons-la-nature.fr\/blog\/index.php?rest_route=%2Fwp%2Fv2%2Ftags&post=2159"}],"curies":[{"name":"wp","href":"https:\/\/api.w.org\/{rel}","templated":true}]}}