{"id":2090,"date":"2013-11-30T00:12:14","date_gmt":"2013-11-29T23:12:14","guid":{"rendered":"https:\/\/www.preservons-la-nature.fr\/blog\/?p=2090"},"modified":"2013-11-15T16:18:07","modified_gmt":"2013-11-15T15:18:07","slug":"laser-trilobum-l-borkh-ex-p-gaertn-b-mey-scherb-laser-a-trois-lobes","status":"publish","type":"post","link":"https:\/\/preservons-la-nature.fr\/blog\/?p=2090","title":{"rendered":"Laser trilobum (L.) Borkh. ex P.Gaertn. B.Mey. &#038; Scherb. ( Laser \u00e0 trois lobes )"},"content":{"rendered":"<p><strong>Le Laser \u00e0 trois lobes (<em>Laser trilobum (L.) Borkh. ex P.Gaertn. B.Mey. &amp; Scherb.<\/em>)<\/strong> fait partie de <strong>la famille des Apiac\u00e9es (<em>Apiaceae<\/em>)<\/strong>. Sa p\u00e9riode de floraison s&rsquo;\u00e9tale de mai \u00e0 juin. Son autre nom commun est le Cumin de cheval (le froissement des feuilles d\u00e9gage une odeur de cumun).<\/p>\n<div id=\"attachment_2095\" style=\"width: 370px\" class=\"wp-caption aligncenter\"><a href=\"https:\/\/www.preservons-la-nature.fr\/blog\/wp-content\/uploads\/2013\/11\/DSC05454.jpg\"><img loading=\"lazy\" decoding=\"async\" aria-describedby=\"caption-attachment-2095\" class=\" wp-image-2095\" title=\"Laser trilobum (L.) Borkh. ex P.Gaertn. B.Mey. &amp; Scherb.\" alt=\"Laser trilobum (L.) Borkh. ex P.Gaertn. B.Mey. &amp; Scherb.\" src=\"https:\/\/www.preservons-la-nature.fr\/blog\/wp-content\/uploads\/2013\/11\/DSC05454.jpg\" width=\"360\" height=\"540\" srcset=\"https:\/\/preservons-la-nature.fr\/blog\/wp-content\/uploads\/2013\/11\/DSC05454.jpg 400w, https:\/\/preservons-la-nature.fr\/blog\/wp-content\/uploads\/2013\/11\/DSC05454-200x300.jpg 200w\" sizes=\"auto, (max-width: 360px) 100vw, 360px\" \/><\/a><p id=\"caption-attachment-2095\" class=\"wp-caption-text\">Laser trilobum (L.) Borkh. ex P.Gaertn. B.Mey. &amp; Scherb.<\/p><\/div>\n<p><span style=\"text-decoration: underline;\">R\u00e9partition fran\u00e7aise :<\/span><br \/>\nL&rsquo;esp\u00e8ce est pr\u00e9sente uniquement dans les d\u00e9partements suivants : la Meurthe-et-Moselle, la Moselle.<\/p>\n<p><span style=\"text-decoration: underline;\">Ecologie :<\/span><br \/>\nC&rsquo;est \u00e0 l&rsquo;\u00e9tage collin\u00e9en qu&rsquo;on le retrouve, souvent en lisi\u00e8re de for\u00eat. c&rsquo;est une esp\u00e8ce de quasi demi-ombre m\u00eame si elle s&rsquo;accommode de conditions plus chaudes. Elle est calcicole. <strong><span style=\"text-decoration: underline;\">Phytosociologie :<\/span> <em>Geranion sanguinei<\/em><\/strong> 72.0.1.0.1 Pelouses pr\u00e9foresti\u00e8res et ourlets thermophiles, plus ou moins x\u00e9rophiles.<\/p>\n<p><span style=\"text-decoration: underline;\">Protection :<\/span><br \/>\nL&rsquo;esp\u00e8ce est prot\u00e9g\u00e9e au niveau national. Elle fait partie aussi de la liste rouge de la Flore vasculaire de France m\u00e9tropolitaine publi\u00e9e en 2012.<\/p>\n<div id=\"attachment_2094\" style=\"width: 650px\" class=\"wp-caption aligncenter\"><a href=\"https:\/\/www.preservons-la-nature.fr\/blog\/wp-content\/uploads\/2013\/11\/DSC05453.jpg\"><img loading=\"lazy\" decoding=\"async\" aria-describedby=\"caption-attachment-2094\" class=\" wp-image-2094 \" title=\"Laser trilobum (L.) Borkh. ex P.Gaertn. B.Mey. &amp; Scherb.\" alt=\"Laser trilobum (L.) Borkh. ex P.Gaertn. B.Mey. &amp; Scherb.\" src=\"https:\/\/www.preservons-la-nature.fr\/blog\/wp-content\/uploads\/2013\/11\/DSC05453.jpg\" width=\"640\" height=\"426\" srcset=\"https:\/\/preservons-la-nature.fr\/blog\/wp-content\/uploads\/2013\/11\/DSC05453.jpg 800w, https:\/\/preservons-la-nature.fr\/blog\/wp-content\/uploads\/2013\/11\/DSC05453-300x199.jpg 300w\" sizes=\"auto, (max-width: 640px) 100vw, 640px\" \/><\/a><p id=\"caption-attachment-2094\" class=\"wp-caption-text\">Laser trilobum (L.) Borkh. ex P.Gaertn. B.Mey. &amp; Scherb.<\/p><\/div>\n<p><span style=\"text-decoration: underline;\">Description :<\/span><br \/>\nLa hauteur de cette plante vivace varie de 50 \u00e0 120 cm. Les feuilles sont trilob\u00e9es et luisantes. L&rsquo;inflorescence se pr\u00e9sente sous la forme d&rsquo;une ombelle (15 \u00e0 25 rayons) se d\u00e9clinant en ombellule de fleurs blanches. Les fruits glabres sont oblongs et comportent des c\u00f4tes.<\/p>\n<div id=\"attachment_2096\" style=\"width: 650px\" class=\"wp-caption aligncenter\"><a href=\"https:\/\/www.preservons-la-nature.fr\/blog\/wp-content\/uploads\/2013\/11\/DSC05455.jpg\"><img loading=\"lazy\" decoding=\"async\" aria-describedby=\"caption-attachment-2096\" class=\"size-full wp-image-2096\" title=\"Laser trilobum (L.) Borkh. ex P.Gaertn. B.Mey. &amp; Scherb.\" alt=\"Laser trilobum (L.) Borkh. ex P.Gaertn. B.Mey. &amp; Scherb.\" src=\"https:\/\/www.preservons-la-nature.fr\/blog\/wp-content\/uploads\/2013\/11\/DSC05455.jpg\" width=\"640\" height=\"426\" srcset=\"https:\/\/preservons-la-nature.fr\/blog\/wp-content\/uploads\/2013\/11\/DSC05455.jpg 800w, https:\/\/preservons-la-nature.fr\/blog\/wp-content\/uploads\/2013\/11\/DSC05455-300x199.jpg 300w\" sizes=\"auto, (max-width: 640px) 100vw, 640px\" \/><\/a><p id=\"caption-attachment-2096\" class=\"wp-caption-text\">Laser trilobum (L.) Borkh. ex P.Gaertn. B.Mey. &amp; Scherb.<\/p><\/div>\n<div id=\"attachment_2097\" style=\"width: 370px\" class=\"wp-caption aligncenter\"><a href=\"https:\/\/www.preservons-la-nature.fr\/blog\/wp-content\/uploads\/2013\/11\/DSC05456.jpg\"><img loading=\"lazy\" decoding=\"async\" aria-describedby=\"caption-attachment-2097\" class=\" wp-image-2097\" title=\"Laser trilobum (L.) Borkh. ex P.Gaertn. B.Mey. &amp; Scherb.\" alt=\"Laser trilobum (L.) Borkh. ex P.Gaertn. B.Mey. &amp; Scherb.\" src=\"https:\/\/www.preservons-la-nature.fr\/blog\/wp-content\/uploads\/2013\/11\/DSC05456.jpg\" width=\"360\" height=\"540\" srcset=\"https:\/\/preservons-la-nature.fr\/blog\/wp-content\/uploads\/2013\/11\/DSC05456.jpg 400w, https:\/\/preservons-la-nature.fr\/blog\/wp-content\/uploads\/2013\/11\/DSC05456-200x300.jpg 200w\" sizes=\"auto, (max-width: 360px) 100vw, 360px\" \/><\/a><p id=\"caption-attachment-2097\" class=\"wp-caption-text\">Laser trilobum (L.) Borkh. ex P.Gaertn. B.Mey. &amp; Scherb.<\/p><\/div>\n<p><span style=\"text-decoration: underline;\">Taxonomie :<\/span><br \/>\n<em>Laser trilobum (L.) Borkh. ex P.Gaertn. B.Mey. &amp; Scherb.<\/em> a pour synonymes (Informations issues de la BDTFX Version 1.1, <a href=\"http:\/\/www.tela-botanica.org\/\" target=\"_blank\">Tela Botanica<\/a>) :<em><br \/>\n&#8211; Angelica trilobum (L.) Desf.<br \/>\n&#8211; Laserpitium alpinum Waldst. &amp; Kit.<br \/>\n&#8211; Laserpitium aquilegifolium Jacq.<br \/>\n&#8211; Laserpitium trilobum L.<br \/>\n&#8211; Siler aquilegiifolium (L.) Gaertn.<br \/>\n&#8211; Siler trilobum (L.) Crantz<\/em><\/p>\n<p><span style=\"text-decoration: underline;\">Bibliographie :<\/span><br \/>\n<em>&#8211; Les quatre flores de France &#8211; P. Fournier &#8211; Editions Lechevalier 1961<br \/>\n&#8211; Flore de France &#8211; H. Coste &#8211; Librairie des sciences et des Arts 1937<br \/>\n&#8211; Les plantes prot\u00e9g\u00e9es de Lorraine &#8211; Serge Muller &#8211; Editions Biotope 2006<\/em><\/p>\n","protected":false},"excerpt":{"rendered":"<p>Le Laser \u00e0 trois lobes (Laser trilobum (L.) Borkh. ex P.Gaertn. B.Mey. &amp; Scherb.) fait partie de la famille des Apiac\u00e9es (Apiaceae). Sa p\u00e9riode de floraison s&rsquo;\u00e9tale de mai \u00e0 juin. Son autre nom commun est le Cumin de cheval &hellip; <a href=\"https:\/\/preservons-la-nature.fr\/blog\/?p=2090\">Continuer la lecture <span class=\"meta-nav\">&rarr;<\/span><\/a><\/p>\n","protected":false},"author":1,"featured_media":0,"comment_status":"open","ping_status":"open","sticky":false,"template":"","format":"standard","meta":{"footnotes":""},"categories":[87,51],"tags":[58],"class_list":["post-2090","post","type-post","status-publish","format-standard","hentry","category-ficheplante","category-protection-nationale","tag-apiacees"],"_links":{"self":[{"href":"https:\/\/preservons-la-nature.fr\/blog\/index.php?rest_route=\/wp\/v2\/posts\/2090","targetHints":{"allow":["GET"]}}],"collection":[{"href":"https:\/\/preservons-la-nature.fr\/blog\/index.php?rest_route=\/wp\/v2\/posts"}],"about":[{"href":"https:\/\/preservons-la-nature.fr\/blog\/index.php?rest_route=\/wp\/v2\/types\/post"}],"author":[{"embeddable":true,"href":"https:\/\/preservons-la-nature.fr\/blog\/index.php?rest_route=\/wp\/v2\/users\/1"}],"replies":[{"embeddable":true,"href":"https:\/\/preservons-la-nature.fr\/blog\/index.php?rest_route=%2Fwp%2Fv2%2Fcomments&post=2090"}],"version-history":[{"count":6,"href":"https:\/\/preservons-la-nature.fr\/blog\/index.php?rest_route=\/wp\/v2\/posts\/2090\/revisions"}],"predecessor-version":[{"id":2100,"href":"https:\/\/preservons-la-nature.fr\/blog\/index.php?rest_route=\/wp\/v2\/posts\/2090\/revisions\/2100"}],"wp:attachment":[{"href":"https:\/\/preservons-la-nature.fr\/blog\/index.php?rest_route=%2Fwp%2Fv2%2Fmedia&parent=2090"}],"wp:term":[{"taxonomy":"category","embeddable":true,"href":"https:\/\/preservons-la-nature.fr\/blog\/index.php?rest_route=%2Fwp%2Fv2%2Fcategories&post=2090"},{"taxonomy":"post_tag","embeddable":true,"href":"https:\/\/preservons-la-nature.fr\/blog\/index.php?rest_route=%2Fwp%2Fv2%2Ftags&post=2090"}],"curies":[{"name":"wp","href":"https:\/\/api.w.org\/{rel}","templated":true}]}}