{"id":2028,"date":"2013-11-26T00:10:11","date_gmt":"2013-11-25T23:10:11","guid":{"rendered":"https:\/\/www.preservons-la-nature.fr\/blog\/?p=2028"},"modified":"2013-11-13T08:09:55","modified_gmt":"2013-11-13T07:09:55","slug":"delphinium-dubium-rouy-foucaud-pawl-dauphinelle-vivace","status":"publish","type":"post","link":"https:\/\/preservons-la-nature.fr\/blog\/?p=2028","title":{"rendered":"Delphinium dubium (Rouy &#038; Foucaud) Pawl. ( Dauphinelle vivace )"},"content":{"rendered":"<p><strong>La dauphinelle vivace (<em>Delphinium dubium (Rouy &amp; Foucaud) Pawl.<\/em>)<\/strong> fait partie de <strong>la famille des Renonculac\u00e9es (<em>Ranunculaceae<\/em>)<\/strong>. Sa p\u00e9riode de floraison s&rsquo;\u00e9tale de juin \u00e0 ao\u00fbt. Ses autres noms communs sont la dauphinelle \u00e9lev\u00e9e, le pied-d&rsquo;alouette vivace, le pied de mouche-abeille. \u00ab\u00a0Delphinium\u00a0\u00bb vient du latin \u00ab\u00a0delphis\u00a0\u00bb qui veut dire \u00ab\u00a0dauphin\u00a0\u00bb qui fait allusion \u00e0 l&rsquo;\u00e9peron du s\u00e9pale sup\u00e9rieur.<\/p>\n<div id=\"attachment_2033\" style=\"width: 370px\" class=\"wp-caption aligncenter\"><a href=\"https:\/\/www.preservons-la-nature.fr\/blog\/wp-content\/uploads\/2013\/11\/DSC1350.jpg\"><img loading=\"lazy\" decoding=\"async\" aria-describedby=\"caption-attachment-2033\" class=\" wp-image-2033 \" title=\"Delphinium dubium (Rouy &amp; Foucaud) Pawl. \u00e0 Uvernet-Fours en 2011\" alt=\"Delphinium dubium (Rouy &amp; Foucaud) Pawl. \u00e0 Uvernet-Fours en 2011\" src=\"https:\/\/www.preservons-la-nature.fr\/blog\/wp-content\/uploads\/2013\/11\/DSC1350.jpg\" width=\"360\" height=\"540\" srcset=\"https:\/\/preservons-la-nature.fr\/blog\/wp-content\/uploads\/2013\/11\/DSC1350.jpg 400w, https:\/\/preservons-la-nature.fr\/blog\/wp-content\/uploads\/2013\/11\/DSC1350-200x300.jpg 200w\" sizes=\"auto, (max-width: 360px) 100vw, 360px\" \/><\/a><p id=\"caption-attachment-2033\" class=\"wp-caption-text\">Delphinium dubium (Rouy &amp; Foucaud) Pawl. \u00e0 Uvernet-Fours en 2011<\/p><\/div>\n<p><span style=\"text-decoration: underline;\">R\u00e9partition fran\u00e7aise :<\/span><br \/>\nCette esp\u00e8ce end\u00e9mique alpine est pr\u00e9sente dans les d\u00e9partements suivants : les Alpes-Maritimes (Haute Roya, Massif de l&rsquo;Authion, Vallon du Bor\u00e9on, Vallon de Gialorgues, vallon de Sestri\u00e8res, dans le Haut Var au dessus d&rsquo;Estenc), les Alpes-de-Haute-Provence (\u00e0 proximit\u00e9 du col de la petite Cayole sur la commune d&rsquo;Uvernet-Fours), les Hautes-Alpes (dans le Queyras), en Savoie, en Dr\u00f4me (en Royans mais \u00e0 rechercher d&rsquo;apr\u00e8s Luc Garraud).<\/p>\n<p><span style=\"text-decoration: underline;\">Ecologie :<\/span><br \/>\nIl s&rsquo;agit d&rsquo;une esp\u00e8ce subalpine \u00e0 alpine (1800 \u00e0 2700 m\u00e8tres). Elle est pr\u00e9sente sur diff\u00e9rent type d&rsquo;habitats. On la retrouve dans les zones d&rsquo;\u00e9boulis stables (Phytosociologie : Adenostylion alliariae 44.0.2.0.1 V\u00e9g\u00e9tations de hautes herbes de montagnes m\u00e9so-hygrophiles, plut\u00f4t sciaphiles), le long des ruisseaux ou sources, ou encore dans les sous-bois de m\u00e9l\u00e8zes ou de sapins clairs ou encore dans des landes \u00e0 rhododendrons.<\/p>\n<p><span style=\"text-decoration: underline;\">Protection :<\/span><br \/>\nL&rsquo;esp\u00e8ce est prot\u00e9g\u00e9e en r\u00e9gion Rh\u00f4ne-Alpes et dans le d\u00e9partement de la Dr\u00f4me.<\/p>\n<div id=\"attachment_2034\" style=\"width: 370px\" class=\"wp-caption aligncenter\"><a href=\"https:\/\/www.preservons-la-nature.fr\/blog\/wp-content\/uploads\/2013\/11\/DSC1877.jpg\"><img loading=\"lazy\" decoding=\"async\" aria-describedby=\"caption-attachment-2034\" class=\" wp-image-2034\" title=\"Delphinium dubium (Rouy &amp; Foucaud) Pawl. \u00e0 Uvernet-Fours en 2011\" alt=\"Delphinium dubium (Rouy &amp; Foucaud) Pawl. \u00e0 Uvernet-Fours en 2011\" src=\"https:\/\/www.preservons-la-nature.fr\/blog\/wp-content\/uploads\/2013\/11\/DSC1877.jpg\" width=\"360\" height=\"540\" srcset=\"https:\/\/preservons-la-nature.fr\/blog\/wp-content\/uploads\/2013\/11\/DSC1877.jpg 400w, https:\/\/preservons-la-nature.fr\/blog\/wp-content\/uploads\/2013\/11\/DSC1877-200x300.jpg 200w\" sizes=\"auto, (max-width: 360px) 100vw, 360px\" \/><\/a><p id=\"caption-attachment-2034\" class=\"wp-caption-text\">Delphinium dubium (Rouy &amp; Foucaud) Pawl. \u00e0 Uvernet-Fours en 2011<\/p><\/div>\n<p><span style=\"text-decoration: underline;\">Description :<\/span><br \/>\nSa hauteur varie de 50 \u00e0 150 cm. La tige est dress\u00e9e. Elle pr\u00e9sente une pilosit\u00e9 assez importante. Les feuilles sont palmatis\u00e9qu\u00e9es. Elles sont profond\u00e9ment d\u00e9coup\u00e9es. Les feuilles de la base sont plus grandes que les sup\u00e9rieures et sont rattach\u00e9es \u00e0 la tige par un plus long p\u00e9tiole. L&rsquo;inflorescence se pr\u00e9sente sous forme d&rsquo;une longue grappe de fleurs de couleur bleu fonc\u00e9. Les s\u00e9pales sont velus. Les fruits sont constitu\u00e9s de follicules glabres regroup\u00e9s par 3 ou 5.<\/p>\n<div id=\"attachment_2035\" style=\"width: 370px\" class=\"wp-caption aligncenter\"><a href=\"https:\/\/www.preservons-la-nature.fr\/blog\/wp-content\/uploads\/2013\/11\/DSC8580.jpg\"><img loading=\"lazy\" decoding=\"async\" aria-describedby=\"caption-attachment-2035\" class=\" wp-image-2035\" title=\"Delphinium dubium (Rouy &amp; Foucaud) Pawl. \u00e0 Saint-Etienne de Tin\u00e9e en 2012\" alt=\"Delphinium dubium (Rouy &amp; Foucaud) Pawl. \u00e0 Saint-Etienne de Tin\u00e9e en 2012\" src=\"https:\/\/www.preservons-la-nature.fr\/blog\/wp-content\/uploads\/2013\/11\/DSC8580.jpg\" width=\"360\" height=\"540\" srcset=\"https:\/\/preservons-la-nature.fr\/blog\/wp-content\/uploads\/2013\/11\/DSC8580.jpg 400w, https:\/\/preservons-la-nature.fr\/blog\/wp-content\/uploads\/2013\/11\/DSC8580-200x300.jpg 200w\" sizes=\"auto, (max-width: 360px) 100vw, 360px\" \/><\/a><p id=\"caption-attachment-2035\" class=\"wp-caption-text\">Delphinium dubium (Rouy &amp; Foucaud) Pawl. \u00e0 Saint-Etienne de Tin\u00e9e en 2012<\/p><\/div>\n<p><span style=\"text-decoration: underline;\">Taxonomie :<\/span><br \/>\n<em>Delphinium dubium (Rouy &amp; Foucaud) Pawl.<\/em> a pour synonymes (Informations issues de la BDTFX Version 1.1, <a href=\"http:\/\/www.tela-botanica.org\/\" target=\"_blank\">Tela Botanica<\/a>) :<em><br \/>\n&#8211; Delphinium elatum var. dubium Rouy &amp; Foucaud<\/em><\/p>\n<p><span style=\"text-decoration: underline;\">Bibliographie :<\/span><br \/>\n&#8211; Guide de la flore des Alpes-Martimes &#8211; Lionel Carles, Ludovic Th\u00e9bault &#8211; Gilletta, Nice-Matin 2011<br \/>\n&#8211; La Flore des Alpes-Maritimes et de la Principaut\u00e9 de Monaco &#8211; Collectif &#8211; Naturalia Editions 2011<br \/>\n&#8211; Atlas de la flore des Hautes-Alpes &#8211; Edouard Chas &#8211; Conservatoire botanique national alpin de Gap-Charance 1994<br \/>\n&#8211; Flore de la Dr\u00f4me &#8211; Luc Garraud &#8211; Conservatoire botanique national alpin de Gap-Charance 2003<br \/>\n&#8211; Flore foresti\u00e8re fran\u00e7aise Montagnes &#8211; Collectif &#8211; Institut pour le d\u00e9veloppement forestier 1993<\/p>\n","protected":false},"excerpt":{"rendered":"<p>La dauphinelle vivace (Delphinium dubium (Rouy &amp; Foucaud) Pawl.) fait partie de la famille des Renonculac\u00e9es (Ranunculaceae). Sa p\u00e9riode de floraison s&rsquo;\u00e9tale de juin \u00e0 ao\u00fbt. Ses autres noms communs sont la dauphinelle \u00e9lev\u00e9e, le pied-d&rsquo;alouette vivace, le pied de &hellip; <a href=\"https:\/\/preservons-la-nature.fr\/blog\/?p=2028\">Continuer la lecture <span class=\"meta-nav\">&rarr;<\/span><\/a><\/p>\n","protected":false},"author":1,"featured_media":0,"comment_status":"open","ping_status":"open","sticky":false,"template":"","format":"standard","meta":{"footnotes":""},"categories":[87],"tags":[45],"class_list":["post-2028","post","type-post","status-publish","format-standard","hentry","category-ficheplante","tag-renonculacees"],"_links":{"self":[{"href":"https:\/\/preservons-la-nature.fr\/blog\/index.php?rest_route=\/wp\/v2\/posts\/2028","targetHints":{"allow":["GET"]}}],"collection":[{"href":"https:\/\/preservons-la-nature.fr\/blog\/index.php?rest_route=\/wp\/v2\/posts"}],"about":[{"href":"https:\/\/preservons-la-nature.fr\/blog\/index.php?rest_route=\/wp\/v2\/types\/post"}],"author":[{"embeddable":true,"href":"https:\/\/preservons-la-nature.fr\/blog\/index.php?rest_route=\/wp\/v2\/users\/1"}],"replies":[{"embeddable":true,"href":"https:\/\/preservons-la-nature.fr\/blog\/index.php?rest_route=%2Fwp%2Fv2%2Fcomments&post=2028"}],"version-history":[{"count":10,"href":"https:\/\/preservons-la-nature.fr\/blog\/index.php?rest_route=\/wp\/v2\/posts\/2028\/revisions"}],"predecessor-version":[{"id":2038,"href":"https:\/\/preservons-la-nature.fr\/blog\/index.php?rest_route=\/wp\/v2\/posts\/2028\/revisions\/2038"}],"wp:attachment":[{"href":"https:\/\/preservons-la-nature.fr\/blog\/index.php?rest_route=%2Fwp%2Fv2%2Fmedia&parent=2028"}],"wp:term":[{"taxonomy":"category","embeddable":true,"href":"https:\/\/preservons-la-nature.fr\/blog\/index.php?rest_route=%2Fwp%2Fv2%2Fcategories&post=2028"},{"taxonomy":"post_tag","embeddable":true,"href":"https:\/\/preservons-la-nature.fr\/blog\/index.php?rest_route=%2Fwp%2Fv2%2Ftags&post=2028"}],"curies":[{"name":"wp","href":"https:\/\/api.w.org\/{rel}","templated":true}]}}