{"id":201,"date":"2011-03-17T08:07:18","date_gmt":"2011-03-17T08:07:18","guid":{"rendered":"https:\/\/www.preservons-la-nature.fr\/blog\/?p=201"},"modified":"2014-02-27T13:52:46","modified_gmt":"2014-02-27T12:52:46","slug":"pollution-en-loire-a-orleans-les-causes-possibles","status":"publish","type":"post","link":"https:\/\/preservons-la-nature.fr\/blog\/?p=201","title":{"rendered":"Pollution en Loire \u00e0 Orl\u00e9ans : les causes possibles"},"content":{"rendered":"<p>Retrouvez l&rsquo;historique complet de nos articles concernant les rejets d&rsquo;eaux us\u00e9es en Loire : <a href=\"https:\/\/www.preservons-la-nature.fr\/blog\/?tag=pollution\">ICI<\/a><\/p>\n<p>Au d\u00e9but du mois, nous r\u00e9v\u00e9lions la pr\u00e9sence anormale de lingettes, serviettes hygi\u00e9niques et pr\u00e9servatifs sur les berges de Loire en aval d&rsquo;Orl\u00e9ans. Nous avons m\u00eame d\u00e9termin\u00e9 la canalisation responsable de ce d\u00e9versement. Jean-Philippe GRAND, conseiller r\u00e9gional de la r\u00e9gion Centre, conseiller municipal d&rsquo;Orl\u00e9ans, apr\u00e8s s&rsquo;\u00eatre d\u00e9plac\u00e9 sur le terrain pour se rendre compte de l&rsquo;ampleur de la pollution, a adress\u00e9 un courrier \u00e0 la personne en charge de l&rsquo;assainissement \u00e0 l&rsquo;Agglom\u00e9ration orl\u00e9anaise,\u00a0monsieur Jacky Zinsius.\u00a0A ce jour, l&rsquo;Agglo\u00a0ne nous a pas\u00a0donn\u00e9 de r\u00e9ponse concernant la pollution aux eaux us\u00e9es en Loire. Bien que\u00a0nous n&rsquo;ayons pas d&rsquo;expert dans le domaine de l&rsquo;assainissement dans nos rangs (au mieux un g\u00e9ologue et une ex-hydrog\u00e9ologue), nous allons <strong>tenter de formuler les causes possibles<\/strong>.<\/p>\n<p><span style=\"color: #ff0000;\"><strong><span style=\"color: #ff0000;\">Comment des eaux us\u00e9es peuvent-elles se retrouver en Loire ?<br \/>\n<\/span><\/strong><\/span>Il existe <strong>plusieurs cas possibles qui peuvent se cumuler<\/strong> :<br \/>\n1\/ <strong>Raccordement sauvage d\u2019eaux us\u00e9es de particulier dans le r\u00e9seau d\u2019eaux pluviales<\/strong>. Il pourrait exister encore des vieilles maisons dans Orl\u00e9ans dont le raccordement d\u2019eaux de vaisselles ou de WC serait \u00e0 la goutti\u00e8re ou au caniveau. Plusieurs t\u00e9moignages de locataires ou anciens locataires confirmeraient de telles pratiques. Ils conviendraient que la police de l\u2019eau m\u00e8ne des investigations afin d\u2019infirmer ou de confirmer ces rumeurs. Nous nous garderons bien de porter des accusations, nous nous bornerons \u00e0 \u00e9voquer la possibilit\u00e9 d\u2019une telle situation.<br \/>\n2\/ <strong>Raccordement d\u2019eaux pluviales dans le r\u00e9seau d\u2019eaux us\u00e9es<\/strong>. On sait que ce cas de figure existe puisqu\u2019une v\u00e9rification a \u00e9t\u00e9 mies en \u0153uvre dans plusieurs communes de l\u2019Agglom\u00e9ration Orl\u00e9anaise. Le principe simplifi\u00e9 est le suivant : on introduit un gaz color\u00e9 dans la canalisation d\u2019eaux us\u00e9es et on observe si ce dernier s\u2019\u00e9chappe de la goutti\u00e8re de la toiture.<br \/>\n3\/ <strong>Raccordement d\u2019eaux us\u00e9es au r\u00e9seau d\u2019eaux pluviales suite \u00e0 des travaux<\/strong>. La RATP a \u00e9t\u00e9 confront\u00e9e plusieurs fois \u00e0 ce type de probl\u00e8me lors de la mise en place des plateformes de Tramway. Il est donc plausible que lors des travaux du Tram des erreurs de branchements aient pu se produire.<br \/>\n4\/ <strong>La v\u00e9tust\u00e9 des conduites d\u2019eaux us\u00e9es<\/strong> peut \u00eatre marqu\u00e9e par une fissuration. Il a d\u00e9j\u00e0 \u00e9t\u00e9 constat\u00e9 dans certaines communes de France, une infiltration de la nappe dans les collecteurs d\u2019eaux us\u00e9es.<br \/>\n5\/ <strong>Des pollutions industrielles accidentelles<\/strong> peuvent affecter le traitement des eaux us\u00e9es dans une station. Fin ao\u00fbt 2010, une quantit\u00e9 importante de polluant s\u2019est retrouv\u00e9e dans le r\u00e9seau d\u2019une station d\u2019\u00e9puration de la banlieue Nantaise. En cons\u00e9quence, la capacit\u00e9 filtrante de la station a \u00e9t\u00e9 an\u00e9antie. Ces eaux se sont retrouv\u00e9es en Loire. Des pr\u00e9l\u00e8vements alarmants \u00e0 Saint-Nazaire ont \u00e9t\u00e9 effectu\u00e9s. La baignade a \u00e9t\u00e9 interdite alors par arr\u00eat pr\u00e9fectoral.<\/p>\n<p><strong>La surcharge en eaux pluviales<\/strong> des eaux us\u00e9es lors <strong>d\u2019\u00e9pisodes de fortes intemp\u00e9ries<\/strong> ou grandes crues peut avoir des cons\u00e9quences importantes : l\u2019augmentation du volume \u00e0 traiter peut provoquer <strong>des dysfonctionnements ou des d\u00e9bordements dans les stations<\/strong> de relevages pour mener les eaux us\u00e9es \u00e0 la station d\u2019\u00e9puration. De m\u00eame, la station d\u2019\u00e9puration a une capacit\u00e9 de traitement limit\u00e9e.<\/p>\n<p>Dans le cas de la pollution mise en \u00e9vidence \u00e0 Orl\u00e9ans, <strong>il faut v\u00e9rifier toutes ces hypoth\u00e8ses<\/strong>. Il faut conna\u00eetre l\u2019origine de l\u2019introduction d\u2019eaux us\u00e9es, donc non trait\u00e9es par la station d\u2019\u00e9puration, en Loire.<\/p>\n<p style=\"text-align: left;\"><strong>Si vous avez d&rsquo;autres hypoth\u00e8ses ou compl\u00e9ments d&rsquo;information, n&rsquo;h\u00e9sitez pas \u00e0 nous les communiquer.<br \/>\n<\/strong><\/p>\n<div id=\"attachment_223\" style=\"width: 384px\" class=\"wp-caption aligncenter\"><a href=\"https:\/\/www.preservons-la-nature.fr\/blog\/wp-content\/uploads\/2011\/03\/DSC07269.jpg\"><img loading=\"lazy\" decoding=\"async\" aria-describedby=\"caption-attachment-223\" class=\"size-full wp-image-223 \" title=\"Papiers toilettes, lingettes, serviettes sur le bord de Loire\" alt=\"Papiers toilettes, lingettes, serviettes sur le bord de Loire\" src=\"https:\/\/www.preservons-la-nature.fr\/blog\/wp-content\/uploads\/2011\/03\/DSC07269.jpg\" width=\"374\" height=\"560\" srcset=\"https:\/\/preservons-la-nature.fr\/blog\/wp-content\/uploads\/2011\/03\/DSC07269.jpg 467w, https:\/\/preservons-la-nature.fr\/blog\/wp-content\/uploads\/2011\/03\/DSC07269-200x300.jpg 200w\" sizes=\"auto, (max-width: 374px) 100vw, 374px\" \/><\/a><p id=\"caption-attachment-223\" class=\"wp-caption-text\">Papiers toilettes, lingettes, serviettes sur le bord de Loire<\/p><\/div>\n<p style=\"text-align: left;\">Nous avons \u00e9galement fait des recherches sur des pollutions de m\u00eame nature en Loire. Voici quelques exemples :<\/p>\n<p><strong>1\/<\/strong>Historique de la pollution du fleuve Loire par le Furan (Saint-Etienne)<br \/>\n<a href=\"http:\/\/www.legardonforezien.fr\/index.php?option=com_content&amp;task=view&amp;id=28&amp;Itemid=1\">http:\/\/www.legardonforezien.fr\/index.php?option=com_content&amp;task=view&amp;id=28&amp;Itemid=1<\/a><br \/>\n<strong>La Loire pr\u00e8s de Saint-Etienne<\/strong> a connu<strong> des pollutions<\/strong> \u00e0 cause de la d\u00e9faillance d&rsquo;une station d&rsquo;\u00e9puration <strong>pendant plusieurs ann\u00e9es<\/strong>.<\/p>\n<p><strong>2\/Nantes<\/strong> (Ao\u00fbt 2010) <strong>Une entreprise<\/strong> de la banlieue nantaise <strong>provoque le dysfonctionnement d&rsquo;une station d&rsquo;\u00e9puration<\/strong> pr\u00e8s de Nantes. Les eaux us\u00e9es se sont d\u00e9vers\u00e9es en Loire.<br \/>\n<a href=\"http:\/\/www.nantes.maville.com\/actu\/actudet_-Pollution-en-Loire-Saint-Nazaire-joue-la-prudence-_dep-1492936_actu.Htm\">http:\/\/www.nantes.maville.com\/actu\/actudet_-Pollution-en-Loire-Saint-Nazaire-joue-la-prudence-_dep-1492936_actu.Htm<\/a><br \/>\nNotez bien qu&rsquo;il y a eu une <strong>augmentation de bact\u00e9ries<\/strong> dans la Loire d&rsquo;o\u00f9 <strong>l&rsquo;interdiction de baignades \u00e0 Saint-Nazaire<\/strong>. On raisonne souvent sur la sant\u00e9 humaine, sans toutefois penser aux <strong>incidences dans la dur\u00e9e sur les \u00e9cosyst\u00e8mes<\/strong>.<\/p>\n<p><strong>3\/L\u2019agglom\u00e9ration de Tours<\/strong> a \u00e9t\u00e9 <strong>autoris\u00e9e par le pr\u00e9fet d\u2019Indre-et-Loire<\/strong> en d\u00e9cembre 2005 et janvier 2006 <strong>\u00e0 d\u00e9verser<\/strong> environ 13000 m\u00e8tres cubes par jour d\u2019<strong>eaux us\u00e9es brutes<\/strong> dans <strong>le Cher<\/strong> et 21000 m\u00e8tres cubes par jour dans <strong>la Loire<\/strong>.<\/p>\n<p>Si vous connaissez d&rsquo;autres exemples, n&rsquo;h\u00e9sitez pas \u00e0 nous en faire part.<\/p>\n<div id=\"attachment_221\" style=\"width: 570px\" class=\"wp-caption aligncenter\"><a href=\"https:\/\/www.preservons-la-nature.fr\/blog\/wp-content\/uploads\/2011\/03\/DSC07183.jpg\"><img loading=\"lazy\" decoding=\"async\" aria-describedby=\"caption-attachment-221\" class=\"size-full wp-image-221 \" title=\"Lingettes dans les s\u00e9diments\" alt=\"Lingettes dans les s\u00e9diments\" src=\"https:\/\/www.preservons-la-nature.fr\/blog\/wp-content\/uploads\/2011\/03\/DSC07183.jpg\" width=\"560\" height=\"374\" srcset=\"https:\/\/preservons-la-nature.fr\/blog\/wp-content\/uploads\/2011\/03\/DSC07183.jpg 700w, https:\/\/preservons-la-nature.fr\/blog\/wp-content\/uploads\/2011\/03\/DSC07183-300x200.jpg 300w\" sizes=\"auto, (max-width: 560px) 100vw, 560px\" \/><\/a><p id=\"caption-attachment-221\" class=\"wp-caption-text\">Lingettes dans les s\u00e9diments<\/p><\/div>\n<p>Nous nous effor\u00e7ons de rassembler de nombreuses donn\u00e9es concernant <strong>les cons\u00e9quences de telles pollutions<\/strong> afin de vous proposer tr\u00e8s <strong>prochainement un article<\/strong> sur le sujet. Sachez d\u00e9j\u00e0 que les cons\u00e9quences sur les \u00e9cosyst\u00e8mes sont encore tr\u00e8s mal connues, des \u00e9tudes ont m\u00eame d\u00e9but\u00e9 depuis peu concernant les micropolluants.<\/p>\n<div id=\"attachment_222\" style=\"width: 384px\" class=\"wp-caption aligncenter\"><a href=\"https:\/\/www.preservons-la-nature.fr\/blog\/wp-content\/uploads\/2011\/03\/DSC07112.jpg\"><img loading=\"lazy\" decoding=\"async\" aria-describedby=\"caption-attachment-222\" class=\"size-full wp-image-222 \" title=\"Pr\u00e9servatif\" alt=\"Pr\u00e9servatif\" src=\"https:\/\/www.preservons-la-nature.fr\/blog\/wp-content\/uploads\/2011\/03\/DSC07112.jpg\" width=\"374\" height=\"560\" srcset=\"https:\/\/preservons-la-nature.fr\/blog\/wp-content\/uploads\/2011\/03\/DSC07112.jpg 467w, https:\/\/preservons-la-nature.fr\/blog\/wp-content\/uploads\/2011\/03\/DSC07112-200x300.jpg 200w\" sizes=\"auto, (max-width: 374px) 100vw, 374px\" \/><\/a><p id=\"caption-attachment-222\" class=\"wp-caption-text\">Pr\u00e9servatif<\/p><\/div>\n","protected":false},"excerpt":{"rendered":"<p>Retrouvez l&rsquo;historique complet de nos articles concernant les rejets d&rsquo;eaux us\u00e9es en Loire : ICI Au d\u00e9but du mois, nous r\u00e9v\u00e9lions la pr\u00e9sence anormale de lingettes, serviettes hygi\u00e9niques et pr\u00e9servatifs sur les berges de Loire en aval d&rsquo;Orl\u00e9ans. Nous avons &hellip; <a href=\"https:\/\/preservons-la-nature.fr\/blog\/?p=201\">Continuer la lecture <span class=\"meta-nav\">&rarr;<\/span><\/a><\/p>\n","protected":false},"author":1,"featured_media":0,"comment_status":"open","ping_status":"open","sticky":false,"template":"","format":"standard","meta":{"footnotes":""},"categories":[93,3],"tags":[7,24,13],"class_list":["post-201","post","type-post","status-publish","format-standard","hentry","category-dossier-eaux-usees-a-orleans","category-laloire","tag-loire","tag-orleans","tag-pollution"],"_links":{"self":[{"href":"https:\/\/preservons-la-nature.fr\/blog\/index.php?rest_route=\/wp\/v2\/posts\/201","targetHints":{"allow":["GET"]}}],"collection":[{"href":"https:\/\/preservons-la-nature.fr\/blog\/index.php?rest_route=\/wp\/v2\/posts"}],"about":[{"href":"https:\/\/preservons-la-nature.fr\/blog\/index.php?rest_route=\/wp\/v2\/types\/post"}],"author":[{"embeddable":true,"href":"https:\/\/preservons-la-nature.fr\/blog\/index.php?rest_route=\/wp\/v2\/users\/1"}],"replies":[{"embeddable":true,"href":"https:\/\/preservons-la-nature.fr\/blog\/index.php?rest_route=%2Fwp%2Fv2%2Fcomments&post=201"}],"version-history":[{"count":11,"href":"https:\/\/preservons-la-nature.fr\/blog\/index.php?rest_route=\/wp\/v2\/posts\/201\/revisions"}],"predecessor-version":[{"id":2523,"href":"https:\/\/preservons-la-nature.fr\/blog\/index.php?rest_route=\/wp\/v2\/posts\/201\/revisions\/2523"}],"wp:attachment":[{"href":"https:\/\/preservons-la-nature.fr\/blog\/index.php?rest_route=%2Fwp%2Fv2%2Fmedia&parent=201"}],"wp:term":[{"taxonomy":"category","embeddable":true,"href":"https:\/\/preservons-la-nature.fr\/blog\/index.php?rest_route=%2Fwp%2Fv2%2Fcategories&post=201"},{"taxonomy":"post_tag","embeddable":true,"href":"https:\/\/preservons-la-nature.fr\/blog\/index.php?rest_route=%2Fwp%2Fv2%2Ftags&post=201"}],"curies":[{"name":"wp","href":"https:\/\/api.w.org\/{rel}","templated":true}]}}