{"id":2005,"date":"2013-11-24T00:02:07","date_gmt":"2013-11-23T23:02:07","guid":{"rendered":"https:\/\/www.preservons-la-nature.fr\/blog\/?p=2005"},"modified":"2013-11-11T17:08:36","modified_gmt":"2013-11-11T16:08:36","slug":"noccaea-corymbosa-j-gay-f-k-mey-tabouret-en-corymbe","status":"publish","type":"post","link":"https:\/\/preservons-la-nature.fr\/blog\/?p=2005","title":{"rendered":"Noccaea corymbosa (J.Gay) F.K.Mey. ( Tabouret en corymbe )"},"content":{"rendered":"<p><strong>Le Tabouret en corymbe (<em>Noccaea corymbosa (J.Gay) F.K.Mey.<\/em>)<\/strong> fait partie de <strong>la famille des Brassicac\u00e9es (<em>Brassicaceae<\/em>)<\/strong>. Sa p\u00e9riode de floraison s&rsquo;\u00e9tale de juillet \u00e0 ao\u00fbt. Ses autres noms communs sont le tabouret de Leresche ou encore le tabouret du Mont-Cenis.<\/p>\n<div id=\"attachment_2007\" style=\"width: 650px\" class=\"wp-caption aligncenter\"><a href=\"https:\/\/www.preservons-la-nature.fr\/blog\/wp-content\/uploads\/2013\/11\/DSC07497.jpg\"><img loading=\"lazy\" decoding=\"async\" aria-describedby=\"caption-attachment-2007\" class=\" wp-image-2007 \" title=\"Noccaea corymbosa (J.Gay) F.K.Mey. au Mont Tenibre en 2013\" alt=\"Noccaea corymbosa (J.Gay) F.K.Mey. au Mont Tenibre en 2013\" src=\"https:\/\/www.preservons-la-nature.fr\/blog\/wp-content\/uploads\/2013\/11\/DSC07497.jpg\" width=\"640\" height=\"426\" srcset=\"https:\/\/preservons-la-nature.fr\/blog\/wp-content\/uploads\/2013\/11\/DSC07497.jpg 800w, https:\/\/preservons-la-nature.fr\/blog\/wp-content\/uploads\/2013\/11\/DSC07497-300x199.jpg 300w\" sizes=\"auto, (max-width: 640px) 100vw, 640px\" \/><\/a><p id=\"caption-attachment-2007\" class=\"wp-caption-text\">Noccaea corymbosa (J.Gay) F.K.Mey. au Mont Tenibre en 2013<\/p><\/div>\n<p><span style=\"text-decoration: underline;\">R\u00e9partition fran\u00e7aise :<\/span><br \/>\nL&rsquo;esp\u00e8ce est pr\u00e9sente dans les d\u00e9partements suivants : les Alpes-Maritimes (Saint-Etienne de Tin\u00e9e, Isola, Valdeblore, Saint-Martin-de-V\u00e9subie) et la Savoie.<\/p>\n<p><span style=\"text-decoration: underline;\">Ecologie :<\/span><br \/>\nElle se retrouve dans les zones d&rsquo;\u00e9boulis fins en situation froide (de 2000 \u00e0 3000 m\u00e8tres). <strong><span style=\"text-decoration: underline;\">Phytosociologie :<\/span> <em>Androsacion alpinae <\/em><\/strong>71.0.6.0.3 Communaut\u00e9s silicicoles des \u00e9boulis plus ou moins mobiles, alpines \u00e0 nivales. On la retrouve donc en compagnie d&rsquo;esp\u00e8ces telles que <em>Viola valderia<\/em>, <em>Senecio incanus <\/em>(dans les stations plus faiblement mobiles). On peut \u00e9galement retrouver l&rsquo;esp\u00e8ce dans les escarpements rocheux orient\u00e9s au nord. <strong><span style=\"text-decoration: underline;\">Phytosociologie :<\/span> <em>Saxifragion pedemontae<\/em> <\/strong>8.0.4.2.2 Communaut\u00e9s silicicoles des parois et des murs, subalpines \u00e0 alpines des Alpes-Maritimes.<\/p>\n<p><span style=\"text-decoration: underline;\">Protection :<\/span><br \/>\nL&rsquo;esp\u00e8ce ne b\u00e9n\u00e9ficie pas de protection particuli\u00e8re. Elle fait partie de la liste rouge de la Flore vasculaire de France m\u00e9tropolitaine publi\u00e9e en 2012.<\/p>\n<div id=\"attachment_2008\" style=\"width: 370px\" class=\"wp-caption aligncenter\"><a href=\"https:\/\/www.preservons-la-nature.fr\/blog\/wp-content\/uploads\/2013\/11\/DSC07532.jpg\"><img loading=\"lazy\" decoding=\"async\" aria-describedby=\"caption-attachment-2008\" class=\" wp-image-2008\" title=\"Noccaea corymbosa (J.Gay) F.K.Mey. au Mont Tenibre en 2013\" alt=\"Noccaea corymbosa (J.Gay) F.K.Mey. au Mont Tenibre en 2013\" src=\"https:\/\/www.preservons-la-nature.fr\/blog\/wp-content\/uploads\/2013\/11\/DSC07532.jpg\" width=\"360\" height=\"540\" srcset=\"https:\/\/preservons-la-nature.fr\/blog\/wp-content\/uploads\/2013\/11\/DSC07532.jpg 400w, https:\/\/preservons-la-nature.fr\/blog\/wp-content\/uploads\/2013\/11\/DSC07532-200x300.jpg 200w\" sizes=\"auto, (max-width: 360px) 100vw, 360px\" \/><\/a><p id=\"caption-attachment-2008\" class=\"wp-caption-text\">Noccaea corymbosa (J.Gay) F.K.Mey. au Mont Tenibre en 2013<\/p><\/div>\n<p><span style=\"text-decoration: underline;\">Description :<\/span><br \/>\nLa hauteur de cette plante vivace varie de 5 \u00e0 15 cm. Les feuilles sont enti\u00e8res et plus ou moins lanc\u00e9ol\u00e9s ce qui la distingue de <em>Noccaea rotundifolia<\/em>. Les fleurs \u00e0 4 p\u00e9tales sont de couleur rose. L&rsquo;inflorescence se pr\u00e9sente en grappe terminale. Le fruit est un silicule oblong sensiblement diff\u00e9rent de <em>Noccaea rotundifolia <\/em>qui est plus arrondi.<\/p>\n<p><span style=\"text-decoration: underline;\">Taxonomie :<\/span><br \/>\n<em>Noccaea corymbosa (J.Gay) F.K.Mey.<\/em> a pour synonymes (Informations issues de la BDTFX Version 1.1, <a href=\"http:\/\/www.tela-botanica.org\/\" target=\"_blank\">Tela Botanica<\/a>) :<em><br \/>\n&#8211; Hutchinsia corymbosa J.Gay<br \/>\n&#8211; Hutchinsia rotundifolia subsp. cenisia (Rouy &amp; Foucaud) Bonnier<br \/>\n&#8211; Thlaspi corymbosum (J.Gay) Rchb.<br \/>\n&#8211; Thlaspi lerescheanum (Burnat) A.W.Hill<br \/>\n&#8211; Thlaspi rotundifolium subsp. cenisium Rouy &amp; Foucaud<br \/>\n&#8211; Thlaspi rotundifolium subsp. cenisium proles corymbosum (J.Gay) Rouy &amp; Foucaud<br \/>\n&#8211; Thlaspi rotundifolium subsp. cenisium proles lerescheanum (Burnat) Rouy &amp; Foucaud<br \/>\n&#8211; Thlaspi rotundifolium subsp. corymbosum (J.Gay) Gremli<br \/>\n&#8211; Noccaea rotundifolia subsp. corymbosa (J.Gay) Jauzien<\/em><\/p>\n<p><span style=\"text-decoration: underline;\">Bibliographie :<\/span><br \/>\n<em>&#8211; Guide de la flore des Alpes-Martimes &#8211; Lionel Carles, Ludovic Th\u00e9bault &#8211; Gilletta, Nice-Matin 2011<br \/>\n&#8211; La Flore des Alpes-Maritimes et de la Principaut\u00e9 de Monaco &#8211; Collectif &#8211; Naturalia Editions 2011<br \/>\n<\/em><\/p>\n","protected":false},"excerpt":{"rendered":"<p>Le Tabouret en corymbe (Noccaea corymbosa (J.Gay) F.K.Mey.) fait partie de la famille des Brassicac\u00e9es (Brassicaceae). Sa p\u00e9riode de floraison s&rsquo;\u00e9tale de juillet \u00e0 ao\u00fbt. Ses autres noms communs sont le tabouret de Leresche ou encore le tabouret du Mont-Cenis. &hellip; <a href=\"https:\/\/preservons-la-nature.fr\/blog\/?p=2005\">Continuer la lecture <span class=\"meta-nav\">&rarr;<\/span><\/a><\/p>\n","protected":false},"author":1,"featured_media":0,"comment_status":"open","ping_status":"open","sticky":false,"template":"","format":"standard","meta":{"footnotes":""},"categories":[87],"tags":[26],"class_list":["post-2005","post","type-post","status-publish","format-standard","hentry","category-ficheplante","tag-brassicacees"],"_links":{"self":[{"href":"https:\/\/preservons-la-nature.fr\/blog\/index.php?rest_route=\/wp\/v2\/posts\/2005","targetHints":{"allow":["GET"]}}],"collection":[{"href":"https:\/\/preservons-la-nature.fr\/blog\/index.php?rest_route=\/wp\/v2\/posts"}],"about":[{"href":"https:\/\/preservons-la-nature.fr\/blog\/index.php?rest_route=\/wp\/v2\/types\/post"}],"author":[{"embeddable":true,"href":"https:\/\/preservons-la-nature.fr\/blog\/index.php?rest_route=\/wp\/v2\/users\/1"}],"replies":[{"embeddable":true,"href":"https:\/\/preservons-la-nature.fr\/blog\/index.php?rest_route=%2Fwp%2Fv2%2Fcomments&post=2005"}],"version-history":[{"count":5,"href":"https:\/\/preservons-la-nature.fr\/blog\/index.php?rest_route=\/wp\/v2\/posts\/2005\/revisions"}],"predecessor-version":[{"id":2011,"href":"https:\/\/preservons-la-nature.fr\/blog\/index.php?rest_route=\/wp\/v2\/posts\/2005\/revisions\/2011"}],"wp:attachment":[{"href":"https:\/\/preservons-la-nature.fr\/blog\/index.php?rest_route=%2Fwp%2Fv2%2Fmedia&parent=2005"}],"wp:term":[{"taxonomy":"category","embeddable":true,"href":"https:\/\/preservons-la-nature.fr\/blog\/index.php?rest_route=%2Fwp%2Fv2%2Fcategories&post=2005"},{"taxonomy":"post_tag","embeddable":true,"href":"https:\/\/preservons-la-nature.fr\/blog\/index.php?rest_route=%2Fwp%2Fv2%2Ftags&post=2005"}],"curies":[{"name":"wp","href":"https:\/\/api.w.org\/{rel}","templated":true}]}}