{"id":1856,"date":"2013-11-18T00:59:51","date_gmt":"2013-11-18T00:59:51","guid":{"rendered":"https:\/\/www.preservons-la-nature.fr\/blog\/?p=1856"},"modified":"2013-11-13T22:50:44","modified_gmt":"2013-11-13T21:50:44","slug":"orchis-spitzelii-saut-ex-w-d-j-koch-lorchis-de-spitzel","status":"publish","type":"post","link":"https:\/\/preservons-la-nature.fr\/blog\/?p=1856","title":{"rendered":"Orchis spitzelii Saut. ex W.D.J.Koch ( Orchis de Spitzel )"},"content":{"rendered":"<p><strong>L&rsquo;orchis de Spitzel (<em>Orchis spitzelii Saut. ex W.D.J.Koch<\/em>)<\/strong> fait partie de <strong>la famille des Orchid\u00e9es (<em>Orchidaceae<\/em>)<\/strong>. Sa p\u00e9riode de floraison s&rsquo;\u00e9tale d&rsquo;avril \u00e0 juillet. Son autre nom commun est l&rsquo;orchis \u00e0 corne courte. Son nom lui a \u00e9t\u00e9 donn\u00e9 en hommage au botaniste allemand Anton Von Spitzel (1807-1853).<\/p>\n<div id=\"attachment_1860\" style=\"width: 330px\" class=\"wp-caption aligncenter\"><a href=\"https:\/\/www.preservons-la-nature.fr\/blog\/wp-content\/uploads\/2013\/11\/DSC09710.jpg\"><img loading=\"lazy\" decoding=\"async\" aria-describedby=\"caption-attachment-1860\" class=\" wp-image-1860 \" title=\"Orchis spitzelii Saut. ex W.D.J.Koch dans un bois du Frasnois en 2011\" alt=\"Orchis spitzelii Saut. ex W.D.J.Koch dans un bois du Frasnois en 2011\" src=\"https:\/\/www.preservons-la-nature.fr\/blog\/wp-content\/uploads\/2013\/11\/DSC09710.jpg\" width=\"320\" height=\"480\" srcset=\"https:\/\/preservons-la-nature.fr\/blog\/wp-content\/uploads\/2013\/11\/DSC09710.jpg 400w, https:\/\/preservons-la-nature.fr\/blog\/wp-content\/uploads\/2013\/11\/DSC09710-200x300.jpg 200w\" sizes=\"auto, (max-width: 320px) 100vw, 320px\" \/><\/a><p id=\"caption-attachment-1860\" class=\"wp-caption-text\">Orchis spitzelii Saut. ex W.D.J.Koch dans un bois du Frasnois en 2011<\/p><\/div>\n<p><span style=\"text-decoration: underline;\">R\u00e9partition fran\u00e7aise :<\/span><br \/>\nL&rsquo;esp\u00e8ce est pr\u00e9sente dans les d\u00e9partements suivants : les Pyr\u00e9n\u00e9es-Orientales (Haute vall\u00e9e de Noh\u00e8des), le Var (Chateauvieux, La Martre), les Alpes-Maritimes, les Alpes-de-Haute-Provence (Authon, Saint-Andr\u00e9-les-Alpes, Aiglun), les Hautes-Alpes (Eygliers, Guillestre, Montmaur), dans la Dr\u00f4me (Massif de la Gr\u00e9si\u00e8re), l&rsquo;Is\u00e8re (Gresse-en-Vercors), le Jura (Le Frasnois).<\/p>\n<p><span style=\"text-decoration: underline;\">Ecologie :<\/span><br \/>\nOn retrouve l&rsquo;esp\u00e8ce dans les pineraies m\u00e9sophile de pin sylvestre (<strong><span style=\"text-decoration: underline;\">Phytosociologie :<\/span> <em>Cephalanthero rubrae &#8211; Pinion sylvestris<\/em><\/strong> 24.0.2.0.1) ou encore <em><strong>Erico carneae &#8211; Pinion sylvestris<\/strong><\/em> 24.0.4.0.1 Communaut\u00e9s domin\u00e9s par le pin sylvestre,\u00a0le pin \u00e0 crochets, sur substrat calcaire \u00e0\u00a0neutre, le plus souvent m\u00e9sophiles,\u00a0du Jura, Pr\u00e9alpes externes, Alpes interm\u00e9diaires et internes. On peut aussi retrouver l&rsquo;esp\u00e8ce en lisi\u00e8re foresti\u00e8re. C&rsquo;est une esp\u00e8ce essentiellement calcicole.<\/p>\n<p><span style=\"text-decoration: underline;\">Protection :<\/span><br \/>\nL&rsquo;esp\u00e8ce est prot\u00e9g\u00e9e au niveau national.<\/p>\n<div id=\"attachment_1861\" style=\"width: 330px\" class=\"wp-caption aligncenter\"><a href=\"https:\/\/www.preservons-la-nature.fr\/blog\/wp-content\/uploads\/2013\/11\/DSC09711.jpg\"><img loading=\"lazy\" decoding=\"async\" aria-describedby=\"caption-attachment-1861\" class=\" wp-image-1861\" title=\"Orchis spitzelii Saut. ex W.D.J.Koch dans un bois du Frasnois en 2011\" alt=\"Orchis spitzelii Saut. ex W.D.J.Koch dans un bois du Frasnois en 2011\" src=\"https:\/\/www.preservons-la-nature.fr\/blog\/wp-content\/uploads\/2013\/11\/DSC09711.jpg\" width=\"320\" height=\"480\" srcset=\"https:\/\/preservons-la-nature.fr\/blog\/wp-content\/uploads\/2013\/11\/DSC09711.jpg 400w, https:\/\/preservons-la-nature.fr\/blog\/wp-content\/uploads\/2013\/11\/DSC09711-200x300.jpg 200w\" sizes=\"auto, (max-width: 320px) 100vw, 320px\" \/><\/a><p id=\"caption-attachment-1861\" class=\"wp-caption-text\">Orchis spitzelii Saut. ex W.D.J.Koch dans un bois du Frasnois en 2011<\/p><\/div>\n<p><span style=\"text-decoration: underline;\">Description :<\/span><br \/>\nSa hauteur varie de\u00a015 \u00e0\u00a060 cm. Les feuilles sont ovales lanc\u00e9ol\u00e9es. L&rsquo;inflorescence se pr\u00e9sente en un \u00e9pi long cylindrique comportant de 10 \u00e0 25 fleurs. La fleur poss\u00e8de des s\u00e9pales verts t\u00e2ch\u00e9s de points de couleur pourpre tr\u00e8s caract\u00e9ristiques. Le labelle de couleur rose\u00a0est trilob\u00e9e. Il est\u00a0plut\u00f4t large et est ponctu\u00e9 de points de couleur violet.<\/p>\n<div id=\"attachment_1862\" style=\"width: 330px\" class=\"wp-caption aligncenter\"><a href=\"https:\/\/www.preservons-la-nature.fr\/blog\/wp-content\/uploads\/2013\/11\/DSC09715.jpg\"><img loading=\"lazy\" decoding=\"async\" aria-describedby=\"caption-attachment-1862\" class=\" wp-image-1862\" title=\"Orchis spitzelii Saut. ex W.D.J.Koch dans un bois du Frasnois en 2011\" alt=\"Orchis spitzelii Saut. ex W.D.J.Koch dans un bois du Frasnois en 2011\" src=\"https:\/\/www.preservons-la-nature.fr\/blog\/wp-content\/uploads\/2013\/11\/DSC09715.jpg\" width=\"320\" height=\"480\" srcset=\"https:\/\/preservons-la-nature.fr\/blog\/wp-content\/uploads\/2013\/11\/DSC09715.jpg 400w, https:\/\/preservons-la-nature.fr\/blog\/wp-content\/uploads\/2013\/11\/DSC09715-200x300.jpg 200w\" sizes=\"auto, (max-width: 320px) 100vw, 320px\" \/><\/a><p id=\"caption-attachment-1862\" class=\"wp-caption-text\">Orchis spitzelii Saut. ex W.D.J.Koch dans un bois du Frasnois en 2011<\/p><\/div>\n<p><span style=\"text-decoration: underline;\">Taxonomie :<\/span><br \/>\n<em>Orchis spitzelii Saut. ex W.D.J.Koch<\/em> a pour synonymes (Informations issues de la BDTFX Version 1.1, <a href=\"http:\/\/www.tela-botanica.org\/\" target=\"_blank\">Tela Botanica<\/a>) :<em><br \/>\n&#8211; Orchis brevicornis Marsilly<br \/>\n&#8211; Orchis patens subsp. orientalis (Rchb.f.) K.Richt.<br \/>\n&#8211; Orchis spitzelii Saut. ex W.D.J.Koch subsp. spitzelii<br \/>\n&#8211; Orchis viridifusca Albov<\/em><\/p>\n<p><span style=\"text-decoration: underline;\">Bibliographie :<\/span><br \/>\n<em>&#8211; Les quatre flores de France &#8211; P. Fournier &#8211; Editions Lechevalier 1961<br \/>\n&#8211; Flore de France &#8211; H. Coste &#8211; Librairie des sciences et des Arts 1937<br \/>\n&#8211; M\u00e9mento de la flore prot\u00e9g\u00e9e des Alpes-Maritimes &#8211; Collectif &#8211; Editions du Cabri 2010<br \/>\n&#8211; Guide de la flore des Alpes-Martimes &#8211; Lionel Carles, Ludovic Th\u00e9bault &#8211; Gilletta, Nice-Matin 2011<br \/>\n&#8211; La Flore des Alpes-Maritimes et de la Principaut\u00e9 de Monaco &#8211; Collectif &#8211; Naturalia Editions 2011<br \/>\n&#8211; Catalogue des plantes vasculaires de la cha\u00eene jurassienne &#8211; Jean-Fran\u00e7ois Prost &#8211; Soci\u00e9t\u00e9 Linn\u00e9enne de Lyon 2000<br \/>\n&#8211; Atlas de la flore des Hautes-Alpes &#8211; Edouard Chas &#8211; Conservatoire botanique national alpin de Gap-Charance 1994<br \/>\n&#8211; Flore foresti\u00e8re fran\u00e7aise R\u00e9gion m\u00e9diterran\u00e9enne &#8211; Collectif &#8211; Institut pour le d\u00e9veloppement forestier 2008<br \/>\n&#8211; Les Orchid\u00e9es de France, Belgique et Luxembourg 2\u00e8me \u00e9dition &#8211; Collectif &#8211; Editions Biotope 2005<br \/>\n&#8211; Le Var et sa flore &#8211; Collectif &#8211; Naturalia Publications 2008<\/em><\/p>\n","protected":false},"excerpt":{"rendered":"<p>L&rsquo;orchis de Spitzel (Orchis spitzelii Saut. ex W.D.J.Koch) fait partie de la famille des Orchid\u00e9es (Orchidaceae). Sa p\u00e9riode de floraison s&rsquo;\u00e9tale d&rsquo;avril \u00e0 juillet. Son autre nom commun est l&rsquo;orchis \u00e0 corne courte. Son nom lui a \u00e9t\u00e9 donn\u00e9 en &hellip; <a href=\"https:\/\/preservons-la-nature.fr\/blog\/?p=1856\">Continuer la lecture <span class=\"meta-nav\">&rarr;<\/span><\/a><\/p>\n","protected":false},"author":1,"featured_media":0,"comment_status":"open","ping_status":"open","sticky":false,"template":"","format":"standard","meta":{"footnotes":""},"categories":[87,51],"tags":[46],"class_list":["post-1856","post","type-post","status-publish","format-standard","hentry","category-ficheplante","category-protection-nationale","tag-orchidees"],"_links":{"self":[{"href":"https:\/\/preservons-la-nature.fr\/blog\/index.php?rest_route=\/wp\/v2\/posts\/1856","targetHints":{"allow":["GET"]}}],"collection":[{"href":"https:\/\/preservons-la-nature.fr\/blog\/index.php?rest_route=\/wp\/v2\/posts"}],"about":[{"href":"https:\/\/preservons-la-nature.fr\/blog\/index.php?rest_route=\/wp\/v2\/types\/post"}],"author":[{"embeddable":true,"href":"https:\/\/preservons-la-nature.fr\/blog\/index.php?rest_route=\/wp\/v2\/users\/1"}],"replies":[{"embeddable":true,"href":"https:\/\/preservons-la-nature.fr\/blog\/index.php?rest_route=%2Fwp%2Fv2%2Fcomments&post=1856"}],"version-history":[{"count":11,"href":"https:\/\/preservons-la-nature.fr\/blog\/index.php?rest_route=\/wp\/v2\/posts\/1856\/revisions"}],"predecessor-version":[{"id":2081,"href":"https:\/\/preservons-la-nature.fr\/blog\/index.php?rest_route=\/wp\/v2\/posts\/1856\/revisions\/2081"}],"wp:attachment":[{"href":"https:\/\/preservons-la-nature.fr\/blog\/index.php?rest_route=%2Fwp%2Fv2%2Fmedia&parent=1856"}],"wp:term":[{"taxonomy":"category","embeddable":true,"href":"https:\/\/preservons-la-nature.fr\/blog\/index.php?rest_route=%2Fwp%2Fv2%2Fcategories&post=1856"},{"taxonomy":"post_tag","embeddable":true,"href":"https:\/\/preservons-la-nature.fr\/blog\/index.php?rest_route=%2Fwp%2Fv2%2Ftags&post=1856"}],"curies":[{"name":"wp","href":"https:\/\/api.w.org\/{rel}","templated":true}]}}