{"id":180,"date":"2011-03-10T12:37:47","date_gmt":"2011-03-10T12:37:47","guid":{"rendered":"https:\/\/www.preservons-la-nature.fr\/blog\/?p=180"},"modified":"2014-02-27T13:52:46","modified_gmt":"2014-02-27T12:52:46","slug":"pollution-en-loire-jean-philippe-grand-envoie-un-courrier-a-lagglo","status":"publish","type":"post","link":"https:\/\/preservons-la-nature.fr\/blog\/?p=180","title":{"rendered":"Pollution en Loire : Jean-Philippe GRAND envoie un courrier \u00e0 l&rsquo;Agglo"},"content":{"rendered":"<p>Retrouvez l&rsquo;historique complet de nos articles concernant les rejets d&rsquo;eaux us\u00e9es en Loire : <a href=\"https:\/\/www.preservons-la-nature.fr\/blog\/?tag=pollution\">ICI<\/a><\/p>\n<p>Apr\u00e8s la d\u00e9couverte d&rsquo;une pollution en aval d&rsquo;Orl\u00e9ans (Lingettes, serviettes hygi\u00e9niques, pr\u00e9servatifs, voir <strong><a href=\"https:\/\/www.preservons-la-nature.fr\/blog\/?p=125\">les pr\u00e9c\u00e9dents articles<\/a><\/strong>), nous avons contact\u00e9 les services communaux de <strong><a href=\"http:\/\/www.ville-saintjeandelaruelle.fr\" target=\"_blank\">Saint-Jean-de-la-Ruelle<\/a> <\/strong>et d&rsquo;<strong><a href=\"http:\/\/www.orleans.fr\" target=\"_blank\">Orl\u00e9ans<\/a><\/strong>, le d\u00e9partement Environnement et biodiversit\u00e9\u00a0de <strong><a href=\"http:\/\/www.regioncentre.fr\" target=\"_blank\">la R\u00e9gion Centre<\/a><\/strong>, l&rsquo;association <strong><a href=\"http:\/\/www.loiret-nature-environnement.org\" target=\"_blank\">Loiret Nature Environnement<\/a><\/strong>, ainsi que plusieurs \u00e9lus ayant une sensibilit\u00e9 environnementale affirm\u00e9e.<\/p>\n<p>Monsieur <strong>G\u00e9raud DE SAINT ALBIN<\/strong>, chef du service biodiversit\u00e9 au Conseil r\u00e9gional nous a r\u00e9pondu que c&rsquo;est <strong><a href=\"http:\/\/www.agglo-orleans.fr\">l\u2019Agglom\u00e9ration d\u2019Orl\u00e9ans<\/a><\/strong> (et non la ville) qui poss\u00e8de la comp\u00e9tence assainissement pour les 22 communes de l\u2019agglom\u00e9ration. C&rsquo;est donc \u00e0 elle qu&rsquo;il faut s&rsquo;adresser.<\/p>\n<p>Monsieur <strong>Pascal LAVAL<\/strong> (charg\u00e9 de l&rsquo;am\u00e9nagement et du d\u00e9veloppement durable \u00e0 la mairie de <strong><a href=\"http:\/\/www.ville-saintjeandelaruelle.fr\" target=\"_blank\">Saint-Jean-de-la-Ruelle<\/a><\/strong>) nous a recontact\u00e9 pour pr\u00e9ciser que la commune avait\u00a0suivi l&rsquo;Agenda 21. Il nous a demand\u00e9\u00a0la localisation de\u00a0la pollution afin de pouvoir identifier rapidement si ce probl\u00e8me venait de <strong><a href=\"http:\/\/www.ville-saintjeandelaruelle.fr\" target=\"_blank\">Saint-Jean-de-la-Ruelle<\/a><\/strong>. Il nous a aussi indiqu\u00e9 que l&rsquo;assainissement \u00e9tait de la responsabilit\u00e9 de <strong><a href=\"http:\/\/www.agglo-orleans.fr\" target=\"_blank\">l&rsquo;Agglo<\/a><\/strong> sans vouloir se d\u00e9charger d&rsquo;\u00e9ventuelles responsabilit\u00e9s de sa commune.<\/p>\n<p>Monsieur <strong><a href=\"http:\/\/jpgrand.org\/\" target=\"_blank\">Jean-Philippe GRAND<\/a><\/strong>, conseiller\u00a0r\u00e9gional et conseiller municipal \u00e0 Orl\u00e9ans, m&rsquo;a tr\u00e8s vite propos\u00e9 de me rencontrer sur le terrain afin de se rendre compte de l&rsquo;ampleur de la pollution. Nous estimons qu&rsquo;il a eu une excellente d\u00e9marche en se montrant tr\u00e8s \u00e0 l&rsquo;\u00e9coute et surtout en se d\u00e9pla\u00e7ant pour comprendre et \u00e9valuer la catastrophe. Lors de notre entrevue, il a propos\u00e9 d&rsquo;envoyer un courrier\u00a0au vice-pr\u00e9sident de\u00a0<strong><a href=\"http:\/\/www.agglo-orleans.fr\" target=\"_blank\">l&rsquo;Agglo<\/a><\/strong>,\u00a0Monsieur <strong>Jacky Zinsius<\/strong> en charge de l&rsquo;assainissement, afin que cette pollution ait des chances d&rsquo;\u00eatre r\u00e9solue au plus vite. Je salue son initiative qui montre que les \u00e9lus peuvent \u00eatre \u00e0 l&rsquo;\u00e9coute des pr\u00e9occupations des citoyens.<\/p>\n<p><strong><a href=\"http:\/\/jpgrand.org\/\" target=\"_blank\">Jean-Philippe GRAND<\/a><\/strong> et <strong>Pr\u00e9servons la Nature<\/strong> vous tiendront au courant de la r\u00e9ponse qui sera fa\u00eete par <strong><a href=\"http:\/\/www.agglo-orleans.fr\" target=\"_blank\">l&rsquo;Agglom\u00e9ration orl\u00e9anaise<\/a><\/strong>.<\/p>\n<p>Je garde espoir que <strong>le bon sens<\/strong> pr\u00e9vaudra, que l&rsquo;on trouvera <strong>des solutions pour pr\u00e9server les \u00e9cosyst\u00e8mes<\/strong> et donc la <strong>Loire<\/strong>,\u00a0 Patrimoine mondial de l&rsquo;UNESCO depuis 10 ans.<\/p>\n","protected":false},"excerpt":{"rendered":"<p>Retrouvez l&rsquo;historique complet de nos articles concernant les rejets d&rsquo;eaux us\u00e9es en Loire : ICI Apr\u00e8s la d\u00e9couverte d&rsquo;une pollution en aval d&rsquo;Orl\u00e9ans (Lingettes, serviettes hygi\u00e9niques, pr\u00e9servatifs, voir les pr\u00e9c\u00e9dents articles), nous avons contact\u00e9 les services communaux de Saint-Jean-de-la-Ruelle et &hellip; <a href=\"https:\/\/preservons-la-nature.fr\/blog\/?p=180\">Continuer la lecture <span class=\"meta-nav\">&rarr;<\/span><\/a><\/p>\n","protected":false},"author":1,"featured_media":0,"comment_status":"open","ping_status":"open","sticky":false,"template":"","format":"standard","meta":{"footnotes":""},"categories":[93,3],"tags":[7,24,13],"class_list":["post-180","post","type-post","status-publish","format-standard","hentry","category-dossier-eaux-usees-a-orleans","category-laloire","tag-loire","tag-orleans","tag-pollution"],"_links":{"self":[{"href":"https:\/\/preservons-la-nature.fr\/blog\/index.php?rest_route=\/wp\/v2\/posts\/180","targetHints":{"allow":["GET"]}}],"collection":[{"href":"https:\/\/preservons-la-nature.fr\/blog\/index.php?rest_route=\/wp\/v2\/posts"}],"about":[{"href":"https:\/\/preservons-la-nature.fr\/blog\/index.php?rest_route=\/wp\/v2\/types\/post"}],"author":[{"embeddable":true,"href":"https:\/\/preservons-la-nature.fr\/blog\/index.php?rest_route=\/wp\/v2\/users\/1"}],"replies":[{"embeddable":true,"href":"https:\/\/preservons-la-nature.fr\/blog\/index.php?rest_route=%2Fwp%2Fv2%2Fcomments&post=180"}],"version-history":[{"count":11,"href":"https:\/\/preservons-la-nature.fr\/blog\/index.php?rest_route=\/wp\/v2\/posts\/180\/revisions"}],"predecessor-version":[{"id":2524,"href":"https:\/\/preservons-la-nature.fr\/blog\/index.php?rest_route=\/wp\/v2\/posts\/180\/revisions\/2524"}],"wp:attachment":[{"href":"https:\/\/preservons-la-nature.fr\/blog\/index.php?rest_route=%2Fwp%2Fv2%2Fmedia&parent=180"}],"wp:term":[{"taxonomy":"category","embeddable":true,"href":"https:\/\/preservons-la-nature.fr\/blog\/index.php?rest_route=%2Fwp%2Fv2%2Fcategories&post=180"},{"taxonomy":"post_tag","embeddable":true,"href":"https:\/\/preservons-la-nature.fr\/blog\/index.php?rest_route=%2Fwp%2Fv2%2Ftags&post=180"}],"curies":[{"name":"wp","href":"https:\/\/api.w.org\/{rel}","templated":true}]}}