{"id":174,"date":"2011-03-10T11:47:27","date_gmt":"2011-03-10T11:47:27","guid":{"rendered":"https:\/\/www.preservons-la-nature.fr\/blog\/?p=174"},"modified":"2011-07-10T06:44:27","modified_gmt":"2011-07-10T06:44:27","slug":"le-lamier-pourpre","status":"publish","type":"post","link":"https:\/\/preservons-la-nature.fr\/blog\/?p=174","title":{"rendered":"Le lamier pourpre"},"content":{"rendered":"<p>Vous pouvez commencer \u00e0 d\u00e9couvrir les premiers\u00a0<strong>lamiers pourpres<\/strong> (<em><strong>Lamium purpureum<\/strong><\/em>) de l&rsquo;ann\u00e9e. Il\u00a0fait partie de la <strong>famille des Lamiac\u00e9es<\/strong>. Sa p\u00e9riode de floraison s&rsquo;\u00e9tale de Mars \u00e0 Mai puis de Septembre \u00e0 Octobre. On la retrouve tr\u00e8s souvent dans les zones de friches, au bord des cultures sur des sols frais plut\u00f4t riches. Il s&rsquo;agit d&rsquo;une esp\u00e8ce h\u00e9liophile.<br \/>\nLa plante mesure de 10 \u00e0 30 cm de hauteur. Ses feuilles sont color\u00e9es de pourpre. Elles sont oppos\u00e9es et dent\u00e9es. La couleur de la fleur est rose.<br \/>\nElle a le statut d&rsquo;esp\u00e8ces invasives \u00e0 Saint-Pierre et Miquelon.<br \/>\nVoici quelques photos :<\/p>\n<div id=\"attachment_175\" style=\"width: 477px\" class=\"wp-caption aligncenter\"><a href=\"https:\/\/www.preservons-la-nature.fr\/blog\/wp-content\/uploads\/2011\/03\/DSC3251.jpg\"><img loading=\"lazy\" decoding=\"async\" aria-describedby=\"caption-attachment-175\" class=\"size-full wp-image-175\" title=\"Lamium purpureum\" src=\"https:\/\/www.preservons-la-nature.fr\/blog\/wp-content\/uploads\/2011\/03\/DSC3251.jpg\" alt=\"Lamium purpureum\" width=\"467\" height=\"700\" srcset=\"https:\/\/preservons-la-nature.fr\/blog\/wp-content\/uploads\/2011\/03\/DSC3251.jpg 467w, https:\/\/preservons-la-nature.fr\/blog\/wp-content\/uploads\/2011\/03\/DSC3251-200x300.jpg 200w\" sizes=\"auto, (max-width: 467px) 100vw, 467px\" \/><\/a><p id=\"caption-attachment-175\" class=\"wp-caption-text\">Lamium purpureum<\/p><\/div>\n<div id=\"attachment_176\" style=\"width: 477px\" class=\"wp-caption aligncenter\"><a href=\"https:\/\/www.preservons-la-nature.fr\/blog\/wp-content\/uploads\/2011\/03\/DSC07294.jpg\"><img loading=\"lazy\" decoding=\"async\" aria-describedby=\"caption-attachment-176\" class=\"size-full wp-image-176\" title=\"Lamium purpureum\" src=\"https:\/\/www.preservons-la-nature.fr\/blog\/wp-content\/uploads\/2011\/03\/DSC07294.jpg\" alt=\"Lamium purpureum\" width=\"467\" height=\"700\" srcset=\"https:\/\/preservons-la-nature.fr\/blog\/wp-content\/uploads\/2011\/03\/DSC07294.jpg 467w, https:\/\/preservons-la-nature.fr\/blog\/wp-content\/uploads\/2011\/03\/DSC07294-200x300.jpg 200w\" sizes=\"auto, (max-width: 467px) 100vw, 467px\" \/><\/a><p id=\"caption-attachment-176\" class=\"wp-caption-text\">Lamium purpureum<\/p><\/div>\n<p>Concernant la famille des Lamiac\u00e9es, nous avions consacr\u00e9 <strong>un dossier<\/strong> il y a quelques semaines <strong>sur les esp\u00e8ces pr\u00e9sentes<\/strong> dans la <strong>R\u00e9serve Naturelle de Saint-Mesmin (Loiret)<\/strong> : <a href=\"https:\/\/www.preservons-la-nature.fr\/contemplons\/saintmesmin\/lamiacees\/\">https:\/\/www.preservons-la-nature.fr\/contemplons\/saintmesmin\/lamiacees\/<\/a><\/p>\n","protected":false},"excerpt":{"rendered":"<p>Vous pouvez commencer \u00e0 d\u00e9couvrir les premiers\u00a0lamiers pourpres (Lamium purpureum) de l&rsquo;ann\u00e9e. Il\u00a0fait partie de la famille des Lamiac\u00e9es. Sa p\u00e9riode de floraison s&rsquo;\u00e9tale de Mars \u00e0 Mai puis de Septembre \u00e0 Octobre. On la retrouve tr\u00e8s souvent dans les &hellip; <a href=\"https:\/\/preservons-la-nature.fr\/blog\/?p=174\">Continuer la lecture <span class=\"meta-nav\">&rarr;<\/span><\/a><\/p>\n","protected":false},"author":1,"featured_media":0,"comment_status":"open","ping_status":"open","sticky":false,"template":"","format":"standard","meta":{"footnotes":""},"categories":[11,49],"tags":[],"class_list":["post-174","post","type-post","status-publish","format-standard","hentry","category-contempler","category-flore-de-lile-arrault-orleans"],"_links":{"self":[{"href":"https:\/\/preservons-la-nature.fr\/blog\/index.php?rest_route=\/wp\/v2\/posts\/174","targetHints":{"allow":["GET"]}}],"collection":[{"href":"https:\/\/preservons-la-nature.fr\/blog\/index.php?rest_route=\/wp\/v2\/posts"}],"about":[{"href":"https:\/\/preservons-la-nature.fr\/blog\/index.php?rest_route=\/wp\/v2\/types\/post"}],"author":[{"embeddable":true,"href":"https:\/\/preservons-la-nature.fr\/blog\/index.php?rest_route=\/wp\/v2\/users\/1"}],"replies":[{"embeddable":true,"href":"https:\/\/preservons-la-nature.fr\/blog\/index.php?rest_route=%2Fwp%2Fv2%2Fcomments&post=174"}],"version-history":[{"count":4,"href":"https:\/\/preservons-la-nature.fr\/blog\/index.php?rest_route=\/wp\/v2\/posts\/174\/revisions"}],"predecessor-version":[{"id":178,"href":"https:\/\/preservons-la-nature.fr\/blog\/index.php?rest_route=\/wp\/v2\/posts\/174\/revisions\/178"}],"wp:attachment":[{"href":"https:\/\/preservons-la-nature.fr\/blog\/index.php?rest_route=%2Fwp%2Fv2%2Fmedia&parent=174"}],"wp:term":[{"taxonomy":"category","embeddable":true,"href":"https:\/\/preservons-la-nature.fr\/blog\/index.php?rest_route=%2Fwp%2Fv2%2Fcategories&post=174"},{"taxonomy":"post_tag","embeddable":true,"href":"https:\/\/preservons-la-nature.fr\/blog\/index.php?rest_route=%2Fwp%2Fv2%2Ftags&post=174"}],"curies":[{"name":"wp","href":"https:\/\/api.w.org\/{rel}","templated":true}]}}