{"id":1720,"date":"2013-11-13T00:29:16","date_gmt":"2013-11-13T00:29:16","guid":{"rendered":"https:\/\/www.preservons-la-nature.fr\/blog\/?p=1720"},"modified":"2013-11-13T22:41:26","modified_gmt":"2013-11-13T21:41:26","slug":"serapias-neglecta-de-not-le-serapias-neglige","status":"publish","type":"post","link":"https:\/\/preservons-la-nature.fr\/blog\/?p=1720","title":{"rendered":"Serapias neglecta De Not. ( S\u00e9rapias n\u00e9glig\u00e9 )"},"content":{"rendered":"<p><strong>Le s\u00e9rapias n\u00e9glig\u00e9 (<em>Serapias neglecta De Not.<\/em>)<\/strong> fait partie de <strong>la famille des Orchid\u00e9es (<em>Orchidaceae<\/em>)<\/strong>. Sa p\u00e9riode de floraison s&rsquo;\u00e9tale d&rsquo;avril \u00e0 mai. Son autre nom commun est S\u00e9rapias m\u00e9connu. Ce nom lui vient du fait que cette esp\u00e8ce est rest\u00e9e tr\u00e8s longtemps ignor\u00e9e des botanistes.<\/p>\n<div id=\"attachment_1723\" style=\"width: 330px\" class=\"wp-caption aligncenter\"><a href=\"https:\/\/www.preservons-la-nature.fr\/blog\/wp-content\/uploads\/2013\/11\/DSC01947.jpg\"><img loading=\"lazy\" decoding=\"async\" aria-describedby=\"caption-attachment-1723\" class=\" wp-image-1723 \" title=\"Serapias neglecta De Not.\" alt=\"Serapias neglecta De Not.\" src=\"https:\/\/www.preservons-la-nature.fr\/blog\/wp-content\/uploads\/2013\/11\/DSC01947.jpg\" width=\"320\" height=\"480\" srcset=\"https:\/\/preservons-la-nature.fr\/blog\/wp-content\/uploads\/2013\/11\/DSC01947.jpg 400w, https:\/\/preservons-la-nature.fr\/blog\/wp-content\/uploads\/2013\/11\/DSC01947-200x300.jpg 200w\" sizes=\"auto, (max-width: 320px) 100vw, 320px\" \/><\/a><p id=\"caption-attachment-1723\" class=\"wp-caption-text\">Serapias neglecta De Not.<\/p><\/div>\n<p><span style=\"text-decoration: underline;\">Ecologie :<\/span><br \/>\nL&rsquo;esp\u00e8ce affectionne les sols plut\u00f4t acides que basiques. On la retrouve dans les pelouses rases \u00e0 Iso\u00e8tes (<em>Isoetes durei<\/em> par exemple) temporairement humide l&rsquo;hiver ou encore dans les bois clairs. <strong><span style=\"text-decoration: underline;\">Phytosociologie :<\/span> <em>Isoetion durieui<\/em> 34.0.1.0.1 Communaut\u00e9s amphibies et hygrophiles m\u00e9diterran\u00e9ennes des sols oligotrophes de niveau topographique bas \u00e0 moyen.<\/strong><\/p>\n<div id=\"attachment_1725\" style=\"width: 330px\" class=\"wp-caption aligncenter\"><a href=\"https:\/\/www.preservons-la-nature.fr\/blog\/wp-content\/uploads\/2013\/11\/DSC02181.jpg\"><img loading=\"lazy\" decoding=\"async\" aria-describedby=\"caption-attachment-1725\" class=\" wp-image-1725 \" title=\"Serapias neglecta De Not.\" alt=\"Serapias neglecta De Not.\" src=\"https:\/\/www.preservons-la-nature.fr\/blog\/wp-content\/uploads\/2013\/11\/DSC02181.jpg\" width=\"320\" height=\"480\" srcset=\"https:\/\/preservons-la-nature.fr\/blog\/wp-content\/uploads\/2013\/11\/DSC02181.jpg 400w, https:\/\/preservons-la-nature.fr\/blog\/wp-content\/uploads\/2013\/11\/DSC02181-200x300.jpg 200w\" sizes=\"auto, (max-width: 320px) 100vw, 320px\" \/><\/a><p id=\"caption-attachment-1725\" class=\"wp-caption-text\">Serapias neglecta De Not.<\/p><\/div>\n<p><span style=\"text-decoration: underline;\">R\u00e9partition fran\u00e7aise :<\/span><br \/>\nElle est beaucoup plus fr\u00e9quente dans le Var (Plaine des Maures, Colle du Rouet, Esterel) que dans les Alpes-Maritimes (Essentiellement dans l&rsquo;Esterel, \u00e0 l&rsquo;Ile Sainte-Marguerite). On la retrouve \u00e9galement en Corse, comme en Sardaigne et m\u00eame en Sicile.<\/p>\n<p><span style=\"text-decoration: underline;\">Protection :<\/span><br \/>\nL&rsquo;esp\u00e8ce est prot\u00e9g\u00e9e au niveau national.<\/p>\n<div id=\"attachment_1726\" style=\"width: 330px\" class=\"wp-caption aligncenter\"><a href=\"https:\/\/www.preservons-la-nature.fr\/blog\/wp-content\/uploads\/2013\/11\/DSC02373.jpg\"><img loading=\"lazy\" decoding=\"async\" aria-describedby=\"caption-attachment-1726\" class=\" wp-image-1726\" title=\"Serapias neglecta De Not.\" alt=\"Serapias neglecta De Not.\" src=\"https:\/\/www.preservons-la-nature.fr\/blog\/wp-content\/uploads\/2013\/11\/DSC02373.jpg\" width=\"320\" height=\"480\" srcset=\"https:\/\/preservons-la-nature.fr\/blog\/wp-content\/uploads\/2013\/11\/DSC02373.jpg 400w, https:\/\/preservons-la-nature.fr\/blog\/wp-content\/uploads\/2013\/11\/DSC02373-200x300.jpg 200w\" sizes=\"auto, (max-width: 320px) 100vw, 320px\" \/><\/a><p id=\"caption-attachment-1726\" class=\"wp-caption-text\">Serapias neglecta De Not.<\/p><\/div>\n<p><span style=\"text-decoration: underline;\">Description :<\/span><br \/>\nSa hauteur varie de 10 \u00e0 30 cm. Les feuilles sont au nombre de 4 ou 8. Elles sont lanc\u00e9ol\u00e9es. L&rsquo;inflorescence est compos\u00e9e de 2 \u00e0 10 fleurs. La fleur est de couleur rose saumon. Le labelle est large (\u00e9pichile ovale \u00e0 cordiforme) et poss\u00e8de de nombreux poils au centre. La gorge contient 2 lamelles (=callosit\u00e9s)\u00a0de couleur rouge pourpre presque parall\u00e8les (Ce qui n&rsquo;est pas le cas pour Serapias cordigera). Les lobes lat\u00e9raux de l&rsquo;hypochile \u00e9mergent tr\u00e8s largement du casque.<\/p>\n<div id=\"attachment_1724\" style=\"width: 330px\" class=\"wp-caption aligncenter\"><a href=\"https:\/\/www.preservons-la-nature.fr\/blog\/wp-content\/uploads\/2013\/11\/DSC02105.jpg\"><img loading=\"lazy\" decoding=\"async\" aria-describedby=\"caption-attachment-1724\" class=\" wp-image-1724\" title=\"Serapias neglecta De Not.\" alt=\"Serapias neglecta De Not.\" src=\"https:\/\/www.preservons-la-nature.fr\/blog\/wp-content\/uploads\/2013\/11\/DSC02105.jpg\" width=\"320\" height=\"480\" srcset=\"https:\/\/preservons-la-nature.fr\/blog\/wp-content\/uploads\/2013\/11\/DSC02105.jpg 400w, https:\/\/preservons-la-nature.fr\/blog\/wp-content\/uploads\/2013\/11\/DSC02105-200x300.jpg 200w\" sizes=\"auto, (max-width: 320px) 100vw, 320px\" \/><\/a><p id=\"caption-attachment-1724\" class=\"wp-caption-text\">Serapias neglecta De Not.<\/p><\/div>\n<p><span style=\"text-decoration: underline;\">Taxonomie :<\/span><em><br \/>\nSerapias neglecta De Not.<\/em> a pour synonymes (Informations issues de la BDTFX Version 1.1, <a href=\"http:\/\/www.tela-botanica.org\/\" target=\"_blank\">Tela Botanica<\/a>) :<em><br \/>\n&#8211; Isias triloba De Not.<br \/>\n&#8211; Serapias cordigera subsp. neglecta (De Not.) K.Richt.<\/em><\/p>\n<p><span style=\"text-decoration: underline;\">Bibliographie :<\/span><br \/>\n<em>&#8211; Les quatre flores de France &#8211; P. Fournier &#8211; Editions Lechevalier 1961<br \/>\n&#8211; Flore de France &#8211; H. Coste &#8211; Librairie des sciences et des Arts 1937<br \/>\n&#8211; M\u00e9mento de la flore prot\u00e9g\u00e9e des Alpes-Maritimes &#8211; Collectif &#8211; Editions du Cabri 2010<br \/>\n&#8211; Guide de la flore des Alpes-Martimes &#8211; Lionel Carles, Ludovic Th\u00e9bault &#8211; Gilletta, Nice-Matin 2011<br \/>\n&#8211; La Flore des Alpes-Maritimes et de la Principaut\u00e9 de Monaco &#8211; Collectif &#8211; Naturalia Editions 2011<br \/>\n&#8211; Les Orchid\u00e9es de France, Belgique et Luxembourg 2\u00e8me \u00e9dition &#8211; Collectif &#8211; Editions Biotope 2005<br \/>\n&#8211; Le Var et sa flore &#8211; Collectif &#8211; Naturalia Publications 2008<\/em><\/p>\n","protected":false},"excerpt":{"rendered":"<p>Le s\u00e9rapias n\u00e9glig\u00e9 (Serapias neglecta De Not.) fait partie de la famille des Orchid\u00e9es (Orchidaceae). Sa p\u00e9riode de floraison s&rsquo;\u00e9tale d&rsquo;avril \u00e0 mai. Son autre nom commun est S\u00e9rapias m\u00e9connu. Ce nom lui vient du fait que cette esp\u00e8ce est &hellip; <a href=\"https:\/\/preservons-la-nature.fr\/blog\/?p=1720\">Continuer la lecture <span class=\"meta-nav\">&rarr;<\/span><\/a><\/p>\n","protected":false},"author":1,"featured_media":0,"comment_status":"open","ping_status":"open","sticky":false,"template":"","format":"standard","meta":{"footnotes":""},"categories":[87,51],"tags":[46],"class_list":["post-1720","post","type-post","status-publish","format-standard","hentry","category-ficheplante","category-protection-nationale","tag-orchidees"],"_links":{"self":[{"href":"https:\/\/preservons-la-nature.fr\/blog\/index.php?rest_route=\/wp\/v2\/posts\/1720","targetHints":{"allow":["GET"]}}],"collection":[{"href":"https:\/\/preservons-la-nature.fr\/blog\/index.php?rest_route=\/wp\/v2\/posts"}],"about":[{"href":"https:\/\/preservons-la-nature.fr\/blog\/index.php?rest_route=\/wp\/v2\/types\/post"}],"author":[{"embeddable":true,"href":"https:\/\/preservons-la-nature.fr\/blog\/index.php?rest_route=\/wp\/v2\/users\/1"}],"replies":[{"embeddable":true,"href":"https:\/\/preservons-la-nature.fr\/blog\/index.php?rest_route=%2Fwp%2Fv2%2Fcomments&post=1720"}],"version-history":[{"count":9,"href":"https:\/\/preservons-la-nature.fr\/blog\/index.php?rest_route=\/wp\/v2\/posts\/1720\/revisions"}],"predecessor-version":[{"id":1740,"href":"https:\/\/preservons-la-nature.fr\/blog\/index.php?rest_route=\/wp\/v2\/posts\/1720\/revisions\/1740"}],"wp:attachment":[{"href":"https:\/\/preservons-la-nature.fr\/blog\/index.php?rest_route=%2Fwp%2Fv2%2Fmedia&parent=1720"}],"wp:term":[{"taxonomy":"category","embeddable":true,"href":"https:\/\/preservons-la-nature.fr\/blog\/index.php?rest_route=%2Fwp%2Fv2%2Fcategories&post=1720"},{"taxonomy":"post_tag","embeddable":true,"href":"https:\/\/preservons-la-nature.fr\/blog\/index.php?rest_route=%2Fwp%2Fv2%2Ftags&post=1720"}],"curies":[{"name":"wp","href":"https:\/\/api.w.org\/{rel}","templated":true}]}}