{"id":1714,"date":"2013-11-12T00:43:39","date_gmt":"2013-11-12T00:43:39","guid":{"rendered":"https:\/\/www.preservons-la-nature.fr\/blog\/?p=1714"},"modified":"2013-11-13T22:24:28","modified_gmt":"2013-11-13T21:24:28","slug":"chamaerops-humilis-l-le-palmier-nain","status":"publish","type":"post","link":"https:\/\/preservons-la-nature.fr\/blog\/?p=1714","title":{"rendered":"Chamaerops humilis L. ( Palmier nain )"},"content":{"rendered":"<p><strong>Le Palmier nain (<em>Chamaerops humilis L.<\/em>)<\/strong> fait partie de <strong>la famille des Arecac\u00e9es (<em>Arecaceae<\/em>)<\/strong>. Sa p\u00e9riode de floraison s&rsquo;\u00e9tale de mai \u00e0 juin. Ses autres noms communs sont le Palmier Doum, le faux-palmier Doum ou encore Doum. Son nom vient du grec \u00ab\u00a0chamai\u00a0\u00bb qui veut dire \u00ab\u00a0bas\u00a0\u00bb et \u00ab\u00a0rops\u00a0\u00bb qui veut dire \u00ab\u00a0buisson\u00a0\u00bb.<\/p>\n<p><span style=\"text-decoration: underline;\">Ecologie :<\/span><br \/>\nCette esp\u00e8ce se distribue sur les c\u00f4tes du bassin m\u00e9diterran\u00e9en occidental. Il peut r\u00e9sister \u00e0 des temp\u00e9ratures basses de l&rsquo;ordre de -8 degr\u00e9s, c&rsquo;est pourquoi il p\u00e9n\u00e8tre jusqu&rsquo;au nord du Haut-Atlas jusqu&rsquo;\u00e0 2200 m\u00e8tres. Il affectionne les zones calcaires thermophiles o\u00f9 on le voit accompagner l&rsquo;olivier sauvage, le caroubier, le ch\u00eane vert ou encore le lentisque. En France, il serait actuellement en expansion alors qu&rsquo;il avait quasiment disparu au d\u00e9but de 20\u00e8me si\u00e8cle. <strong><span style=\"text-decoration: underline;\">Phytosociologie :<\/span> <em>Oleo sylvestris<\/em> &#8211; Ceratonion siliquae 56.0.2.0.2 Communaut\u00e9s thermom\u00e9diterran\u00e9ennes arbor\u00e9es claires ou arbustives, h\u00e9liophiles<\/strong>.<\/p>\n<p><span style=\"text-decoration: underline;\">R\u00e9partition fran\u00e7aise :<\/span><br \/>\nOn le retrouve donc dans les Alpes-Maritimes (les hauteurs de Nice, Menton, l&rsquo;\u00eele Sainte-Marguerite, Fort Carr\u00e9 d&rsquo;Antibes), dans le Var (tout le littoral des Maures, Saint-Rapha\u00ebl, Hy\u00e8res, Toulon), les Bouches-du-Rh\u00f4ne (La Ciotat) mais aussi deux stations dans l&rsquo;Aude. Il est compl\u00e8tement absent de la Corse.<\/p>\n<p><span style=\"text-decoration: underline;\">Protection :<\/span><br \/>\nL&rsquo;esp\u00e8ce est prot\u00e9g\u00e9e au niveau national.<\/p>\n<div id=\"attachment_1715\" style=\"width: 570px\" class=\"wp-caption aligncenter\"><a href=\"https:\/\/www.preservons-la-nature.fr\/blog\/wp-content\/uploads\/2013\/11\/DSC06627.jpg\"><img loading=\"lazy\" decoding=\"async\" aria-describedby=\"caption-attachment-1715\" class=\" wp-image-1715 \" title=\"Chamaerops humilis L. Ile Sainte-Marguerite 2013\" alt=\"Chamaerops humilis L. Ile Sainte-Marguerite 2013\" src=\"https:\/\/www.preservons-la-nature.fr\/blog\/wp-content\/uploads\/2013\/11\/DSC06627.jpg\" width=\"560\" height=\"373\" srcset=\"https:\/\/preservons-la-nature.fr\/blog\/wp-content\/uploads\/2013\/11\/DSC06627.jpg 800w, https:\/\/preservons-la-nature.fr\/blog\/wp-content\/uploads\/2013\/11\/DSC06627-300x199.jpg 300w\" sizes=\"auto, (max-width: 560px) 100vw, 560px\" \/><\/a><p id=\"caption-attachment-1715\" class=\"wp-caption-text\">Chamaerops humilis L. Ile Sainte-Marguerite 2013<\/p><\/div>\n<p><span style=\"text-decoration: underline;\">Description :<\/span><br \/>\nIl s&rsquo;agit d&rsquo;une esp\u00e8ce dio\u00efque. La hauteur de cet arbrisseau ne d\u00e9passe pas les 3 m\u00e8tres. Il a souvent une allure buissonnante. Les feuilles forment des bouquets terminaux bien verts. Elles sont port\u00e9es par un long p\u00e9tiole de 20 \u00e0 40 cm comportant des \u00e9pines. Le limbe est en forme d&rsquo;\u00e9ventail et comporte de nombreux segments lanc\u00e9ol\u00e9s \u00e0 lin\u00e9aires. Les fleurs sont de petites tailles. Elles sont de couleur jaune ou verd\u00e2tre suivant les pieds. Les fruits sont bien charnus (non comestibles) et vont du jaune au brun rouge\u00e2tre. La diss\u00e9mination des graines est assur\u00e9e par les rats.<\/p>\n<p><span style=\"text-decoration: underline;\">Usages \/ Autres particularit\u00e9s :<\/span><br \/>\nEn Afrique du Nord, il a \u00e9t\u00e9 utilis\u00e9 comme antidiab\u00e9tique et antispasmodique. C&rsquo;est \u00e0 partir de cette esp\u00e8ce que l&rsquo;on a \u00e9labor\u00e9 un cultivar que l&rsquo;on peut trouver en jardinerie sous le m\u00eame nom.<\/p>\n<p><span style=\"text-decoration: underline;\">Bibliographie :<\/span><em><br \/>\n&#8211; M\u00e9mento de la flore prot\u00e9g\u00e9e des Alpes-Maritimes &#8211; Collectif &#8211; Editions du Cabri 2010<br \/>\n&#8211; Guide de la flore des Alpes-Martimes &#8211; Lionel Carles, Ludovic Th\u00e9bault &#8211; Gilletta, Nice-Matin 2011<br \/>\n&#8211; Revue Esp\u00e8ces N\u00b01 septembre 2011 &#8211; Le palmier nain pages 52 \u00e0 57 -Kirnos publications 2011<br \/>\n&#8211; La Flore des Alpes-Maritimes et de la Principaut\u00e9 de Monaco &#8211; Collectif &#8211; Naturalia Editions 2011<br \/>\n&#8211; Le Var et sa flore &#8211; Collectif &#8211; Naturalia Publications 2008<\/em><\/p>\n","protected":false},"excerpt":{"rendered":"<p>Le Palmier nain (Chamaerops humilis L.) fait partie de la famille des Arecac\u00e9es (Arecaceae). Sa p\u00e9riode de floraison s&rsquo;\u00e9tale de mai \u00e0 juin. Ses autres noms communs sont le Palmier Doum, le faux-palmier Doum ou encore Doum. Son nom vient &hellip; <a href=\"https:\/\/preservons-la-nature.fr\/blog\/?p=1714\">Continuer la lecture <span class=\"meta-nav\">&rarr;<\/span><\/a><\/p>\n","protected":false},"author":1,"featured_media":0,"comment_status":"open","ping_status":"open","sticky":false,"template":"","format":"standard","meta":{"footnotes":""},"categories":[87,51],"tags":[96],"class_list":["post-1714","post","type-post","status-publish","format-standard","hentry","category-ficheplante","category-protection-nationale","tag-arecacees"],"_links":{"self":[{"href":"https:\/\/preservons-la-nature.fr\/blog\/index.php?rest_route=\/wp\/v2\/posts\/1714","targetHints":{"allow":["GET"]}}],"collection":[{"href":"https:\/\/preservons-la-nature.fr\/blog\/index.php?rest_route=\/wp\/v2\/posts"}],"about":[{"href":"https:\/\/preservons-la-nature.fr\/blog\/index.php?rest_route=\/wp\/v2\/types\/post"}],"author":[{"embeddable":true,"href":"https:\/\/preservons-la-nature.fr\/blog\/index.php?rest_route=\/wp\/v2\/users\/1"}],"replies":[{"embeddable":true,"href":"https:\/\/preservons-la-nature.fr\/blog\/index.php?rest_route=%2Fwp%2Fv2%2Fcomments&post=1714"}],"version-history":[{"count":8,"href":"https:\/\/preservons-la-nature.fr\/blog\/index.php?rest_route=\/wp\/v2\/posts\/1714\/revisions"}],"predecessor-version":[{"id":1719,"href":"https:\/\/preservons-la-nature.fr\/blog\/index.php?rest_route=\/wp\/v2\/posts\/1714\/revisions\/1719"}],"wp:attachment":[{"href":"https:\/\/preservons-la-nature.fr\/blog\/index.php?rest_route=%2Fwp%2Fv2%2Fmedia&parent=1714"}],"wp:term":[{"taxonomy":"category","embeddable":true,"href":"https:\/\/preservons-la-nature.fr\/blog\/index.php?rest_route=%2Fwp%2Fv2%2Fcategories&post=1714"},{"taxonomy":"post_tag","embeddable":true,"href":"https:\/\/preservons-la-nature.fr\/blog\/index.php?rest_route=%2Fwp%2Fv2%2Ftags&post=1714"}],"curies":[{"name":"wp","href":"https:\/\/api.w.org\/{rel}","templated":true}]}}