{"id":1618,"date":"2013-11-04T14:19:19","date_gmt":"2013-11-04T14:19:19","guid":{"rendered":"https:\/\/www.preservons-la-nature.fr\/blog\/?p=1618"},"modified":"2013-11-10T18:06:46","modified_gmt":"2013-11-10T17:06:46","slug":"lavandula-stoechas-l-la-lavande-des-maures","status":"publish","type":"post","link":"https:\/\/preservons-la-nature.fr\/blog\/?p=1618","title":{"rendered":"Lavandula stoechas L. ( Lavande des Maures )"},"content":{"rendered":"<p><strong>La Lavande des Maures (<em>Lavandula stoechas L.<\/em>)<\/strong> fait partie de <strong>la famille des Lamiac\u00e9es (<em>Lamiaceae<\/em>)<\/strong>. Sa p\u00e9riode de floraison s&rsquo;\u00e9tale de f\u00e9vrier \u00e0 juin. Ses autres noms communs sont la lavande st\u00e9chade, la lavande \u00e0 toupet, la lavande des \u00eeles d&rsquo;Hy\u00e8res.<\/p>\n<div id=\"attachment_1631\" style=\"width: 570px\" class=\"wp-caption aligncenter\"><a href=\"https:\/\/www.preservons-la-nature.fr\/blog\/wp-content\/uploads\/2013\/11\/DSC01831.jpg\"><img loading=\"lazy\" decoding=\"async\" aria-describedby=\"caption-attachment-1631\" class=\" wp-image-1631 \" title=\"Lavandula stoechas L.\" alt=\"Lavandula stoechas L.\" src=\"https:\/\/www.preservons-la-nature.fr\/blog\/wp-content\/uploads\/2013\/11\/DSC01831.jpg\" width=\"560\" height=\"373\" srcset=\"https:\/\/preservons-la-nature.fr\/blog\/wp-content\/uploads\/2013\/11\/DSC01831.jpg 800w, https:\/\/preservons-la-nature.fr\/blog\/wp-content\/uploads\/2013\/11\/DSC01831-300x199.jpg 300w\" sizes=\"auto, (max-width: 560px) 100vw, 560px\" \/><\/a><p id=\"caption-attachment-1631\" class=\"wp-caption-text\">Lavandula stoechas L.<\/p><\/div>\n<p><span style=\"text-decoration: underline;\">Ecologie :<\/span><br \/>\nIl s&rsquo;agit d&rsquo;une esp\u00e8ce calcifuge m\u00e9diterran\u00e9enne (<strong><span style=\"text-decoration: underline;\">Phytosociologie :<\/span> <em>Lavanduletalia stoechadis <\/em>19.0.1 Landes thermophiles sur substrat acide des \u00e9tages thermo- \u00e0 supram\u00e9diterran\u00e9en, <em>Androsacetalia vandellii <\/em>8.0.4 v\u00e9g\u00e9tation silicicole vivace non nitrophile des parois et des murs<\/strong>).<\/p>\n<p><span style=\"text-decoration: underline;\">R\u00e9partition fran\u00e7aise :<\/span><br \/>\nL&rsquo;esp\u00e8ce est bien repr\u00e9sent\u00e9e dans le sud des Alpes-Maritimes, dans le sud du Var (plaine des Maures), puis \u00e0 l&rsquo;Est du Haut-Languedoc, dans les C\u00e9vennes, au Nord de Perpignan. Elle est tr\u00e8s rare dans les Causses et en Dordogne. Dans le Vaucluse, Bernard Girerd la signale encore \u00e0 Ch\u00e2teauneuf-du-Pape en 1991. La station s&rsquo;est-elle maintenue depuis? Il semble que oui puisqu&rsquo;on rapporte que l&rsquo;esp\u00e8ce est pr\u00e9sente en 2012 \u00e0 Ch\u00e2teauneuf-du-Pape et Gadagne mais ce sont les derni\u00e8res stations du Vaucluse.<\/p>\n<div id=\"attachment_1632\" style=\"width: 570px\" class=\"wp-caption aligncenter\"><a href=\"https:\/\/www.preservons-la-nature.fr\/blog\/wp-content\/uploads\/2013\/11\/DSC01856.jpg\"><img loading=\"lazy\" decoding=\"async\" aria-describedby=\"caption-attachment-1632\" class=\" wp-image-1632\" title=\"Lavandula stoechas L.\" alt=\"Lavandula stoechas L.\" src=\"https:\/\/www.preservons-la-nature.fr\/blog\/wp-content\/uploads\/2013\/11\/DSC01856.jpg\" width=\"560\" height=\"373\" srcset=\"https:\/\/preservons-la-nature.fr\/blog\/wp-content\/uploads\/2013\/11\/DSC01856.jpg 800w, https:\/\/preservons-la-nature.fr\/blog\/wp-content\/uploads\/2013\/11\/DSC01856-300x199.jpg 300w\" sizes=\"auto, (max-width: 560px) 100vw, 560px\" \/><\/a><p id=\"caption-attachment-1632\" class=\"wp-caption-text\">Lavandula stoechas L.<\/p><\/div>\n<p><span style=\"text-decoration: underline;\">Description :<\/span><br \/>\nLa hauteur de cette plante vivace varie de 30 cm \u00e0 60 cm. L&rsquo;arbrisseau est odorant. Comme toutes les Lamiac\u00e9es, la tige est carr\u00e9e. Ses feuilles lin\u00e9aires sont tomenteuses blanch\u00e2tres. Les bords des feuilles sont enroul\u00e9es. L&rsquo;inflorescence se pr\u00e9sente sous forme d&rsquo;un gros \u00e9pi terminal quadrangulaire comportant de nombreuses fleurs de couleur bleu fonc\u00e9 \u00e0 violet fonc\u00e9. Le p\u00e9doncule des fleurs est court. L&rsquo;\u00e9pi se termine par de grandes bract\u00e9es roses violac\u00e9es.<\/p>\n<div id=\"attachment_1633\" style=\"width: 290px\" class=\"wp-caption aligncenter\"><a href=\"https:\/\/www.preservons-la-nature.fr\/blog\/wp-content\/uploads\/2013\/11\/DSC02119.jpg\"><img loading=\"lazy\" decoding=\"async\" aria-describedby=\"caption-attachment-1633\" class=\" wp-image-1633\" title=\"Lavandula stoechas L.\" alt=\"Lavandula stoechas L.\" src=\"https:\/\/www.preservons-la-nature.fr\/blog\/wp-content\/uploads\/2013\/11\/DSC02119.jpg\" width=\"280\" height=\"420\" srcset=\"https:\/\/preservons-la-nature.fr\/blog\/wp-content\/uploads\/2013\/11\/DSC02119.jpg 400w, https:\/\/preservons-la-nature.fr\/blog\/wp-content\/uploads\/2013\/11\/DSC02119-200x300.jpg 200w\" sizes=\"auto, (max-width: 280px) 100vw, 280px\" \/><\/a><p id=\"caption-attachment-1633\" class=\"wp-caption-text\">Lavandula stoechas L.<\/p><\/div>\n<p><span style=\"text-decoration: underline;\">Usages \/ Autres particularit\u00e9s :<\/span><br \/>\nCette esp\u00e8ce est \u00e9videmment utilis\u00e9e pour les grands parfums. Elle contient une substance ayant des propri\u00e9t\u00e9s contre l&rsquo;asthme.<\/p>\n<p><span style=\"text-decoration: underline;\">Bibliographie :<\/span><br \/>\n<em>&#8211; Les quatre flores de France &#8211; P. Fournier &#8211; Editions Lechevalier 1961<br \/>\n&#8211; Flore de Dordogne &#8211; Bernard B\u00e9d\u00e9 &#8211; Soci\u00e9t\u00e9 botanique du P\u00e9rigord 2011<br \/>\n&#8211; Flore foresti\u00e8re fran\u00e7aise R\u00e9gion m\u00e9diterran\u00e9enne\u00a0&#8211; Collectif &#8211; Institut pour le d\u00e9veloppement forestier 2008<br \/>\n&#8211; Guide de la flore des Alpes-Maritimes &#8211; Lionel Carles, Ludovic Th\u00e9bault &#8211; Gilletta,Nice-Matin 2010<br \/>\n&#8211; La flore du d\u00e9partement de Vaucluse &#8211; Bernard Girerd &#8211; Editions barth\u00e9l\u00e9my 1991 <\/em><\/p>\n","protected":false},"excerpt":{"rendered":"<p>La Lavande des Maures (Lavandula stoechas L.) fait partie de la famille des Lamiac\u00e9es (Lamiaceae). Sa p\u00e9riode de floraison s&rsquo;\u00e9tale de f\u00e9vrier \u00e0 juin. Ses autres noms communs sont la lavande st\u00e9chade, la lavande \u00e0 toupet, la lavande des \u00eeles &hellip; <a href=\"https:\/\/preservons-la-nature.fr\/blog\/?p=1618\">Continuer la lecture <span class=\"meta-nav\">&rarr;<\/span><\/a><\/p>\n","protected":false},"author":1,"featured_media":0,"comment_status":"open","ping_status":"open","sticky":false,"template":"","format":"standard","meta":{"footnotes":""},"categories":[87],"tags":[25],"class_list":["post-1618","post","type-post","status-publish","format-standard","hentry","category-ficheplante","tag-lamiacees"],"_links":{"self":[{"href":"https:\/\/preservons-la-nature.fr\/blog\/index.php?rest_route=\/wp\/v2\/posts\/1618","targetHints":{"allow":["GET"]}}],"collection":[{"href":"https:\/\/preservons-la-nature.fr\/blog\/index.php?rest_route=\/wp\/v2\/posts"}],"about":[{"href":"https:\/\/preservons-la-nature.fr\/blog\/index.php?rest_route=\/wp\/v2\/types\/post"}],"author":[{"embeddable":true,"href":"https:\/\/preservons-la-nature.fr\/blog\/index.php?rest_route=\/wp\/v2\/users\/1"}],"replies":[{"embeddable":true,"href":"https:\/\/preservons-la-nature.fr\/blog\/index.php?rest_route=%2Fwp%2Fv2%2Fcomments&post=1618"}],"version-history":[{"count":18,"href":"https:\/\/preservons-la-nature.fr\/blog\/index.php?rest_route=\/wp\/v2\/posts\/1618\/revisions"}],"predecessor-version":[{"id":1925,"href":"https:\/\/preservons-la-nature.fr\/blog\/index.php?rest_route=\/wp\/v2\/posts\/1618\/revisions\/1925"}],"wp:attachment":[{"href":"https:\/\/preservons-la-nature.fr\/blog\/index.php?rest_route=%2Fwp%2Fv2%2Fmedia&parent=1618"}],"wp:term":[{"taxonomy":"category","embeddable":true,"href":"https:\/\/preservons-la-nature.fr\/blog\/index.php?rest_route=%2Fwp%2Fv2%2Fcategories&post=1618"},{"taxonomy":"post_tag","embeddable":true,"href":"https:\/\/preservons-la-nature.fr\/blog\/index.php?rest_route=%2Fwp%2Fv2%2Ftags&post=1618"}],"curies":[{"name":"wp","href":"https:\/\/api.w.org\/{rel}","templated":true}]}}