{"id":1605,"date":"2013-11-03T11:36:25","date_gmt":"2013-11-03T11:36:25","guid":{"rendered":"https:\/\/www.preservons-la-nature.fr\/blog\/?p=1605"},"modified":"2013-11-10T18:07:12","modified_gmt":"2013-11-10T17:07:12","slug":"atropa-belladonna-l-la-belladone","status":"publish","type":"post","link":"https:\/\/preservons-la-nature.fr\/blog\/?p=1605","title":{"rendered":"Atropa belladonna L. ( Belladone )"},"content":{"rendered":"<p><strong>La Belladone (<em>Atropa belladonna L.<\/em>)<\/strong> fait partie de <strong>la famille des Solanac\u00e9es (<em>Solanaceae<\/em>)<\/strong>. Sa p\u00e9riode de floraison s&rsquo;\u00e9tale de juin \u00e0 ao\u00fbt. Ses autres noms communs sont la Belle-dame, la morelle furieuse, le bouton noir\u00a0ou encore l&rsquo;herbe empoisonn\u00e9e.<\/p>\n<div id=\"attachment_1610\" style=\"width: 570px\" class=\"wp-caption aligncenter\"><a href=\"https:\/\/www.preservons-la-nature.fr\/blog\/wp-content\/uploads\/2013\/10\/DSC04587.jpg\"><img loading=\"lazy\" decoding=\"async\" aria-describedby=\"caption-attachment-1610\" class=\" wp-image-1610\" title=\"Atropa belladonna L.\" alt=\"Atropa belladonna L.\" src=\"https:\/\/www.preservons-la-nature.fr\/blog\/wp-content\/uploads\/2013\/10\/DSC04587.jpg\" width=\"560\" height=\"373\" srcset=\"https:\/\/preservons-la-nature.fr\/blog\/wp-content\/uploads\/2013\/10\/DSC04587.jpg 800w, https:\/\/preservons-la-nature.fr\/blog\/wp-content\/uploads\/2013\/10\/DSC04587-300x199.jpg 300w\" sizes=\"auto, (max-width: 560px) 100vw, 560px\" \/><\/a><p id=\"caption-attachment-1610\" class=\"wp-caption-text\">Atropa belladonna L.<\/p><\/div>\n<p><span style=\"text-decoration: underline;\">Ecologie :<\/span><br \/>\nOn la retrouve en for\u00eat clairsem\u00e9e, en lisi\u00e8re des bois sur des sols de pr\u00e9f\u00e9rence calcaire (<strong><span style=\"text-decoration: underline;\">Phytosociologie :<\/span> <em>Atropion belladonnae <\/em>23.0.1.0.1 V\u00e9g\u00e9tation pionni\u00e8re des chablis et coupes foresti\u00e8res sur sols enrichis en azote, souvent sur substrat calcaire<\/strong>).<\/p>\n<p><span style=\"text-decoration: underline;\">R\u00e9partition fran\u00e7aise :<\/span><br \/>\nElle est tr\u00e8s rare en Auvergne. On note quelques stations dans les Causses et les C\u00e9vennes. En Ile de France, on la trouve dans l&rsquo;ouest dans le Vexin, \u00e7a et l\u00e0 dans des friches autour de Paris, puis pr\u00e8s de Fontainebleau et dans le secteur de Provins. En Bourgogne, les stations se situent essentiellement dans l&rsquo;est de l&rsquo;Yonne et le nord de la C\u00f4te-d&rsquo;Or. Elle reste relativement rare sur le territoire fran\u00e7ais, partout en r\u00e9gression.<\/p>\n<p><span style=\"text-decoration: underline;\">Protection :<\/span><br \/>\nElle est prot\u00e9g\u00e9e en Ile de France, Pays de la Loire, Centre, Basse-Normandie.<\/p>\n<div id=\"attachment_1611\" style=\"width: 570px\" class=\"wp-caption aligncenter\"><a href=\"https:\/\/www.preservons-la-nature.fr\/blog\/wp-content\/uploads\/2013\/10\/DSC04590.jpg\"><img loading=\"lazy\" decoding=\"async\" aria-describedby=\"caption-attachment-1611\" class=\" wp-image-1611\" title=\"Atropa belladonna L.\" alt=\"Atropa belladonna L.\" src=\"https:\/\/www.preservons-la-nature.fr\/blog\/wp-content\/uploads\/2013\/10\/DSC04590.jpg\" width=\"560\" height=\"373\" srcset=\"https:\/\/preservons-la-nature.fr\/blog\/wp-content\/uploads\/2013\/10\/DSC04590.jpg 800w, https:\/\/preservons-la-nature.fr\/blog\/wp-content\/uploads\/2013\/10\/DSC04590-300x199.jpg 300w\" sizes=\"auto, (max-width: 560px) 100vw, 560px\" \/><\/a><p id=\"caption-attachment-1611\" class=\"wp-caption-text\">Atropa belladonna L.<\/p><\/div>\n<p><span style=\"text-decoration: underline;\">Description :<\/span><br \/>\nLa hauteur de cette plante vivace varie de 80 cm \u00e0 150 cm. La plante est pubescente. La tige est ramifi\u00e9e. Les feuilles sont ovales lanc\u00e9ol\u00e9es. Une odeur f\u00e9tide se d\u00e9gage au froissement. Les fleurs mesurant de 2 \u00e0 3 centim\u00e8tres sont en forme de cloche. Le rebord est retourn\u00e9e. La couleur est d&rsquo;un violet brun\u00e2tre. Le fruit est une baie noire luisante bien charnue, entour\u00e9 par un calice velu dispos\u00e9 en \u00e9toile.<\/p>\n<div id=\"attachment_1609\" style=\"width: 570px\" class=\"wp-caption aligncenter\"><a href=\"https:\/\/www.preservons-la-nature.fr\/blog\/wp-content\/uploads\/2013\/10\/DSC9728.jpg\"><img loading=\"lazy\" decoding=\"async\" aria-describedby=\"caption-attachment-1609\" class=\" wp-image-1609 \" title=\"Atropa belladonna L.\" alt=\"Atropa belladonna L.\" src=\"https:\/\/www.preservons-la-nature.fr\/blog\/wp-content\/uploads\/2013\/10\/DSC9728.jpg\" width=\"560\" height=\"373\" srcset=\"https:\/\/preservons-la-nature.fr\/blog\/wp-content\/uploads\/2013\/10\/DSC9728.jpg 800w, https:\/\/preservons-la-nature.fr\/blog\/wp-content\/uploads\/2013\/10\/DSC9728-300x199.jpg 300w\" sizes=\"auto, (max-width: 560px) 100vw, 560px\" \/><\/a><p id=\"caption-attachment-1609\" class=\"wp-caption-text\">Atropa belladonna L.<\/p><\/div>\n<p><span style=\"text-decoration: underline;\">Usages \/ Autres particularit\u00e9s :<\/span><br \/>\nC&rsquo;est une plante extr\u00eamement toxique comme beaucoup de Solanac\u00e9es pouvant \u00eatre mortelle. Elle doit \u00e0 son nom \u00e0 son usage que faisait les femmes au Moyen-\u00c2ge : \u00e0 faible dose, elle permettait de faire briller les yeux. Elle contient de l&rsquo;atropine qui est utilis\u00e9e lors des examens ophtalmologiques pour dilater la pupille.<\/p>\n<div id=\"attachment_1608\" style=\"width: 330px\" class=\"wp-caption aligncenter\"><a href=\"https:\/\/www.preservons-la-nature.fr\/blog\/wp-content\/uploads\/2013\/10\/DSC9727.jpg\"><img loading=\"lazy\" decoding=\"async\" aria-describedby=\"caption-attachment-1608\" class=\" wp-image-1608  \" title=\"Atropa belladonna L.\" alt=\"Atropa belladonna L.\" src=\"https:\/\/www.preservons-la-nature.fr\/blog\/wp-content\/uploads\/2013\/10\/DSC9727.jpg\" width=\"320\" height=\"480\" srcset=\"https:\/\/preservons-la-nature.fr\/blog\/wp-content\/uploads\/2013\/10\/DSC9727.jpg 400w, https:\/\/preservons-la-nature.fr\/blog\/wp-content\/uploads\/2013\/10\/DSC9727-200x300.jpg 200w\" sizes=\"auto, (max-width: 320px) 100vw, 320px\" \/><\/a><p id=\"caption-attachment-1608\" class=\"wp-caption-text\">Atropa belladonna L.<\/p><\/div>\n<p><span style=\"text-decoration: underline;\">Taxonomie :<\/span><em><br \/>\nAtropa belladonna L.<\/em> a pour synonymes (Informations issues de la BDTFX Version 1.1, <a href=\"http:\/\/www.tela-botanica.org\/\" target=\"_blank\">Tela Botanica<\/a>) :<em><br \/>\n&#8211; Atropa acuminata Royle<br \/>\n&#8211; Atropa caucasica Kreyer<br \/>\n&#8211; Belladonna baccifera Lam.<br \/>\n&#8211; Belladonna trichotoma Scop.<br \/>\n&#8211; Belladonna trichotoma Moench<\/em><\/p>\n<p><span style=\"text-decoration: underline;\">Bibliographie :<\/span><br \/>\n<em>&#8211; Les quatre flores de France &#8211; P. Fournier &#8211; Editions Lechevalier 1961<br \/>\n&#8211; Flore d&rsquo;Ile de France &#8211; P. Jauzein, O. Nawrot &#8211; Editions Quae 2011<br \/>\n&#8211; Atlas de la flore d&rsquo;Auvergne &#8211; Collectif &#8211; Editions Biotope 2006<br \/>\n&#8211; Atlas de la flore de Bourgogne &#8211; Collectif &#8211; Editions Biotope 2008<br \/>\n&#8211; Atlas de la flore du Loiret &#8211; D. Pujol, J. Cordier, J. Moret &#8211; Editions Biotope 2008 <\/em><\/p>\n","protected":false},"excerpt":{"rendered":"<p>La Belladone (Atropa belladonna L.) fait partie de la famille des Solanac\u00e9es (Solanaceae). Sa p\u00e9riode de floraison s&rsquo;\u00e9tale de juin \u00e0 ao\u00fbt. Ses autres noms communs sont la Belle-dame, la morelle furieuse, le bouton noir\u00a0ou encore l&rsquo;herbe empoisonn\u00e9e. Ecologie : &hellip; <a href=\"https:\/\/preservons-la-nature.fr\/blog\/?p=1605\">Continuer la lecture <span class=\"meta-nav\">&rarr;<\/span><\/a><\/p>\n","protected":false},"author":1,"featured_media":0,"comment_status":"open","ping_status":"open","sticky":false,"template":"","format":"standard","meta":{"footnotes":""},"categories":[87],"tags":[94],"class_list":["post-1605","post","type-post","status-publish","format-standard","hentry","category-ficheplante","tag-solanacees"],"_links":{"self":[{"href":"https:\/\/preservons-la-nature.fr\/blog\/index.php?rest_route=\/wp\/v2\/posts\/1605","targetHints":{"allow":["GET"]}}],"collection":[{"href":"https:\/\/preservons-la-nature.fr\/blog\/index.php?rest_route=\/wp\/v2\/posts"}],"about":[{"href":"https:\/\/preservons-la-nature.fr\/blog\/index.php?rest_route=\/wp\/v2\/types\/post"}],"author":[{"embeddable":true,"href":"https:\/\/preservons-la-nature.fr\/blog\/index.php?rest_route=\/wp\/v2\/users\/1"}],"replies":[{"embeddable":true,"href":"https:\/\/preservons-la-nature.fr\/blog\/index.php?rest_route=%2Fwp%2Fv2%2Fcomments&post=1605"}],"version-history":[{"count":11,"href":"https:\/\/preservons-la-nature.fr\/blog\/index.php?rest_route=\/wp\/v2\/posts\/1605\/revisions"}],"predecessor-version":[{"id":1926,"href":"https:\/\/preservons-la-nature.fr\/blog\/index.php?rest_route=\/wp\/v2\/posts\/1605\/revisions\/1926"}],"wp:attachment":[{"href":"https:\/\/preservons-la-nature.fr\/blog\/index.php?rest_route=%2Fwp%2Fv2%2Fmedia&parent=1605"}],"wp:term":[{"taxonomy":"category","embeddable":true,"href":"https:\/\/preservons-la-nature.fr\/blog\/index.php?rest_route=%2Fwp%2Fv2%2Fcategories&post=1605"},{"taxonomy":"post_tag","embeddable":true,"href":"https:\/\/preservons-la-nature.fr\/blog\/index.php?rest_route=%2Fwp%2Fv2%2Ftags&post=1605"}],"curies":[{"name":"wp","href":"https:\/\/api.w.org\/{rel}","templated":true}]}}