{"id":1589,"date":"2013-11-02T10:54:06","date_gmt":"2013-11-02T10:54:06","guid":{"rendered":"https:\/\/www.preservons-la-nature.fr\/blog\/?p=1589"},"modified":"2013-11-10T18:07:31","modified_gmt":"2013-11-10T17:07:31","slug":"hyoscyamus-niger-l-la-jusquiame-noire","status":"publish","type":"post","link":"https:\/\/preservons-la-nature.fr\/blog\/?p=1589","title":{"rendered":"Hyoscyamus niger L. ( Jusquiame noire )"},"content":{"rendered":"<p><strong>La Jusquiame noire (<em>Hyoscyamus niger L.<\/em>)<\/strong> fait partie de <strong>la famille des Solanac\u00e9es (<em>Solanaceae<\/em>)<\/strong>. Sa p\u00e9riode de floraison s&rsquo;\u00e9tale de mai \u00e0 mi-septembre. Son autre nom commun est l&rsquo;herbe aux engelures.<\/p>\n<div id=\"attachment_1596\" style=\"width: 570px\" class=\"wp-caption aligncenter\"><a href=\"https:\/\/www.preservons-la-nature.fr\/blog\/wp-content\/uploads\/2013\/10\/DSC05116.jpg\"><img loading=\"lazy\" decoding=\"async\" aria-describedby=\"caption-attachment-1596\" class=\" wp-image-1596 \" title=\"Hyoscyamus niger L.\" alt=\"Hyoscyamus niger L.\" src=\"https:\/\/www.preservons-la-nature.fr\/blog\/wp-content\/uploads\/2013\/10\/DSC05116.jpg\" width=\"560\" height=\"373\" srcset=\"https:\/\/preservons-la-nature.fr\/blog\/wp-content\/uploads\/2013\/10\/DSC05116.jpg 800w, https:\/\/preservons-la-nature.fr\/blog\/wp-content\/uploads\/2013\/10\/DSC05116-300x199.jpg 300w\" sizes=\"auto, (max-width: 560px) 100vw, 560px\" \/><\/a><p id=\"caption-attachment-1596\" class=\"wp-caption-text\">Hyoscyamus niger L.<\/p><\/div>\n<p><span style=\"text-decoration: underline;\">Ecologie :<\/span><br \/>\nOn la trouve dans des zones rud\u00e9rales sur des terrains relativement nus et riches en azote (D\u00e9combres (<strong><span style=\"text-decoration: underline;\">Phytosociologie:<\/span> <em>Onopordion acanthii <\/em>7.0.2.0.1 v\u00e9g\u00e9tations rud\u00e9rales, anthropog\u00e8nes, thermophiles \u00e0 dominance de vivaces et bisannuelle comportant de nombreux chardons<\/strong>), cimeti\u00e8res). Elle \u00e9tait plus abondante autrefois sur les chemins ou les friches des cultures. Aujourd&rsquo;hui, elle s&rsquo;est consid\u00e9rablement rar\u00e9fi\u00e9e et ne subsiste quasiment qu&rsquo;en contexte rud\u00e9ral.<\/p>\n<p><span style=\"text-decoration: underline;\">R\u00e9partition fran\u00e7aise :<\/span><br \/>\nEn Ile de France, bien que pr\u00e9sente dans l&rsquo;agglom\u00e9ration nord de Paris, on ne la retrouve plus que dans le G\u00e2tinais o\u00f9 elle est en liaison avec quelques stations du Loiret. \u00a0De rares stations\u00a0tr\u00e8s fugaces sont \u00e0 noter dans le sud-est de l&rsquo;Eure-et-Loir.\u00a0 Elle est tr\u00e8s rare dans le Jura. En Auvergne, des populations durables sont pr\u00e9sentes dans le bassin du Puy-en-Velay, ailleurs elle est bien plus sporadique. En Bourgogne, il y a quelques stations dans l&rsquo;Yonne. Elle est pr\u00e9sente dans le reste de la France mais reste tr\u00e8s rare.<\/p>\n<p><span style=\"text-decoration: underline;\">Protection :<\/span><br \/>\nElle b\u00e9n\u00e9ficie d&rsquo;une protection dans les r\u00e9gions suivantes : Ile de France, Pays de la Loire, Champagne-Ardennes, Centre.<\/p>\n<div id=\"attachment_1598\" style=\"width: 330px\" class=\"wp-caption aligncenter\"><a href=\"https:\/\/www.preservons-la-nature.fr\/blog\/wp-content\/uploads\/2013\/10\/DSC05118.jpg\"><img loading=\"lazy\" decoding=\"async\" aria-describedby=\"caption-attachment-1598\" class=\" wp-image-1598\" title=\"Hyoscyamus niger L.\" alt=\"Hyoscyamus niger L.\" src=\"https:\/\/www.preservons-la-nature.fr\/blog\/wp-content\/uploads\/2013\/10\/DSC05118.jpg\" width=\"320\" height=\"480\" srcset=\"https:\/\/preservons-la-nature.fr\/blog\/wp-content\/uploads\/2013\/10\/DSC05118.jpg 400w, https:\/\/preservons-la-nature.fr\/blog\/wp-content\/uploads\/2013\/10\/DSC05118-200x300.jpg 200w\" sizes=\"auto, (max-width: 320px) 100vw, 320px\" \/><\/a><p id=\"caption-attachment-1598\" class=\"wp-caption-text\">Hyoscyamus niger L.<\/p><\/div>\n<p><span style=\"text-decoration: underline;\">Description :<\/span><br \/>\nLa hauteur de cette plante annuelle ou bisannuelle varie de 20 cm \u00e0 90 cm. La plante est visqueuse et velue plus particuli\u00e8rement vers le sommet. Une odeur f\u00e9tide s&rsquo;en d\u00e9gage. Les feuilles sont ovales \u00e0 oblongues. Elles sont profond\u00e9ment dent\u00e9es ou lob\u00e9es. Les feuilles sup\u00e9rieures embrassent la tige. Alors que les feuilles de la base\u00a0sont p\u00e9tiol\u00e9es.\u00a0La fleur est de couleur jaune tr\u00e8s p\u00e2le ray\u00e9e de nervure pourpre en jonction avec une gorge compl\u00e8tement noire violac\u00e9e. L&rsquo;inflorescence se pr\u00e9sente en \u00e9pi ramifi\u00e9 et feuill\u00e9. Le fruit est une capsule.<\/p>\n<p><span style=\"text-decoration: underline;\">Usages \/ Autres particularit\u00e9s :<\/span><br \/>\nC&rsquo;est une plante extr\u00eamement toxique comme beaucoup de Solanac\u00e9es pouvant \u00eatre mortelle. Elle poss\u00e8de des vertus antiasthmatiques, antispasmodiques, antin\u00e9vralgiques.<\/p>\n<div id=\"attachment_1597\" style=\"width: 570px\" class=\"wp-caption aligncenter\"><a href=\"https:\/\/www.preservons-la-nature.fr\/blog\/wp-content\/uploads\/2013\/10\/DSC05117.jpg\"><img loading=\"lazy\" decoding=\"async\" aria-describedby=\"caption-attachment-1597\" class=\" wp-image-1597\" title=\"Hyoscyamus niger L.\" alt=\"Hyoscyamus niger L.\" src=\"https:\/\/www.preservons-la-nature.fr\/blog\/wp-content\/uploads\/2013\/10\/DSC05117.jpg\" width=\"560\" height=\"373\" srcset=\"https:\/\/preservons-la-nature.fr\/blog\/wp-content\/uploads\/2013\/10\/DSC05117.jpg 800w, https:\/\/preservons-la-nature.fr\/blog\/wp-content\/uploads\/2013\/10\/DSC05117-300x199.jpg 300w\" sizes=\"auto, (max-width: 560px) 100vw, 560px\" \/><\/a><p id=\"caption-attachment-1597\" class=\"wp-caption-text\">Hyoscyamus niger L.<\/p><\/div>\n<p><span style=\"text-decoration: underline;\">Taxonomie :<\/span><em><br \/>\nHyoscyamus niger L.<\/em> a pour synonymes (Informations issues de la BDTFX Version 1.1, <a href=\"http:\/\/www.tela-botanica.org\/\" target=\"_blank\">Tela Botanica<\/a>) :<em><br \/>\n&#8211; Hyoscyamus officinarum Crantz<\/em><\/p>\n<p><span style=\"text-decoration: underline;\">Bibliographie :<\/span><br \/>\n<em>&#8211;\u00a0Les quatre flores de France\u00a0&#8211;\u00a0P. Fournier\u00a0&#8211;\u00a0Editions Lechevalier 1961<br \/>\n&#8211; Flore d&rsquo;Ile de France &#8211; P. Jauzein, O. Nawrot &#8211; Editions Quae 2011<br \/>\n&#8211; Atlas de la flore d&rsquo;Auvergne &#8211; Collectif &#8211; Editions Biotope 2006<br \/>\n&#8211; Atlas de la flore de Bourgogne &#8211; Collectif &#8211; Editions Biotope 2008<br \/>\n&#8211; Atlas de la flore du Loiret &#8211; D. Pujol, J. Cordier, J. Moret &#8211; Editions Biotope 2008\u00a0<\/em><\/p>\n","protected":false},"excerpt":{"rendered":"<p>La Jusquiame noire (Hyoscyamus niger L.) fait partie de la famille des Solanac\u00e9es (Solanaceae). Sa p\u00e9riode de floraison s&rsquo;\u00e9tale de mai \u00e0 mi-septembre. Son autre nom commun est l&rsquo;herbe aux engelures. Ecologie : On la trouve dans des zones rud\u00e9rales &hellip; <a href=\"https:\/\/preservons-la-nature.fr\/blog\/?p=1589\">Continuer la lecture <span class=\"meta-nav\">&rarr;<\/span><\/a><\/p>\n","protected":false},"author":1,"featured_media":0,"comment_status":"open","ping_status":"open","sticky":false,"template":"","format":"standard","meta":{"footnotes":""},"categories":[87],"tags":[94],"class_list":["post-1589","post","type-post","status-publish","format-standard","hentry","category-ficheplante","tag-solanacees"],"_links":{"self":[{"href":"https:\/\/preservons-la-nature.fr\/blog\/index.php?rest_route=\/wp\/v2\/posts\/1589","targetHints":{"allow":["GET"]}}],"collection":[{"href":"https:\/\/preservons-la-nature.fr\/blog\/index.php?rest_route=\/wp\/v2\/posts"}],"about":[{"href":"https:\/\/preservons-la-nature.fr\/blog\/index.php?rest_route=\/wp\/v2\/types\/post"}],"author":[{"embeddable":true,"href":"https:\/\/preservons-la-nature.fr\/blog\/index.php?rest_route=\/wp\/v2\/users\/1"}],"replies":[{"embeddable":true,"href":"https:\/\/preservons-la-nature.fr\/blog\/index.php?rest_route=%2Fwp%2Fv2%2Fcomments&post=1589"}],"version-history":[{"count":14,"href":"https:\/\/preservons-la-nature.fr\/blog\/index.php?rest_route=\/wp\/v2\/posts\/1589\/revisions"}],"predecessor-version":[{"id":1927,"href":"https:\/\/preservons-la-nature.fr\/blog\/index.php?rest_route=\/wp\/v2\/posts\/1589\/revisions\/1927"}],"wp:attachment":[{"href":"https:\/\/preservons-la-nature.fr\/blog\/index.php?rest_route=%2Fwp%2Fv2%2Fmedia&parent=1589"}],"wp:term":[{"taxonomy":"category","embeddable":true,"href":"https:\/\/preservons-la-nature.fr\/blog\/index.php?rest_route=%2Fwp%2Fv2%2Fcategories&post=1589"},{"taxonomy":"post_tag","embeddable":true,"href":"https:\/\/preservons-la-nature.fr\/blog\/index.php?rest_route=%2Fwp%2Fv2%2Ftags&post=1589"}],"curies":[{"name":"wp","href":"https:\/\/api.w.org\/{rel}","templated":true}]}}