{"id":1555,"date":"2013-10-30T22:56:16","date_gmt":"2013-10-30T22:56:16","guid":{"rendered":"https:\/\/www.preservons-la-nature.fr\/blog\/?p=1555"},"modified":"2013-11-10T18:08:22","modified_gmt":"2013-11-10T17:08:22","slug":"adonis-annua-l-ladonis-annuel","status":"publish","type":"post","link":"https:\/\/preservons-la-nature.fr\/blog\/?p=1555","title":{"rendered":"Adonis annua L. ( Adonis annuel )"},"content":{"rendered":"<p><strong>L&rsquo;adonis annuel (<em>Adonis annua L.<\/em>)<\/strong> fait partie de <strong>la famille des Renonculac\u00e9es (<em>Ranunculaceae<\/em>)<\/strong>. Sa p\u00e9riode de floraison s&rsquo;\u00e9tale de mai \u00e0 septembre. Ses autres noms sont l&rsquo;Adonis d&rsquo;automne, la goutte de sang, ou encore l&rsquo;oeil de perdrix.<\/p>\n<div id=\"attachment_1561\" style=\"width: 330px\" class=\"wp-caption aligncenter\"><a href=\"https:\/\/www.preservons-la-nature.fr\/blog\/wp-content\/uploads\/2013\/10\/DSC03692.jpg\"><img loading=\"lazy\" decoding=\"async\" aria-describedby=\"caption-attachment-1561\" class=\" wp-image-1561 \" title=\"Adonis annua L.\" alt=\"Adonis annua L.\" src=\"https:\/\/www.preservons-la-nature.fr\/blog\/wp-content\/uploads\/2013\/10\/DSC03692.jpg\" width=\"320\" height=\"480\" srcset=\"https:\/\/preservons-la-nature.fr\/blog\/wp-content\/uploads\/2013\/10\/DSC03692.jpg 400w, https:\/\/preservons-la-nature.fr\/blog\/wp-content\/uploads\/2013\/10\/DSC03692-200x300.jpg 200w\" sizes=\"auto, (max-width: 320px) 100vw, 320px\" \/><\/a><p id=\"caption-attachment-1561\" class=\"wp-caption-text\">Adonis annua L.<\/p><\/div>\n<p><span style=\"text-decoration: underline;\">Ecologie :<\/span><br \/>\nIl s&rsquo;agit d&rsquo;une plante messicole \u00e0 pr\u00e9f\u00e9rence de terrains calcicoles et bien expos\u00e9s. Si elle \u00e9tait pr\u00e9sente un peu partout en France au d\u00e9but du 20\u00e8me si\u00e8cle, elle s&rsquo;est fortement rar\u00e9fi\u00e9e dans le Nord du fait de la pulv\u00e9risation syst\u00e9matique de pesticides ainsi que du tri des semences. Elle affectionne pr\u00e9f\u00e9rentiellement les moissons et les friches calcicoles (<strong><em>Caucalidion lappulae <\/em>68.0.2.0.1 Communaut\u00e9s annuelles des cultures et moissons sur sol neutro-alcalin<\/strong>).<\/p>\n<div id=\"attachment_1562\" style=\"width: 490px\" class=\"wp-caption aligncenter\"><a href=\"https:\/\/www.preservons-la-nature.fr\/blog\/wp-content\/uploads\/2013\/10\/DSC03693.jpg\"><img loading=\"lazy\" decoding=\"async\" aria-describedby=\"caption-attachment-1562\" class=\" wp-image-1562\" title=\"Adonis annua L.\" alt=\"Adonis annua L.\" src=\"https:\/\/www.preservons-la-nature.fr\/blog\/wp-content\/uploads\/2013\/10\/DSC03693.jpg\" width=\"480\" height=\"320\" srcset=\"https:\/\/preservons-la-nature.fr\/blog\/wp-content\/uploads\/2013\/10\/DSC03693.jpg 800w, https:\/\/preservons-la-nature.fr\/blog\/wp-content\/uploads\/2013\/10\/DSC03693-300x199.jpg 300w\" sizes=\"auto, (max-width: 480px) 100vw, 480px\" \/><\/a><p id=\"caption-attachment-1562\" class=\"wp-caption-text\">Adonis annua L.<\/p><\/div>\n<p><span style=\"text-decoration: underline;\">R\u00e9partition fran\u00e7aise :<\/span><br \/>\nElle reste aujourd&rsquo;hui bien repr\u00e9sent\u00e9e dans le Sud-Est et le Sud-Ouest. Elle est absente de la Bretagne et de l&rsquo;Est de la France. Elle n&rsquo;est plus pr\u00e9sente dans la Sarthe et en Mayenne. En \u00eele de France, on la retrouve dans le Gatinais et pr\u00e8s de Provins. Dans la r\u00e9gion Centre, elle est pr\u00e9sente dans le nord du Loiret, dans le Berry, en Beauce dans l&rsquo;Eure-et-Loir. Elle est not\u00e9e comme extr\u00eamement rare en Basse-Normandie. Elle est pr\u00e9sente dans le sud de la Vend\u00e9e calcaire. Dans le Limousin, elle n&rsquo;a \u00e9t\u00e9 vue que dans la Creuse dans les ann\u00e9es 70. Elle a compl\u00e8tement disparue du Jura (Voir Prost). Dans la Dr\u00f4me, on le la trouve plus qu&rsquo;en Tricastin et dans les Baronnies. En Bourgogne, l&rsquo;esp\u00e8ce s&rsquo;est consid\u00e9rablement rar\u00e9fi\u00e9e : des stations subsiste dans le nord de l&rsquo;Yonne, le Nord-Ouest de la Ni\u00e8vre et en C\u00f4te d&rsquo;Or. Elle est bien repr\u00e9sent\u00e9e dans la Limagne en Auvergne. De belles populations existent en Provence et dans les Causses. On retrouve quelques stations dans le sud-ouest des Alpes maritimes.<\/p>\n<p><span style=\"text-decoration: underline;\">Protection :<\/span><br \/>\nElle fait partie du livre rouge de la flore vasculaire pour les r\u00e9gions suivantes : \u00eele de France, Centre, Pays de la Loire, Champagne-Ardennes.<\/p>\n<div id=\"attachment_1563\" style=\"width: 490px\" class=\"wp-caption aligncenter\"><a href=\"https:\/\/www.preservons-la-nature.fr\/blog\/wp-content\/uploads\/2013\/10\/DSC04322.jpg\"><img loading=\"lazy\" decoding=\"async\" aria-describedby=\"caption-attachment-1563\" class=\" wp-image-1563\" title=\"Adonis annua L.\" alt=\"Adonis annua L.\" src=\"https:\/\/www.preservons-la-nature.fr\/blog\/wp-content\/uploads\/2013\/10\/DSC04322.jpg\" width=\"480\" height=\"320\" srcset=\"https:\/\/preservons-la-nature.fr\/blog\/wp-content\/uploads\/2013\/10\/DSC04322.jpg 800w, https:\/\/preservons-la-nature.fr\/blog\/wp-content\/uploads\/2013\/10\/DSC04322-300x199.jpg 300w\" sizes=\"auto, (max-width: 480px) 100vw, 480px\" \/><\/a><p id=\"caption-attachment-1563\" class=\"wp-caption-text\">Adonis annua L.<\/p><\/div>\n<p><span style=\"text-decoration: underline;\">Description :<\/span><br \/>\nCette plante annuelle mesure de 15 \u00e0 50 cm de hauteur. L&rsquo;aspect est plut\u00f4t glabre. La tige est dress\u00e9e. Elle peut \u00eatre rameuse. Les feuilles sont finement d\u00e9coup\u00e9es (multifides). Elles alternent sur la tige. La fleur est solitaire. La corolle est de couleur rouge sang fonc\u00e9. Les p\u00e9tales plut\u00f4t larges sont longs d&rsquo;environ 1 cm. Ils sont au nombre de 6 \u00e0 8. Les s\u00e9pales sont de couleur pourpre. Ils sont \u00e9tal\u00e9s. Comme tous les renonculac\u00e9es, il y a de nombreuses \u00e9tamines. L&rsquo;ak\u00e8ne a une surface irr\u00e9guli\u00e8re dont un des bords poss\u00e8de un bec presque droit (Il est possible de distinguer l&rsquo;esp\u00e8ce avec Adonis aestivalis dont le bec de l&rsquo;ak\u00e8ne poss\u00e8de un aspect arrondi sur le tiers sup\u00e9rieur).<\/p>\n<p><span style=\"text-decoration: underline;\">Usages \/ Autres particularit\u00e9s :<\/span><br \/>\nLa plante est toxique car elle contient de l&rsquo;adonidine, une substance pouvant provoquer des troubles cardiaques et r\u00e9naux. Elle trouve \u00e9videmment un usage en m\u00e9decine pour tonifier le c\u0153ur.<br \/>\nAdonis \u00e9tait un Dieu d&rsquo;origine ph\u00e9nicienne n\u00e9 de Myrrha transform\u00e9e en arbre \u00e0 myrrhe apr\u00e8s un inceste. La beaut\u00e9 d&rsquo;Adonis est l\u00e9gendaire. Il f\u00fbt mortellement bless\u00e9 par un sanglier. Depuis, on dit qu&rsquo;\u00e0 Aphaca (Afqa aujourd&rsquo;hui au Liban), les eaux se teintent de rouge une fois par an en souvenir d&rsquo;Adonis.<\/p>\n<div id=\"attachment_1564\" style=\"width: 330px\" class=\"wp-caption aligncenter\"><a href=\"https:\/\/www.preservons-la-nature.fr\/blog\/wp-content\/uploads\/2013\/10\/DSC04323.jpg\"><img loading=\"lazy\" decoding=\"async\" aria-describedby=\"caption-attachment-1564\" class=\" wp-image-1564\" title=\"Adonis annua L.\" alt=\"Adonis annua L.\" src=\"https:\/\/www.preservons-la-nature.fr\/blog\/wp-content\/uploads\/2013\/10\/DSC04323.jpg\" width=\"320\" height=\"480\" srcset=\"https:\/\/preservons-la-nature.fr\/blog\/wp-content\/uploads\/2013\/10\/DSC04323.jpg 400w, https:\/\/preservons-la-nature.fr\/blog\/wp-content\/uploads\/2013\/10\/DSC04323-200x300.jpg 200w\" sizes=\"auto, (max-width: 320px) 100vw, 320px\" \/><\/a><p id=\"caption-attachment-1564\" class=\"wp-caption-text\">Adonis annua L.<\/p><\/div>\n<p><span style=\"text-decoration: underline;\">Bibliographie :<\/span><br \/>\n<em>&#8211; Nouvelle flore de la Belgique, du G.D. de Luxembourg, du Nord de la France et des r\u00e9gions voisines &#8211; Collectif &#8211; 5\u00e8me \u00e9dition Edition du Jardin botanique national de Belgique 2008<br \/>\n&#8211; Flore vasculaire de Basse-Normandie &#8211; Michel Provost &#8211; Presses universitaires de Caen 1998<br \/>\n&#8211; Flore d&rsquo;Ile de France &#8211; P. Jauzein, O. Nawrot &#8211; Editions Quae 2011<br \/>\n&#8211; Plantes et v\u00e9g\u00e9tations en Limousin &#8211; Collectif &#8211; Espaces naturels du Limousin 2001<br \/>\n&#8211; Catalogue des plantes vasculaires de la cha\u00eene jurasienne &#8211; Jean-Fran\u00e7ois Prost &#8211; Soci\u00e9t\u00e9 Linn\u00e9enne de Lyon 2000<br \/>\n&#8211; Flore de la Dr\u00f4me &#8211; Luc Garraud &#8211; Conservatoire botanique national alpin de Gap-Charance 2003<br \/>\n&#8211; Atlas de la flore d&rsquo;Auvergne &#8211; Collectif &#8211; Editions Biotope 2006<br \/>\n&#8211; Atlas de la flore de Bourgogne &#8211; Collectif &#8211; Editions Biotope 2008<br \/>\n&#8211; Atlas de la flore du Loiret &#8211; D. Pujol, J. Cordier, J. Moret &#8211; Editions Biotope 2008<br \/>\n&#8211; Atlas de la flore d&rsquo;Eure-et-Loir &#8211; Collectif &#8211; Editions Biotope 2009<br \/>\n<\/em><\/p>\n","protected":false},"excerpt":{"rendered":"<p>L&rsquo;adonis annuel (Adonis annua L.) fait partie de la famille des Renonculac\u00e9es (Ranunculaceae). Sa p\u00e9riode de floraison s&rsquo;\u00e9tale de mai \u00e0 septembre. Ses autres noms sont l&rsquo;Adonis d&rsquo;automne, la goutte de sang, ou encore l&rsquo;oeil de perdrix. Ecologie : Il &hellip; <a href=\"https:\/\/preservons-la-nature.fr\/blog\/?p=1555\">Continuer la lecture <span class=\"meta-nav\">&rarr;<\/span><\/a><\/p>\n","protected":false},"author":1,"featured_media":0,"comment_status":"open","ping_status":"open","sticky":false,"template":"","format":"standard","meta":{"footnotes":""},"categories":[87],"tags":[45],"class_list":["post-1555","post","type-post","status-publish","format-standard","hentry","category-ficheplante","tag-renonculacees"],"_links":{"self":[{"href":"https:\/\/preservons-la-nature.fr\/blog\/index.php?rest_route=\/wp\/v2\/posts\/1555","targetHints":{"allow":["GET"]}}],"collection":[{"href":"https:\/\/preservons-la-nature.fr\/blog\/index.php?rest_route=\/wp\/v2\/posts"}],"about":[{"href":"https:\/\/preservons-la-nature.fr\/blog\/index.php?rest_route=\/wp\/v2\/types\/post"}],"author":[{"embeddable":true,"href":"https:\/\/preservons-la-nature.fr\/blog\/index.php?rest_route=\/wp\/v2\/users\/1"}],"replies":[{"embeddable":true,"href":"https:\/\/preservons-la-nature.fr\/blog\/index.php?rest_route=%2Fwp%2Fv2%2Fcomments&post=1555"}],"version-history":[{"count":13,"href":"https:\/\/preservons-la-nature.fr\/blog\/index.php?rest_route=\/wp\/v2\/posts\/1555\/revisions"}],"predecessor-version":[{"id":1929,"href":"https:\/\/preservons-la-nature.fr\/blog\/index.php?rest_route=\/wp\/v2\/posts\/1555\/revisions\/1929"}],"wp:attachment":[{"href":"https:\/\/preservons-la-nature.fr\/blog\/index.php?rest_route=%2Fwp%2Fv2%2Fmedia&parent=1555"}],"wp:term":[{"taxonomy":"category","embeddable":true,"href":"https:\/\/preservons-la-nature.fr\/blog\/index.php?rest_route=%2Fwp%2Fv2%2Fcategories&post=1555"},{"taxonomy":"post_tag","embeddable":true,"href":"https:\/\/preservons-la-nature.fr\/blog\/index.php?rest_route=%2Fwp%2Fv2%2Ftags&post=1555"}],"curies":[{"name":"wp","href":"https:\/\/api.w.org\/{rel}","templated":true}]}}