{"id":1545,"date":"2013-10-29T10:55:38","date_gmt":"2013-10-29T10:55:38","guid":{"rendered":"https:\/\/www.preservons-la-nature.fr\/blog\/?p=1545"},"modified":"2013-11-10T18:08:43","modified_gmt":"2013-11-10T17:08:43","slug":"aster-pyrenaeus-desf-ex-dc-laster-des-pyrenees","status":"publish","type":"post","link":"https:\/\/preservons-la-nature.fr\/blog\/?p=1545","title":{"rendered":"Aster pyrenaeus Desf. ex DC. ( Aster des Pyr\u00e9n\u00e9es )"},"content":{"rendered":"<p><strong>L&rsquo;aster des Pyr\u00e9n\u00e9es (<em>Aster pyrenaeus Desf. ex DC.<\/em>)<\/strong> fait partie de <strong>la famille des Ast\u00e9rac\u00e9es (<em>Asteraceae<\/em>)<\/strong>. Sa p\u00e9riode de floraison s&rsquo;\u00e9tale d&rsquo;ao\u00fbt \u00e0 octobre.<\/p>\n<div id=\"attachment_1547\" style=\"width: 330px\" class=\"wp-caption aligncenter\"><a href=\"https:\/\/www.preservons-la-nature.fr\/blog\/wp-content\/uploads\/2013\/10\/DSC7435.jpg\"><img loading=\"lazy\" decoding=\"async\" aria-describedby=\"caption-attachment-1547\" class=\" wp-image-1547\" title=\"Aster pyrenaeus Desf. ex DC.\" alt=\"Aster pyrenaeus Desf. ex DC.\" src=\"https:\/\/www.preservons-la-nature.fr\/blog\/wp-content\/uploads\/2013\/10\/DSC7435.jpg\" width=\"320\" height=\"480\" srcset=\"https:\/\/preservons-la-nature.fr\/blog\/wp-content\/uploads\/2013\/10\/DSC7435.jpg 400w, https:\/\/preservons-la-nature.fr\/blog\/wp-content\/uploads\/2013\/10\/DSC7435-200x300.jpg 200w\" sizes=\"auto, (max-width: 320px) 100vw, 320px\" \/><\/a><p id=\"caption-attachment-1547\" class=\"wp-caption-text\">Aster pyrenaeus Desf. ex DC.<\/p><\/div>\n<p><span style=\"text-decoration: underline;\">Ecologie :<\/span><br \/>\nCette esp\u00e8ce end\u00e9mique des Pyr\u00e9n\u00e9es fran\u00e7aises (on l&rsquo;a d\u00e9couvert r\u00e9cemment en Espagne dans les monts cantabriques, en particulier dans les Pics d&rsquo;Europe) se rencontre dans les zones tr\u00e8s escarp\u00e9es, en exposition chaude, en contexte calcaire. La plupart des stations se trouve \u00e0 l&rsquo;\u00e9tage montagnard (650 \u00e0 1800m), tr\u00e8s rarement \u00e0 l&rsquo;\u00e9tage sub-alpin. On la retrouve donc sur les pentes fortes, ou dans les m\u00e9gaphorbiaies \u00e0 Lis des Pyr\u00e9n\u00e9es ( <strong><em>Adenostylion alliariae<\/em> 44.0.2.0.1 Communaut\u00e9s m\u00e9so-hygrophiles \u00e0 dominance de phorbes (herbac\u00e9es sans gramin\u00e9es), plut\u00f4t sciaphiles (appr\u00e9ciant l&rsquo;ombre)<\/strong>) ou les prairies s&rsquo;ass\u00e8chant l&rsquo;\u00e9t\u00e9 en pr\u00e9sence de Molinie bleue (<strong><em>Molinion caeruleae &#8211; Juncion acutiflori<\/em> 42.0.1.0.2 Communaut\u00e9s non m\u00e9diterran\u00e9ennes sur sol tourbeux \u00e0 paratourbeux, montagnardes sur sol m\u00e9sotrophe (faiblement riche et peu acide)<\/strong>), dans des stations rocheuses (<strong><em>Saxifragion mediae<\/em> 8.0.3.0.5 Communaut\u00e9s pyr\u00e9n\u00e9enne calcicoles des parois et des murs, montagnardes \u00e0 alpines<\/strong>).On trouve parfois l&rsquo;esp\u00e8ce en lisi\u00e8re foresti\u00e8re (<strong><em>Geranion sanguinei<\/em> 72.0.1.0.1 Pelouses pr\u00e9foresti\u00e8res et ourlets thermophiles, plus ou moins x\u00e9rophiles<\/strong>).<\/p>\n<p><span style=\"text-decoration: underline;\">R\u00e9partition fran\u00e7aise :<\/span><br \/>\nLes principales stations se trouvent dans les hautes-Pyr\u00e9n\u00e9es (Vall\u00e9es du Louron, du Cauterets), dans les Pyr\u00e9n\u00e9es-Atlantiques (Vall\u00e9es d&rsquo;Ossau et d&rsquo;Aspe).<\/p>\n<p><span style=\"text-decoration: underline;\">Protection :<\/span><br \/>\nCette esp\u00e8ce est prot\u00e9g\u00e9e au niveau national.<\/p>\n<div id=\"attachment_1548\" style=\"width: 330px\" class=\"wp-caption aligncenter\"><a href=\"https:\/\/www.preservons-la-nature.fr\/blog\/wp-content\/uploads\/2013\/10\/DSC05563.jpg\"><img loading=\"lazy\" decoding=\"async\" aria-describedby=\"caption-attachment-1548\" class=\" wp-image-1548 \" title=\"Aster pyrenaeus Desf. ex DC.\" alt=\"Aster pyrenaeus Desf. ex DC.\" src=\"https:\/\/www.preservons-la-nature.fr\/blog\/wp-content\/uploads\/2013\/10\/DSC05563.jpg\" width=\"320\" height=\"480\" srcset=\"https:\/\/preservons-la-nature.fr\/blog\/wp-content\/uploads\/2013\/10\/DSC05563.jpg 400w, https:\/\/preservons-la-nature.fr\/blog\/wp-content\/uploads\/2013\/10\/DSC05563-200x300.jpg 200w\" sizes=\"auto, (max-width: 320px) 100vw, 320px\" \/><\/a><p id=\"caption-attachment-1548\" class=\"wp-caption-text\">Aster pyrenaeus Desf. ex DC.<\/p><\/div>\n<p><span style=\"text-decoration: underline;\">Description :<\/span><br \/>\nIl s&rsquo;agit d&rsquo;une plante vivace mesurant de 40 \u00e0 80 cm de hauteur. Elle est pubescente. Les feuilles le long de la tige sont sessiles et alterne. Elles pr\u00e9sentent une forme lanc\u00e9ol\u00e9e. Elles sont dent\u00e9es mais pas toujours. Elles sont velues. L&rsquo;inflorescence est compos\u00e9e de grands capitules, soit solitaires soit en corymbe. Les fleurs centrales sont de couleur jaune et de forme tubul\u00e9e, alors que les fleurs p\u00e9riph\u00e9riques sont ligul\u00e9es et de couleur bleu-violet. L&rsquo;involucre comporte des rang\u00e9es de bract\u00e9es avec des pointes violettes aigu\u00ebs. Le fruit est un ak\u00e8ne comportant des soies ros\u00e9es.<br \/>\nOutre la pollinisation par les insectes, l&rsquo;esp\u00e8ce peut se multiplier par voie v\u00e9g\u00e9tative.<\/p>\n<p><span style=\"text-decoration: underline;\">Bibliographie :<\/span><br \/>\n<em>&#8211; Prodrome des v\u00e9g\u00e9tations de France &#8211; Publications scientifiques du Museum &#8211; CPN 61 2004<br \/>\n&#8211; La grande flore illustr\u00e9e des Pyr\u00e9n\u00e9es &#8211; Marcel Saule &#8211; Editions Milan 2005<br \/>\n&#8211; Guide des plantes prot\u00e9g\u00e9es de Midi-Pyr\u00e9n\u00e9es &#8211; Conservatoire botanique national des Pyr\u00e9n\u00e9es et de Midi-Pyr\u00e9n\u00e9es &#8211; Editions Biotope 2010<\/em><\/p>\n","protected":false},"excerpt":{"rendered":"<p>L&rsquo;aster des Pyr\u00e9n\u00e9es (Aster pyrenaeus Desf. ex DC.) fait partie de la famille des Ast\u00e9rac\u00e9es (Asteraceae). Sa p\u00e9riode de floraison s&rsquo;\u00e9tale d&rsquo;ao\u00fbt \u00e0 octobre. Ecologie : Cette esp\u00e8ce end\u00e9mique des Pyr\u00e9n\u00e9es fran\u00e7aises (on l&rsquo;a d\u00e9couvert r\u00e9cemment en Espagne dans les &hellip; <a href=\"https:\/\/preservons-la-nature.fr\/blog\/?p=1545\">Continuer la lecture <span class=\"meta-nav\">&rarr;<\/span><\/a><\/p>\n","protected":false},"author":1,"featured_media":0,"comment_status":"open","ping_status":"open","sticky":false,"template":"","format":"standard","meta":{"footnotes":""},"categories":[87,51],"tags":[48],"class_list":["post-1545","post","type-post","status-publish","format-standard","hentry","category-ficheplante","category-protection-nationale","tag-asteracees"],"_links":{"self":[{"href":"https:\/\/preservons-la-nature.fr\/blog\/index.php?rest_route=\/wp\/v2\/posts\/1545","targetHints":{"allow":["GET"]}}],"collection":[{"href":"https:\/\/preservons-la-nature.fr\/blog\/index.php?rest_route=\/wp\/v2\/posts"}],"about":[{"href":"https:\/\/preservons-la-nature.fr\/blog\/index.php?rest_route=\/wp\/v2\/types\/post"}],"author":[{"embeddable":true,"href":"https:\/\/preservons-la-nature.fr\/blog\/index.php?rest_route=\/wp\/v2\/users\/1"}],"replies":[{"embeddable":true,"href":"https:\/\/preservons-la-nature.fr\/blog\/index.php?rest_route=%2Fwp%2Fv2%2Fcomments&post=1545"}],"version-history":[{"count":10,"href":"https:\/\/preservons-la-nature.fr\/blog\/index.php?rest_route=\/wp\/v2\/posts\/1545\/revisions"}],"predecessor-version":[{"id":1930,"href":"https:\/\/preservons-la-nature.fr\/blog\/index.php?rest_route=\/wp\/v2\/posts\/1545\/revisions\/1930"}],"wp:attachment":[{"href":"https:\/\/preservons-la-nature.fr\/blog\/index.php?rest_route=%2Fwp%2Fv2%2Fmedia&parent=1545"}],"wp:term":[{"taxonomy":"category","embeddable":true,"href":"https:\/\/preservons-la-nature.fr\/blog\/index.php?rest_route=%2Fwp%2Fv2%2Fcategories&post=1545"},{"taxonomy":"post_tag","embeddable":true,"href":"https:\/\/preservons-la-nature.fr\/blog\/index.php?rest_route=%2Fwp%2Fv2%2Ftags&post=1545"}],"curies":[{"name":"wp","href":"https:\/\/api.w.org\/{rel}","templated":true}]}}