{"id":1532,"date":"2013-10-27T09:32:31","date_gmt":"2013-10-27T09:32:31","guid":{"rendered":"https:\/\/www.preservons-la-nature.fr\/blog\/?p=1532"},"modified":"2013-11-10T18:09:03","modified_gmt":"2013-11-10T17:09:03","slug":"omphalodes-littoralis-lehm-le-cynoglosse-des-dunes","status":"publish","type":"post","link":"https:\/\/preservons-la-nature.fr\/blog\/?p=1532","title":{"rendered":"Omphalodes littoralis Lehm. ( Cynoglosse des dunes )"},"content":{"rendered":"<p><strong>Le cynoglosse des dunes (<em>Omphalodes littoralis Lehm.<\/em>)<\/strong> fait partie de <strong>la famille des Boraginac\u00e9es (<em>Boraginaceae<\/em>)<\/strong>. Sa p\u00e9riode de floraison s&rsquo;\u00e9tale de mi-avril \u00e0 fin mai.<\/p>\n<div id=\"attachment_1537\" style=\"width: 570px\" class=\"wp-caption aligncenter\"><a href=\"https:\/\/www.preservons-la-nature.fr\/blog\/wp-content\/uploads\/2013\/10\/DSC01118.jpg\"><img loading=\"lazy\" decoding=\"async\" aria-describedby=\"caption-attachment-1537\" class=\" wp-image-1537 \" title=\"Omphalodes littoralis Lehm.\" alt=\"Omphalodes littoralis Lehm.\" src=\"https:\/\/www.preservons-la-nature.fr\/blog\/wp-content\/uploads\/2013\/10\/DSC01118.jpg\" width=\"560\" height=\"373\" srcset=\"https:\/\/preservons-la-nature.fr\/blog\/wp-content\/uploads\/2013\/10\/DSC01118.jpg 800w, https:\/\/preservons-la-nature.fr\/blog\/wp-content\/uploads\/2013\/10\/DSC01118-300x199.jpg 300w\" sizes=\"auto, (max-width: 560px) 100vw, 560px\" \/><\/a><p id=\"caption-attachment-1537\" class=\"wp-caption-text\">Omphalodes littoralis Lehm.<\/p><\/div>\n<p><span style=\"text-decoration: underline;\">Ecologie :<\/span><br \/>\nCette esp\u00e8ce end\u00e9mique des dunes franco-atlantiques se d\u00e9veloppe en contexte dunaire, plus exactement sur l&rsquo;arri\u00e8re dune, \u00e0 condition que le sable soit relativement encore mobile. C&rsquo;est le cas de la dune grise non ferm\u00e9e perturb\u00e9e par le pi\u00e9tinement. Elle ne supporte pas \u00e0 la concurrence v\u00e9g\u00e9tale. Elle peut se rencontrer en zone bois\u00e9e, toujours sur un sable enrichi en azote, tels que les pin\u00e8des. C&rsquo;est le cas par exemple \u00e0 La Couarde-sur-Mer \u00e0 l&rsquo;\u00eele de R\u00e9, o\u00f9 l&rsquo;esp\u00e8ce s&rsquo;est d\u00e9velopp\u00e9e dans une pin\u00e8de de l&rsquo;arri\u00e8re dune \u00e0 proximit\u00e9 d&rsquo;un parking de plages. Il faut conclure qu&rsquo;il est indispensable que le sol soit l\u00e9g\u00e8rement perturb\u00e9 pour assurer la p\u00e9rennit\u00e9 de l&rsquo;esp\u00e8ce. <strong>Phytosociologie : <em>Euphorbio portlandicae &#8211; Helichrysion staechadis <\/em>36.0.2.0.2<\/strong> Communaut\u00e9s des arri\u00e8res dunes atlantiques fix\u00e9es sur sable plus ou moins calcaires parsem\u00e9es de cham\u00e9phytes et souvent riches en Bryophytes.<\/p>\n<div id=\"attachment_1538\" style=\"width: 330px\" class=\"wp-caption aligncenter\"><a href=\"https:\/\/www.preservons-la-nature.fr\/blog\/wp-content\/uploads\/2013\/10\/DSC01127.jpg\"><img loading=\"lazy\" decoding=\"async\" aria-describedby=\"caption-attachment-1538\" class=\" wp-image-1538 \" title=\"Omphalodes littoralis Lehm.\" alt=\"Omphalodes littoralis Lehm.\" src=\"https:\/\/www.preservons-la-nature.fr\/blog\/wp-content\/uploads\/2013\/10\/DSC01127.jpg\" width=\"320\" height=\"480\" srcset=\"https:\/\/preservons-la-nature.fr\/blog\/wp-content\/uploads\/2013\/10\/DSC01127.jpg 400w, https:\/\/preservons-la-nature.fr\/blog\/wp-content\/uploads\/2013\/10\/DSC01127-200x300.jpg 200w\" sizes=\"auto, (max-width: 320px) 100vw, 320px\" \/><\/a><p id=\"caption-attachment-1538\" class=\"wp-caption-text\">Omphalodes littoralis Lehm.<\/p><\/div>\n<p><span style=\"text-decoration: underline;\">R\u00e9partition fran\u00e7aise :<\/span><br \/>\nOn la retrouve dans le Finist\u00e8re (\u00eeles Gl\u00e9nans), dans le Morbihan (\u00e0 Saint-Pierre de Quiberon, Plouharnel, les \u00eeles de Houat et Ho\u00ebdic, \u00e0 Belle Ile au niveau de la dune de Kerhuel). Elle est absente de la Loire-Atlantique. On la retrouve en Vend\u00e9e (Au Sud de l&rsquo;\u00eele de Noirmoutier le long d&rsquo;une tr\u00e8s longue dune, A Br\u00e9tignolles sur Mer, \u00e0 Jard sur Mer), en Charente-Maritime (\u00eele d&rsquo;Ol\u00e9ron, \u00eele de R\u00e9 (Couarde sur Mer), le marais d&rsquo;Yves).<\/p>\n<p><span style=\"text-decoration: underline;\">Protection :<\/span><br \/>\nL&rsquo;esp\u00e8ce est prot\u00e9g\u00e9e au niveau national.<\/p>\n<div id=\"attachment_1539\" style=\"width: 330px\" class=\"wp-caption aligncenter\"><a href=\"https:\/\/www.preservons-la-nature.fr\/blog\/wp-content\/uploads\/2013\/10\/DSC01129.jpg\"><img loading=\"lazy\" decoding=\"async\" aria-describedby=\"caption-attachment-1539\" class=\" wp-image-1539 \" title=\"Omphalodes littoralis Lehm.\" alt=\"Omphalodes littoralis Lehm.\" src=\"https:\/\/www.preservons-la-nature.fr\/blog\/wp-content\/uploads\/2013\/10\/DSC01129.jpg\" width=\"320\" height=\"480\" srcset=\"https:\/\/preservons-la-nature.fr\/blog\/wp-content\/uploads\/2013\/10\/DSC01129.jpg 400w, https:\/\/preservons-la-nature.fr\/blog\/wp-content\/uploads\/2013\/10\/DSC01129-200x300.jpg 200w\" sizes=\"auto, (max-width: 320px) 100vw, 320px\" \/><\/a><p id=\"caption-attachment-1539\" class=\"wp-caption-text\">Omphalodes littoralis Lehm.<\/p><\/div>\n<p><span style=\"text-decoration: underline;\">Description :<\/span><br \/>\nIl s&rsquo;agit d&rsquo;une plante annuelle pouvant atteindre 15 cm de hauteur. L&rsquo;aspect de la plante est glauque. La tige dress\u00e9e peut se ramifier vers le sommet. Les feuilles basales sont lanc\u00e9ol\u00e9es voire spatul\u00e9es : Elles sont absentes lors de la floraison. Les feuilles sur la tige sont \u00e9galement lanc\u00e9ol\u00e9es et \u00e9paisses mais sont sessiles contrairement aux autres. Elles sont \u00e9galement cili\u00e9es sur les bords mais aussi sur le dessus. l&rsquo;inflorescence na\u00eet \u00e0 la base d&rsquo;une feuille via un p\u00e9dicelle La fleur est compos\u00e9e de 5 p\u00e9tales arrondis, soud\u00e9s \u00e0 la base par un petit tube. A la fin mai, d\u00e9but juin, cette plante annuelle se dess\u00e8che en lib\u00e9rant ses graines qui seront transport\u00e9es par les lapins ou l&rsquo;homme gr\u00e2ce aux crochets sur les ak\u00e8nes. Les graines ne germeront qu&rsquo;\u00e0 l&rsquo;automne.<\/p>\n<div id=\"attachment_1540\" style=\"width: 330px\" class=\"wp-caption aligncenter\"><a href=\"https:\/\/www.preservons-la-nature.fr\/blog\/wp-content\/uploads\/2013\/10\/DSC01136.jpg\"><img loading=\"lazy\" decoding=\"async\" aria-describedby=\"caption-attachment-1540\" class=\" wp-image-1540 \" title=\"Omphalodes littoralis Lehm.\" alt=\"Omphalodes littoralis Lehm.\" src=\"https:\/\/www.preservons-la-nature.fr\/blog\/wp-content\/uploads\/2013\/10\/DSC01136.jpg\" width=\"320\" height=\"480\" srcset=\"https:\/\/preservons-la-nature.fr\/blog\/wp-content\/uploads\/2013\/10\/DSC01136.jpg 400w, https:\/\/preservons-la-nature.fr\/blog\/wp-content\/uploads\/2013\/10\/DSC01136-200x300.jpg 200w\" sizes=\"auto, (max-width: 320px) 100vw, 320px\" \/><\/a><p id=\"caption-attachment-1540\" class=\"wp-caption-text\">Omphalodes littoralis Lehm.<\/p><\/div>\n<p><span style=\"text-decoration: underline;\">Bibliographie :<\/span><br \/>\n<em>&#8211; La flore du Finist\u00e8re &#8211; E. Qu\u00e9r\u00e9, S. Magnanon, R. Ragot, L. Gager, F. Hardy &#8211; Siloe 2008<br \/>\n&#8211; La flore du Morbihan &#8211; Gabriel Rivi\u00e8re &#8211; Siloe 2007<br \/>\n&#8211; Atlas floristique de la Loire-Atlantique et de la Vend\u00e9e &#8211; Pierre Dupont &#8211; Siloe 2001<br \/>\n&#8211; Dunes d&rsquo;Armorique : de la Vend\u00e9e au Cotentin &#8211; E. Barbelette, Y. F\u00e9vrier &#8211; Editions Biotope 2008<br \/>\n&#8211; Flore et v\u00e9g\u00e9tation du Massif armoricain &#8211; H. des Abbayes, G. Claustres, R. Corillion, P. Dupont &#8211; Editions D&rsquo;Art r\u00e9\u00e9dition 2012<\/em><\/p>\n","protected":false},"excerpt":{"rendered":"<p>Le cynoglosse des dunes (Omphalodes littoralis Lehm.) fait partie de la famille des Boraginac\u00e9es (Boraginaceae). Sa p\u00e9riode de floraison s&rsquo;\u00e9tale de mi-avril \u00e0 fin mai. Ecologie : Cette esp\u00e8ce end\u00e9mique des dunes franco-atlantiques se d\u00e9veloppe en contexte dunaire, plus exactement &hellip; <a href=\"https:\/\/preservons-la-nature.fr\/blog\/?p=1532\">Continuer la lecture <span class=\"meta-nav\">&rarr;<\/span><\/a><\/p>\n","protected":false},"author":1,"featured_media":0,"comment_status":"open","ping_status":"open","sticky":false,"template":"","format":"standard","meta":{"footnotes":""},"categories":[87,51],"tags":[59],"class_list":["post-1532","post","type-post","status-publish","format-standard","hentry","category-ficheplante","category-protection-nationale","tag-boraginacees"],"_links":{"self":[{"href":"https:\/\/preservons-la-nature.fr\/blog\/index.php?rest_route=\/wp\/v2\/posts\/1532","targetHints":{"allow":["GET"]}}],"collection":[{"href":"https:\/\/preservons-la-nature.fr\/blog\/index.php?rest_route=\/wp\/v2\/posts"}],"about":[{"href":"https:\/\/preservons-la-nature.fr\/blog\/index.php?rest_route=\/wp\/v2\/types\/post"}],"author":[{"embeddable":true,"href":"https:\/\/preservons-la-nature.fr\/blog\/index.php?rest_route=\/wp\/v2\/users\/1"}],"replies":[{"embeddable":true,"href":"https:\/\/preservons-la-nature.fr\/blog\/index.php?rest_route=%2Fwp%2Fv2%2Fcomments&post=1532"}],"version-history":[{"count":11,"href":"https:\/\/preservons-la-nature.fr\/blog\/index.php?rest_route=\/wp\/v2\/posts\/1532\/revisions"}],"predecessor-version":[{"id":1931,"href":"https:\/\/preservons-la-nature.fr\/blog\/index.php?rest_route=\/wp\/v2\/posts\/1532\/revisions\/1931"}],"wp:attachment":[{"href":"https:\/\/preservons-la-nature.fr\/blog\/index.php?rest_route=%2Fwp%2Fv2%2Fmedia&parent=1532"}],"wp:term":[{"taxonomy":"category","embeddable":true,"href":"https:\/\/preservons-la-nature.fr\/blog\/index.php?rest_route=%2Fwp%2Fv2%2Fcategories&post=1532"},{"taxonomy":"post_tag","embeddable":true,"href":"https:\/\/preservons-la-nature.fr\/blog\/index.php?rest_route=%2Fwp%2Fv2%2Ftags&post=1532"}],"curies":[{"name":"wp","href":"https:\/\/api.w.org\/{rel}","templated":true}]}}