{"id":150,"date":"2011-03-07T08:08:41","date_gmt":"2011-03-07T08:08:41","guid":{"rendered":"https:\/\/www.preservons-la-nature.fr\/blog\/?p=150"},"modified":"2011-05-11T12:14:16","modified_gmt":"2011-05-11T12:14:16","slug":"faisons-de-lecoresistance-face-a-lavion","status":"publish","type":"post","link":"https:\/\/preservons-la-nature.fr\/blog\/?p=150","title":{"rendered":"Faisons de l&rsquo;\u00e9cor\u00e9sistance face \u00e0 l&rsquo;avion"},"content":{"rendered":"<p>A l&rsquo;heure o\u00f9 on demande aux citoyens de faire des efforts avec des gestes \u00e9cologiques, des domaines entiers sont volontairement oubli\u00e9s&#8230; On ne peut pas dire autrement. On sait aujourd&rsquo;hui que les avions, le transport routier, la voiture de monsieur \u00ab\u00a0tout le monde\u00a0\u00bb, l&rsquo;agriculture intensive participent pour une \u00e9norme part aux \u00e9missions de gaz responsables du changement climatique. Le tourisme, l&rsquo;usage de l&rsquo;avion n&rsquo;ont jamais \u00e9t\u00e9 aussi importants. Une v\u00e9ritable abberration,\u00a0du suicide, &#8230; <strong>un g\u00e9nocide<\/strong>!!<br \/>\nSuivez les incitations \u00e0 contribuer aux changements climatiques : Exemple <strong>vol Air France Paris &#8211; Marseille \u00e0 partir de 40 euros !! Une folie!<\/strong><\/p>\n<p>Heureusement, il existe sur cette terre des gens raisonnables qui tentent de sonner l&rsquo;alerte. Saluons et accompagnons le combat de Pierre-Emmanuel. Je vous livre ici son message plein de bon sens\u00a0:<\/p>\n<p>\u00ab\u00a0<em>Paris, le 2 mars 2011.<\/em><\/p>\n<p><em>Bonjour,<\/em><\/p>\n<p><em><strong>Le Parti de la R\u00e9sistance<\/strong> focalise ses efforts sur la question du<br \/>\nclimat, dont les impacts sur les pays pauvres, si nous restons sur la<br \/>\ntrajectoire actuelle, seront rien moins que g\u00e9nocidaires.<\/em><\/p>\n<p><em>Actuellement, les \u00e9tudes scientifiques les plus r\u00e9centes pr\u00e9voient d&rsquo;ici<br \/>\n2100 une augmentation du niveau des oc\u00e9ans entre 80 cm et 2 m (1). Or,<br \/>\npour ne prendre qu&rsquo;un exemple, \u00e0 plus de 60 cm d&rsquo;\u00e9l\u00e9vation, 80 % de la<br \/>\nriziculture du Vietnam sera d\u00e9truite (2). R\u00e9ussir \u00e0 \/ne pas\/parler de<br \/>\ng\u00e9nocide, dans ces conditions, est risible (3).<\/em><\/p>\n<p><em><strong>L&rsquo;une des machines les plus efficaces pour d\u00e9truire<\/strong> le climat de la<br \/>\nplan\u00e8te <strong>est l&rsquo;avion<\/strong>. A part faire dans la pyromanie, rien ne permet \u00e0 un<br \/>\n\u00eatre humain de polluer le climat de la plan\u00e8te avec plus de 1000 kg de<br \/>\nCO2 en quelques heures (4). C&rsquo;est pourquoi, depuis plusieurs mois, nous<br \/>\ndistribuons chaque semaine des tracts pour l&rsquo;interdiction de cette<br \/>\nmachine g\u00e9nocidaire, \u00e0 l&rsquo;int\u00e9rieur de l&rsquo;a\u00e9roport Charles-de-Gaulle.<\/em><\/p>\n<p><em><strong>Le dimanche 3 avril<\/strong>, nous organisons avec d&rsquo;autres groupes de militants,<br \/>\n<strong>une action nationale<\/strong>, simultan\u00e9ment, dans plusieurs a\u00e9roports de France<br \/>\net \u00e0 Bruxelles, afin d&rsquo;exiger <strong>l&rsquo;interdiction imm\u00e9diate<\/strong> de cette machine.<br \/>\nPour l&rsquo;instant, nous devrions \u00eatre en mesure de couvrir les centres de<br \/>\ndestruction du climat (CDC) suivants : Biarritz, Bordeaux, Bruxelles,<br \/>\nLyon, Marignane, Paris (CDG et Orly), Strasbourg et Toulouse. Et nous<br \/>\nesp\u00e9rons ajouter \u00e0 cette liste d&rsquo;autres CDCs.<\/em><\/p>\n<p><em>La destruction du climat de la plan\u00e8te n&rsquo;est pas un b\u00eate \u00ab\u00a0probl\u00e8me<br \/>\nenvironnemental\u00a0\u00bb,<strong> c&rsquo;est un g\u00e9nocide<\/strong>. <strong>Ne pas le voir<\/strong> en 2011, avec le<br \/>\nluxe d&rsquo;informations dont nous disposons, <strong>est impardonnable<\/strong>.<\/em><\/p>\n<p><em>Nous souhaitons savoir si vous \u00eates int\u00e9ress\u00e9s \u00e0 participer \u00e0 cette<br \/>\naction nationale non-violente, folle au regard de la soci\u00e9t\u00e9 fran\u00e7aise<br \/>\nen 2011, et qui para\u00eetra <strong>de simple bon sens<\/strong> dans 10 ans. Joignez nous<br \/>\nvia <\/em><em><a href=\"mailto:contact@parti-de-la-resistance.fr\">contact@parti-de-la-resistance.fr<\/a><\/em><\/p>\n<p><em>Amicalement.<\/em><\/p>\n<p><em>Pierre-Emmanuel Neurohr<\/em><\/p>\n<p><em>(1) \/Kinematic Constraints on Glacier Contributions to 21st-Century<br \/>\nSea-Level Rise\/, Pfeffer et al., \/Science\/, 5.9.2008.<\/em><\/p>\n<p><em>(2) \/\u00ab [La riziculture du Vietnam] est extr\u00eamement menac\u00e9e, ce qui<br \/>\ninqui\u00e8te le gouvernement, \u00e9videmment, en particulier du fait du<br \/>\nr\u00e9chauffement climatique (&#8230;). Si le niveau de la mer (&#8230;) monte de<br \/>\nplus de 60 cm, 80 % de ses surfaces seront sous l&rsquo;eau de mer (&#8230;).<br \/>\n\u00bb\/*Jean-Charles Maillard*, Directeur r\u00e9gional Asie du Sud-Est<br \/>\ncontinentale du Centre international de recherche agronomique pour le<br \/>\nd\u00e9veloppement (Cirad), dans l&rsquo;\u00e9mission \/Courir les champs du monde\/,<br \/>\nCulturesmonde, France Culture, 21.02.11.<\/em><\/p>\n<p><em>(3) Parfaitement, il s&rsquo;agit d&rsquo;un g\u00e9nocide :<br \/>\n<\/em><a href=\"http:\/\/parti-de-la-resistance.fr\/?p=414\"><em>http:\/\/parti-de-la-resistance.fr\/?p=414<\/em><\/a><em> Et il ne s&rsquo;agit pas d&rsquo;un<br \/>\n\u00ab\u00a0suicide collectif\u00a0\u00bb : <\/em><a href=\"http:\/\/parti-de-la-resistance.fr\/?p=388\"><em>http:\/\/parti-de-la-resistance.fr\/?p=388<\/em><\/a><\/p>\n<p><em>(4) <\/em><a href=\"http:\/\/parti-de-la-resistance.fr\/?p=363\" target=\"_blank\"><em>http:\/\/parti-de-la-resistance.fr\/?p=363<\/em><br \/>\n<\/a><em>&#8212;<br \/>\nContactez-nous : 01 82 09 12 25 ou <\/em><em><a href=\"mailto:contact@parti-de-la-resistance.fr\">contact@parti-de-la-resistance.fr<\/a><\/em><\/p>\n<p><em>Informez-vous : <\/em><a href=\"http:\/\/www.parti-de-la-resistance.fr\" target=\"_blank\"><em>www.parti-de-la-resistance.fr<\/em><\/a><em>\u00ab\u00a0<\/em><\/p>\n","protected":false},"excerpt":{"rendered":"<p>A l&rsquo;heure o\u00f9 on demande aux citoyens de faire des efforts avec des gestes \u00e9cologiques, des domaines entiers sont volontairement oubli\u00e9s&#8230; On ne peut pas dire autrement. On sait aujourd&rsquo;hui que les avions, le transport routier, la voiture de monsieur &hellip; <a href=\"https:\/\/preservons-la-nature.fr\/blog\/?p=150\">Continuer la lecture <span class=\"meta-nav\">&rarr;<\/span><\/a><\/p>\n","protected":false},"author":1,"featured_media":0,"comment_status":"open","ping_status":"open","sticky":false,"template":"","format":"standard","meta":{"footnotes":""},"categories":[14],"tags":[16,17,15],"class_list":["post-150","post","type-post","status-publish","format-standard","hentry","category-ecoresistance","tag-avion","tag-climat","tag-ecoresistance-2"],"_links":{"self":[{"href":"https:\/\/preservons-la-nature.fr\/blog\/index.php?rest_route=\/wp\/v2\/posts\/150","targetHints":{"allow":["GET"]}}],"collection":[{"href":"https:\/\/preservons-la-nature.fr\/blog\/index.php?rest_route=\/wp\/v2\/posts"}],"about":[{"href":"https:\/\/preservons-la-nature.fr\/blog\/index.php?rest_route=\/wp\/v2\/types\/post"}],"author":[{"embeddable":true,"href":"https:\/\/preservons-la-nature.fr\/blog\/index.php?rest_route=\/wp\/v2\/users\/1"}],"replies":[{"embeddable":true,"href":"https:\/\/preservons-la-nature.fr\/blog\/index.php?rest_route=%2Fwp%2Fv2%2Fcomments&post=150"}],"version-history":[{"count":5,"href":"https:\/\/preservons-la-nature.fr\/blog\/index.php?rest_route=\/wp\/v2\/posts\/150\/revisions"}],"predecessor-version":[{"id":152,"href":"https:\/\/preservons-la-nature.fr\/blog\/index.php?rest_route=\/wp\/v2\/posts\/150\/revisions\/152"}],"wp:attachment":[{"href":"https:\/\/preservons-la-nature.fr\/blog\/index.php?rest_route=%2Fwp%2Fv2%2Fmedia&parent=150"}],"wp:term":[{"taxonomy":"category","embeddable":true,"href":"https:\/\/preservons-la-nature.fr\/blog\/index.php?rest_route=%2Fwp%2Fv2%2Fcategories&post=150"},{"taxonomy":"post_tag","embeddable":true,"href":"https:\/\/preservons-la-nature.fr\/blog\/index.php?rest_route=%2Fwp%2Fv2%2Ftags&post=150"}],"curies":[{"name":"wp","href":"https:\/\/api.w.org\/{rel}","templated":true}]}}