{"id":1435,"date":"2014-12-20T09:58:56","date_gmt":"2014-12-20T08:58:56","guid":{"rendered":"https:\/\/www.preservons-la-nature.fr\/blog\/?p=1435"},"modified":"2014-12-23T11:12:57","modified_gmt":"2014-12-23T10:12:57","slug":"contemplation-de-quelques-insectes-communs-des-bords-de-loire","status":"publish","type":"post","link":"https:\/\/preservons-la-nature.fr\/blog\/?p=1435","title":{"rendered":"Contemplation de quelques insectes communs des bords de Loire"},"content":{"rendered":"<p>Une petite s\u00e9quence insecte, rien que pour le plaisir des yeux et pour faire oublier que ce site n&rsquo;est pas que consacr\u00e9 aux plantes. C&rsquo;est aussi une invitation \u00e0 prendre votre appareil photo pour immortaliser vos rencontres. <strong>D\u00e8s que l&rsquo;on contemple, on se rend compte que plus rien n&rsquo;est banal<\/strong>.<br \/>\n<a href=\"https:\/\/www.preservons-la-nature.fr\/blog\/wp-content\/uploads\/2013\/09\/DSC0843.jpg\"><img loading=\"lazy\" decoding=\"async\" class=\"aligncenter  wp-image-1437\" src=\"https:\/\/www.preservons-la-nature.fr\/blog\/wp-content\/uploads\/2013\/09\/DSC0843.jpg\" alt=\"\" width=\"581\" height=\"387\" srcset=\"https:\/\/preservons-la-nature.fr\/blog\/wp-content\/uploads\/2013\/09\/DSC0843.jpg 1000w, https:\/\/preservons-la-nature.fr\/blog\/wp-content\/uploads\/2013\/09\/DSC0843-300x200.jpg 300w\" sizes=\"auto, (max-width: 581px) 100vw, 581px\" \/><\/a><br \/>\n<a href=\"https:\/\/www.preservons-la-nature.fr\/blog\/wp-content\/uploads\/2013\/09\/DSC3529.jpg\"><img loading=\"lazy\" decoding=\"async\" class=\"aligncenter  wp-image-1439\" src=\"https:\/\/www.preservons-la-nature.fr\/blog\/wp-content\/uploads\/2013\/09\/DSC3529.jpg\" alt=\"\" width=\"600\" height=\"400\" srcset=\"https:\/\/preservons-la-nature.fr\/blog\/wp-content\/uploads\/2013\/09\/DSC3529.jpg 1000w, https:\/\/preservons-la-nature.fr\/blog\/wp-content\/uploads\/2013\/09\/DSC3529-300x200.jpg 300w\" sizes=\"auto, (max-width: 600px) 100vw, 600px\" \/><\/a><br \/>\n<a href=\"https:\/\/www.preservons-la-nature.fr\/blog\/wp-content\/uploads\/2013\/09\/DSC07496.jpg\"><img loading=\"lazy\" decoding=\"async\" class=\"aligncenter  wp-image-1445\" src=\"https:\/\/www.preservons-la-nature.fr\/blog\/wp-content\/uploads\/2013\/09\/DSC07496.jpg\" alt=\"\" width=\"600\" height=\"400\" srcset=\"https:\/\/preservons-la-nature.fr\/blog\/wp-content\/uploads\/2013\/09\/DSC07496.jpg 1000w, https:\/\/preservons-la-nature.fr\/blog\/wp-content\/uploads\/2013\/09\/DSC07496-300x199.jpg 300w\" sizes=\"auto, (max-width: 600px) 100vw, 600px\" \/><\/a><br \/>\n<a href=\"https:\/\/www.preservons-la-nature.fr\/blog\/wp-content\/uploads\/2013\/09\/DSC08677.jpg\"><img loading=\"lazy\" decoding=\"async\" class=\"aligncenter  wp-image-1447\" src=\"https:\/\/www.preservons-la-nature.fr\/blog\/wp-content\/uploads\/2013\/09\/DSC08677.jpg\" alt=\"\" width=\"600\" height=\"400\" srcset=\"https:\/\/preservons-la-nature.fr\/blog\/wp-content\/uploads\/2013\/09\/DSC08677.jpg 1000w, https:\/\/preservons-la-nature.fr\/blog\/wp-content\/uploads\/2013\/09\/DSC08677-300x200.jpg 300w\" sizes=\"auto, (max-width: 600px) 100vw, 600px\" \/><\/a><br \/>\n<a href=\"https:\/\/www.preservons-la-nature.fr\/blog\/wp-content\/uploads\/2013\/09\/DSC08718.jpg\"><img loading=\"lazy\" decoding=\"async\" class=\"aligncenter  wp-image-1448\" src=\"https:\/\/www.preservons-la-nature.fr\/blog\/wp-content\/uploads\/2013\/09\/DSC08718.jpg\" alt=\"\" width=\"600\" height=\"400\" srcset=\"https:\/\/preservons-la-nature.fr\/blog\/wp-content\/uploads\/2013\/09\/DSC08718.jpg 1000w, https:\/\/preservons-la-nature.fr\/blog\/wp-content\/uploads\/2013\/09\/DSC08718-300x200.jpg 300w\" sizes=\"auto, (max-width: 600px) 100vw, 600px\" \/><\/a><br \/>\n<a href=\"https:\/\/www.preservons-la-nature.fr\/blog\/wp-content\/uploads\/2013\/09\/DSC08772.jpg\"><img loading=\"lazy\" decoding=\"async\" class=\"aligncenter  wp-image-1449\" src=\"https:\/\/www.preservons-la-nature.fr\/blog\/wp-content\/uploads\/2013\/09\/DSC08772.jpg\" alt=\"\" width=\"600\" height=\"400\" srcset=\"https:\/\/preservons-la-nature.fr\/blog\/wp-content\/uploads\/2013\/09\/DSC08772.jpg 1000w, https:\/\/preservons-la-nature.fr\/blog\/wp-content\/uploads\/2013\/09\/DSC08772-300x200.jpg 300w\" sizes=\"auto, (max-width: 600px) 100vw, 600px\" \/><\/a><br \/>\n<a href=\"https:\/\/www.preservons-la-nature.fr\/blog\/wp-content\/uploads\/2013\/09\/DSC08051.jpg\"><img loading=\"lazy\" decoding=\"async\" class=\"aligncenter  wp-image-1452\" src=\"https:\/\/www.preservons-la-nature.fr\/blog\/wp-content\/uploads\/2013\/09\/DSC08051.jpg\" alt=\"\" width=\"600\" height=\"400\" srcset=\"https:\/\/preservons-la-nature.fr\/blog\/wp-content\/uploads\/2013\/09\/DSC08051.jpg 1000w, https:\/\/preservons-la-nature.fr\/blog\/wp-content\/uploads\/2013\/09\/DSC08051-300x200.jpg 300w\" sizes=\"auto, (max-width: 600px) 100vw, 600px\" \/><\/a><br \/>\n<a href=\"https:\/\/www.preservons-la-nature.fr\/blog\/wp-content\/uploads\/2013\/09\/DSC7308.jpg\"><img loading=\"lazy\" decoding=\"async\" class=\"aligncenter  wp-image-1453\" src=\"https:\/\/www.preservons-la-nature.fr\/blog\/wp-content\/uploads\/2013\/09\/DSC7308.jpg\" alt=\"\" width=\"600\" height=\"400\" srcset=\"https:\/\/preservons-la-nature.fr\/blog\/wp-content\/uploads\/2013\/09\/DSC7308.jpg 1000w, https:\/\/preservons-la-nature.fr\/blog\/wp-content\/uploads\/2013\/09\/DSC7308-300x200.jpg 300w\" sizes=\"auto, (max-width: 600px) 100vw, 600px\" \/><\/a><br \/>\n<a href=\"https:\/\/www.preservons-la-nature.fr\/blog\/wp-content\/uploads\/2013\/09\/DSC7330.jpg\"><img loading=\"lazy\" decoding=\"async\" class=\"aligncenter  wp-image-1454\" src=\"https:\/\/www.preservons-la-nature.fr\/blog\/wp-content\/uploads\/2013\/09\/DSC7330.jpg\" alt=\"\" width=\"600\" height=\"400\" srcset=\"https:\/\/preservons-la-nature.fr\/blog\/wp-content\/uploads\/2013\/09\/DSC7330.jpg 1000w, https:\/\/preservons-la-nature.fr\/blog\/wp-content\/uploads\/2013\/09\/DSC7330-300x200.jpg 300w\" sizes=\"auto, (max-width: 600px) 100vw, 600px\" \/><\/a><\/p>\n","protected":false},"excerpt":{"rendered":"<p>Une petite s\u00e9quence insecte, rien que pour le plaisir des yeux et pour faire oublier que ce site n&rsquo;est pas que consacr\u00e9 aux plantes. C&rsquo;est aussi une invitation \u00e0 prendre votre appareil photo pour immortaliser vos rencontres. D\u00e8s que l&rsquo;on &hellip; <a href=\"https:\/\/preservons-la-nature.fr\/blog\/?p=1435\">Continuer la lecture <span class=\"meta-nav\">&rarr;<\/span><\/a><\/p>\n","protected":false},"author":1,"featured_media":0,"comment_status":"open","ping_status":"open","sticky":false,"template":"","format":"standard","meta":{"footnotes":""},"categories":[11,139,3],"tags":[],"class_list":["post-1435","post","type-post","status-publish","format-standard","hentry","category-contempler","category-faune-2","category-laloire"],"_links":{"self":[{"href":"https:\/\/preservons-la-nature.fr\/blog\/index.php?rest_route=\/wp\/v2\/posts\/1435","targetHints":{"allow":["GET"]}}],"collection":[{"href":"https:\/\/preservons-la-nature.fr\/blog\/index.php?rest_route=\/wp\/v2\/posts"}],"about":[{"href":"https:\/\/preservons-la-nature.fr\/blog\/index.php?rest_route=\/wp\/v2\/types\/post"}],"author":[{"embeddable":true,"href":"https:\/\/preservons-la-nature.fr\/blog\/index.php?rest_route=\/wp\/v2\/users\/1"}],"replies":[{"embeddable":true,"href":"https:\/\/preservons-la-nature.fr\/blog\/index.php?rest_route=%2Fwp%2Fv2%2Fcomments&post=1435"}],"version-history":[{"count":10,"href":"https:\/\/preservons-la-nature.fr\/blog\/index.php?rest_route=\/wp\/v2\/posts\/1435\/revisions"}],"predecessor-version":[{"id":4136,"href":"https:\/\/preservons-la-nature.fr\/blog\/index.php?rest_route=\/wp\/v2\/posts\/1435\/revisions\/4136"}],"wp:attachment":[{"href":"https:\/\/preservons-la-nature.fr\/blog\/index.php?rest_route=%2Fwp%2Fv2%2Fmedia&parent=1435"}],"wp:term":[{"taxonomy":"category","embeddable":true,"href":"https:\/\/preservons-la-nature.fr\/blog\/index.php?rest_route=%2Fwp%2Fv2%2Fcategories&post=1435"},{"taxonomy":"post_tag","embeddable":true,"href":"https:\/\/preservons-la-nature.fr\/blog\/index.php?rest_route=%2Fwp%2Fv2%2Ftags&post=1435"}],"curies":[{"name":"wp","href":"https:\/\/api.w.org\/{rel}","templated":true}]}}