{"id":1426,"date":"2013-09-23T20:35:47","date_gmt":"2013-09-23T20:35:47","guid":{"rendered":"https:\/\/www.preservons-la-nature.fr\/blog\/?p=1426"},"modified":"2013-11-13T22:34:30","modified_gmt":"2013-11-13T21:34:30","slug":"inula-bifrons-l-l-inule-variable","status":"publish","type":"post","link":"https:\/\/preservons-la-nature.fr\/blog\/?p=1426","title":{"rendered":"Inula bifrons (L.) L. ( Inule variable )"},"content":{"rendered":"<p><strong>L&rsquo;Inule variable (<em>Inula bifrons (L.) L.<\/em>)<\/strong> fait partie de <strong>la famille des Ast\u00e9rac\u00e9es (<em>Asteraceae<\/em>)<\/strong>. Sa p\u00e9riode de floraison s&rsquo;\u00e9tale de Juillet \u00e0 Septembre. Ses autres noms sont l&rsquo;Inule \u00e0 deux faces, l&rsquo;Inule \u00e0 deux formes ou encore l&rsquo;Inule changeante.<\/p>\n<div id=\"attachment_1428\" style=\"width: 420px\" class=\"wp-caption aligncenter\"><a href=\"https:\/\/www.preservons-la-nature.fr\/blog\/wp-content\/uploads\/2013\/09\/DSC9033.jpg\"><img loading=\"lazy\" decoding=\"async\" aria-describedby=\"caption-attachment-1428\" class=\" wp-image-1428\" title=\"Inula bifrons (L.) L.\" alt=\"Inula bifrons (L.) L.\" src=\"https:\/\/www.preservons-la-nature.fr\/blog\/wp-content\/uploads\/2013\/09\/DSC9033.jpg\" width=\"410\" height=\"614\" srcset=\"https:\/\/preservons-la-nature.fr\/blog\/wp-content\/uploads\/2013\/09\/DSC9033.jpg 512w, https:\/\/preservons-la-nature.fr\/blog\/wp-content\/uploads\/2013\/09\/DSC9033-200x300.jpg 200w\" sizes=\"auto, (max-width: 410px) 100vw, 410px\" \/><\/a><p id=\"caption-attachment-1428\" class=\"wp-caption-text\">Inula bifrons (L.) L.<\/p><\/div>\n<p><span style=\"text-decoration: underline;\">R\u00e9partition :<\/span><br \/>\nL&rsquo;esp\u00e8ce est pr\u00e9sente en Bulgarie, Roumanie, Croatie, Serbie, Mac\u00e9doine, Albanie, dans la partie Nord de l&rsquo;Italie ainsi qu&rsquo;en France. On retrouve des stations en Dr\u00f4me (2 stations connues), en Is\u00e8re, dans les Hautes-Alpes, le Puy de D\u00f4me (en grande Limagne), les Alpes de Haute-Provence, le Gard, le Vaucluse (dans la r\u00e9gion d&rsquo;Apt), les Bouches du Rh\u00f4ne, le Var (Trigance, Aiguines) et les Alpes-Maritimes (Rare en Roya, Pr\u00e9sent dans le Haut-Var entre Entraunes et Guillaumes).<\/p>\n<p><span style=\"text-decoration: underline;\">Ecologie :<\/span><br \/>\nOn la retrouve essentiellement en contexte M\u00e9diterran\u00e9o-montagnard de 500 \u00e0 1500 m\u00e8tres d&rsquo;altitude, en particulier dans les zones de friches et les pelouses s\u00e8ches et rocailleuses (<span style=\"text-decoration: underline;\"><strong>Phytosociologie<\/strong><\/span> : <em><strong>26<\/strong> Festuco vallesiacae &#8211; Brometea erecti Br.-Bl. &amp; t\u00fcxen ex Br.-Bl. 1949 (\u00b9)<\/em>), mais aussi dans les ourlets thermophiles en lisi\u00e8re de for\u00eats (<span style=\"text-decoration: underline;\"><strong>Phytosociologie<\/strong><\/span> : <em><strong>72.0.1.0.1<\/strong> Geranion sanguinei T\u00fcxen in Muller 1962 (\u00b9)<\/em>).<\/p>\n<p><span style=\"text-decoration: underline;\">Protection :<\/span><br \/>\nElle b\u00e9n\u00e9ficie d&rsquo;une protection nationale du fait de sa raret\u00e9 sur le territoire fran\u00e7ais.<\/p>\n<div id=\"attachment_1427\" style=\"width: 624px\" class=\"wp-caption aligncenter\"><a href=\"https:\/\/www.preservons-la-nature.fr\/blog\/wp-content\/uploads\/2013\/09\/DSC9025.jpg\"><img loading=\"lazy\" decoding=\"async\" aria-describedby=\"caption-attachment-1427\" class=\" wp-image-1427 \" title=\"Inula bifrons (L.) L.\" alt=\"Inula bifrons (L.) L.\" src=\"https:\/\/www.preservons-la-nature.fr\/blog\/wp-content\/uploads\/2013\/09\/DSC9025.jpg\" width=\"614\" height=\"410\" srcset=\"https:\/\/preservons-la-nature.fr\/blog\/wp-content\/uploads\/2013\/09\/DSC9025.jpg 1024w, https:\/\/preservons-la-nature.fr\/blog\/wp-content\/uploads\/2013\/09\/DSC9025-300x200.jpg 300w\" sizes=\"auto, (max-width: 614px) 100vw, 614px\" \/><\/a><p id=\"caption-attachment-1427\" class=\"wp-caption-text\">Inula bifrons (L.) L.<\/p><\/div>\n<p><span style=\"text-decoration: underline;\">Description :<\/span><br \/>\nSa hauteur varie de 30 cm \u00e0 1 m\u00e8tre. Il s&rsquo;agit d&rsquo;une biannuelle. Elle est plus ou moins rameuse vers le sommet. Les feuilles sont dent\u00e9es et glanduleuses sur les deux faces. Les feuilles inf\u00e9rieures sont sensiblement plus grandes que les sup\u00e9rieures. Ces derni\u00e8res qui sont alternes sont d\u00e9currentes. Ce dernier crit\u00e8re permet de la distinguer d&rsquo;Inula conyza \u00e0 l&rsquo;\u00e9tat v\u00e9g\u00e9tatif. Concernant l&rsquo;inflorescence, les fleurs sont r\u00e9unis en petits capitules<\/p>\n<div id=\"attachment_1430\" style=\"width: 624px\" class=\"wp-caption aligncenter\"><a href=\"https:\/\/www.preservons-la-nature.fr\/blog\/wp-content\/uploads\/2013\/09\/DSC9100.jpg\"><img loading=\"lazy\" decoding=\"async\" aria-describedby=\"caption-attachment-1430\" class=\" wp-image-1430\" title=\"Inula bifrons (L.) L.\" alt=\"Inula bifrons (L.) L.\" src=\"https:\/\/www.preservons-la-nature.fr\/blog\/wp-content\/uploads\/2013\/09\/DSC9100.jpg\" width=\"614\" height=\"410\" srcset=\"https:\/\/preservons-la-nature.fr\/blog\/wp-content\/uploads\/2013\/09\/DSC9100.jpg 1024w, https:\/\/preservons-la-nature.fr\/blog\/wp-content\/uploads\/2013\/09\/DSC9100-300x200.jpg 300w\" sizes=\"auto, (max-width: 614px) 100vw, 614px\" \/><\/a><p id=\"caption-attachment-1430\" class=\"wp-caption-text\">Inula bifrons (L.) L.<\/p><\/div>\n<p><span style=\"text-decoration: underline;\"> Taxonomie :<em><br \/>\n<\/em><\/span><em>Inula bifrons (L.) L.<\/em> a pour synonymes (Informations issues de la BDTFX Version 1.1, <a href=\"http:\/\/www.tela-botanica.org\/\" target=\"_blank\">Tela Botanica<\/a>) :<em><br \/>\n&#8211; Aster bifrons (L.) All.<br \/>\n&#8211; Conyza bifrons L.<br \/>\n&#8211; Helenium bifrons (L.) Kuntze<br \/>\n&#8211; Inula glabra Besser<\/em><\/p>\n<p><em>(\u00b9) Prodrome des v\u00e9g\u00e9tations de France &#8211; CPN61- 2004<br \/>\n<\/em><\/p>\n<div id=\"attachment_1429\" style=\"width: 420px\" class=\"wp-caption aligncenter\"><a href=\"https:\/\/www.preservons-la-nature.fr\/blog\/wp-content\/uploads\/2013\/09\/DSC9037.jpg\"><img loading=\"lazy\" decoding=\"async\" aria-describedby=\"caption-attachment-1429\" class=\" wp-image-1429\" title=\"Inula bifrons (L.) L.\" alt=\"Inula bifrons (L.) L.\" src=\"https:\/\/www.preservons-la-nature.fr\/blog\/wp-content\/uploads\/2013\/09\/DSC9037.jpg\" width=\"410\" height=\"614\" srcset=\"https:\/\/preservons-la-nature.fr\/blog\/wp-content\/uploads\/2013\/09\/DSC9037.jpg 512w, https:\/\/preservons-la-nature.fr\/blog\/wp-content\/uploads\/2013\/09\/DSC9037-200x300.jpg 200w\" sizes=\"auto, (max-width: 410px) 100vw, 410px\" \/><\/a><p id=\"caption-attachment-1429\" class=\"wp-caption-text\">Inula bifrons (L.) L.<\/p><\/div>\n<p>Bibliographie :<br \/>\n<em>&#8211; Le Var et sa flore &#8211; Collectif &#8211; Naturalia Publications 2008<\/em><\/p>\n","protected":false},"excerpt":{"rendered":"<p>L&rsquo;Inule variable (Inula bifrons (L.) L.) fait partie de la famille des Ast\u00e9rac\u00e9es (Asteraceae). Sa p\u00e9riode de floraison s&rsquo;\u00e9tale de Juillet \u00e0 Septembre. Ses autres noms sont l&rsquo;Inule \u00e0 deux faces, l&rsquo;Inule \u00e0 deux formes ou encore l&rsquo;Inule changeante. R\u00e9partition &hellip; <a href=\"https:\/\/preservons-la-nature.fr\/blog\/?p=1426\">Continuer la lecture <span class=\"meta-nav\">&rarr;<\/span><\/a><\/p>\n","protected":false},"author":1,"featured_media":0,"comment_status":"open","ping_status":"open","sticky":false,"template":"","format":"standard","meta":{"footnotes":""},"categories":[87,51],"tags":[48],"class_list":["post-1426","post","type-post","status-publish","format-standard","hentry","category-ficheplante","category-protection-nationale","tag-asteracees"],"_links":{"self":[{"href":"https:\/\/preservons-la-nature.fr\/blog\/index.php?rest_route=\/wp\/v2\/posts\/1426","targetHints":{"allow":["GET"]}}],"collection":[{"href":"https:\/\/preservons-la-nature.fr\/blog\/index.php?rest_route=\/wp\/v2\/posts"}],"about":[{"href":"https:\/\/preservons-la-nature.fr\/blog\/index.php?rest_route=\/wp\/v2\/types\/post"}],"author":[{"embeddable":true,"href":"https:\/\/preservons-la-nature.fr\/blog\/index.php?rest_route=\/wp\/v2\/users\/1"}],"replies":[{"embeddable":true,"href":"https:\/\/preservons-la-nature.fr\/blog\/index.php?rest_route=%2Fwp%2Fv2%2Fcomments&post=1426"}],"version-history":[{"count":6,"href":"https:\/\/preservons-la-nature.fr\/blog\/index.php?rest_route=\/wp\/v2\/posts\/1426\/revisions"}],"predecessor-version":[{"id":1497,"href":"https:\/\/preservons-la-nature.fr\/blog\/index.php?rest_route=\/wp\/v2\/posts\/1426\/revisions\/1497"}],"wp:attachment":[{"href":"https:\/\/preservons-la-nature.fr\/blog\/index.php?rest_route=%2Fwp%2Fv2%2Fmedia&parent=1426"}],"wp:term":[{"taxonomy":"category","embeddable":true,"href":"https:\/\/preservons-la-nature.fr\/blog\/index.php?rest_route=%2Fwp%2Fv2%2Fcategories&post=1426"},{"taxonomy":"post_tag","embeddable":true,"href":"https:\/\/preservons-la-nature.fr\/blog\/index.php?rest_route=%2Fwp%2Fv2%2Ftags&post=1426"}],"curies":[{"name":"wp","href":"https:\/\/api.w.org\/{rel}","templated":true}]}}