{"id":1288,"date":"2013-06-23T17:14:49","date_gmt":"2013-06-23T17:14:49","guid":{"rendered":"https:\/\/www.preservons-la-nature.fr\/blog\/?p=1288"},"modified":"2013-06-23T19:35:03","modified_gmt":"2013-06-23T19:35:03","slug":"non-au-projet-oxylane-decathlon-a-saint-jean-de-braye","status":"publish","type":"post","link":"https:\/\/preservons-la-nature.fr\/blog\/?p=1288","title":{"rendered":"Non au projet Oxylane-D\u00e9cathlon \u00e0 Saint-Jean-de-Braye!"},"content":{"rendered":"<p>C&rsquo;est <strong>encore un projet de b\u00e9tonnage<\/strong> de champs et de bois auquel nous avons affaire, une id\u00e9e lumineuse de d\u00e9velopper une zone commerciale \u00e0 l&rsquo;est de Saint-Jean-de-Braye! <strong>Il existe pourtant des friches industrielles \u00e0 r\u00e9habiliter<\/strong> mais comme tout est question d&rsquo;argent, <strong>il co\u00fbte moins cher de sacrifier les quelques lambeaux de biodiversit\u00e9 qui peuvent encore exister<\/strong> dans l&rsquo;Agglom\u00e9ration orl\u00e9anaise.<br \/>\nLa mairie de Saint-Jean de Braye nous sort le couvert de la cr\u00e9ation d&#8217;emplois et d&rsquo;un site \u00e0 haute qualit\u00e9 environnementale. Voir <a href=\"http:\/\/www.saintjeandebraye.fr\/Acces-directs\/Actualites\/Archives-de-l-actualite\/Village-Oxylane-le-sport-au-service-de-l-emploi\" target=\"_blank\">ici<\/a>. C&rsquo;est pas moins de 240 emplois nouveaux annonc\u00e9s et une partie importante de zone bois\u00e9e sera conserv\u00e9e. On va m\u00eame y planter de nombreux arbres et des bosquets!<br \/>\nEn v\u00e9rit\u00e9, c&rsquo;est la <strong>perte de surfaces agricoles, des bois et des zones humides<\/strong> qui vont encore dispara\u00eetre au profit du b\u00e9ton et du bitume. Croyez-vous un instant que l&rsquo;implantation d&rsquo;un D\u00e9cathlon ne va pas impacter les autres magasins de l&rsquo;Agglom\u00e9ration? On cr\u00e9era des emplois ici et en on d\u00e9truira d&rsquo;autres\u00a0ailleurs. <strong>Bilan : on aura encore saccag\u00e9 une zone de tranquillit\u00e9, plus ou moins pr\u00e9serv\u00e9e pour rien<\/strong>.<\/p>\n<p>De nombreuses personnes se mobilisent contre ce projet et pourtant on tente de les marginaliser. Il s&rsquo;agit d&rsquo;une association qu&rsquo;on tente de\u00a0politiser pour faire passer ce projet : <strong>le Collectif pour un Site Pr\u00e9serv\u00e9 entre Loire et For\u00eat ( SPLF45 ).<\/strong> Vous trouverez de nombreuses informations sur leur site. Si vous \u00eates un amoureux de la Nature, <strong>n&rsquo;h\u00e9sitez pas \u00e0 signer la p\u00e9tition<\/strong> et \u00e0 entrer en contact avec <strong>cette association totalement apolitique<\/strong>. Voici leur site :<br \/>\n<a href=\"https:\/\/sites.google.com\/site\/splf45\/\" target=\"_blank\">https:\/\/sites.google.com\/site\/splf45\/<\/a><\/p>\n<p>Ce collectif organisait ce dimanche un rassemblement sur le futur site d&rsquo;implantation de D\u00e9cathlon. Voici quelques images de cet apr\u00e8s-midi :<\/p>\n<div id=\"attachment_1293\" style=\"width: 624px\" class=\"wp-caption aligncenter\"><a href=\"https:\/\/www.preservons-la-nature.fr\/blog\/wp-content\/uploads\/2013\/06\/DSC05053.jpg\"><img loading=\"lazy\" decoding=\"async\" aria-describedby=\"caption-attachment-1293\" class=\" wp-image-1293 \" alt=\"Une partie du rassemblement sur le futur site D\u00e9cathlon\" src=\"https:\/\/www.preservons-la-nature.fr\/blog\/wp-content\/uploads\/2013\/06\/DSC05053.jpg\" width=\"614\" height=\"410\" srcset=\"https:\/\/preservons-la-nature.fr\/blog\/wp-content\/uploads\/2013\/06\/DSC05053.jpg 1024w, https:\/\/preservons-la-nature.fr\/blog\/wp-content\/uploads\/2013\/06\/DSC05053-300x200.jpg 300w\" sizes=\"auto, (max-width: 614px) 100vw, 614px\" \/><\/a><p id=\"caption-attachment-1293\" class=\"wp-caption-text\">Une partie du rassemblement sur le futur site D\u00e9cathlon<\/p><\/div>\n<div id=\"attachment_1294\" style=\"width: 624px\" class=\"wp-caption aligncenter\"><a href=\"https:\/\/www.preservons-la-nature.fr\/blog\/wp-content\/uploads\/2013\/06\/DSC05054.jpg\"><img loading=\"lazy\" decoding=\"async\" aria-describedby=\"caption-attachment-1294\" class=\" wp-image-1294 \" alt=\"Dans une ambiance de f\u00eate, les banderoles \u00e9taient de sortie\" src=\"https:\/\/www.preservons-la-nature.fr\/blog\/wp-content\/uploads\/2013\/06\/DSC05054.jpg\" width=\"614\" height=\"410\" srcset=\"https:\/\/preservons-la-nature.fr\/blog\/wp-content\/uploads\/2013\/06\/DSC05054.jpg 1024w, https:\/\/preservons-la-nature.fr\/blog\/wp-content\/uploads\/2013\/06\/DSC05054-300x200.jpg 300w\" sizes=\"auto, (max-width: 614px) 100vw, 614px\" \/><\/a><p id=\"caption-attachment-1294\" class=\"wp-caption-text\">Dans une ambiance de f\u00eate, les banderoles \u00e9taient de sortie<\/p><\/div>\n<p>Un jeu g\u00e9ant a \u00e9t\u00e9 organis\u00e9 pour les enfants : un Monopoly de circonstance :<\/p>\n<div id=\"attachment_1291\" style=\"width: 624px\" class=\"wp-caption aligncenter\"><a href=\"https:\/\/www.preservons-la-nature.fr\/blog\/wp-content\/uploads\/2013\/06\/DSC05059.jpg\"><img loading=\"lazy\" decoding=\"async\" aria-describedby=\"caption-attachment-1291\" class=\" wp-image-1291 \" alt=\"Au jeu Monopoly - D\u00e9cathlon qui va retourner \u00e0 la case d\u00e9part sans toucher 20000?\" src=\"https:\/\/www.preservons-la-nature.fr\/blog\/wp-content\/uploads\/2013\/06\/DSC05059.jpg\" width=\"614\" height=\"410\" srcset=\"https:\/\/preservons-la-nature.fr\/blog\/wp-content\/uploads\/2013\/06\/DSC05059.jpg 1024w, https:\/\/preservons-la-nature.fr\/blog\/wp-content\/uploads\/2013\/06\/DSC05059-300x200.jpg 300w\" sizes=\"auto, (max-width: 614px) 100vw, 614px\" \/><\/a><p id=\"caption-attachment-1291\" class=\"wp-caption-text\">Au jeu Monopoly &#8211; D\u00e9cathlon qui va retourner \u00e0 la case d\u00e9part sans toucher 20000?<\/p><\/div>\n<div id=\"attachment_1290\" style=\"width: 624px\" class=\"wp-caption aligncenter\"><a href=\"https:\/\/www.preservons-la-nature.fr\/blog\/wp-content\/uploads\/2013\/06\/DSC05057.jpg\"><img loading=\"lazy\" decoding=\"async\" aria-describedby=\"caption-attachment-1290\" class=\" wp-image-1290\" title=\"Parking gratuit : 1000 places D\u00e9cathlon\" alt=\"Parking gratuit : 1000 places D\u00e9cathlon\" src=\"https:\/\/www.preservons-la-nature.fr\/blog\/wp-content\/uploads\/2013\/06\/DSC05057.jpg\" width=\"614\" height=\"410\" srcset=\"https:\/\/preservons-la-nature.fr\/blog\/wp-content\/uploads\/2013\/06\/DSC05057.jpg 1024w, https:\/\/preservons-la-nature.fr\/blog\/wp-content\/uploads\/2013\/06\/DSC05057-300x200.jpg 300w\" sizes=\"auto, (max-width: 614px) 100vw, 614px\" \/><\/a><p id=\"caption-attachment-1290\" class=\"wp-caption-text\">Parking gratuit : 1000 places D\u00e9cathlon<\/p><\/div>\n<div id=\"attachment_1289\" style=\"width: 624px\" class=\"wp-caption aligncenter\"><a href=\"https:\/\/www.preservons-la-nature.fr\/blog\/wp-content\/uploads\/2013\/06\/DSC05056.jpg\"><img loading=\"lazy\" decoding=\"async\" aria-describedby=\"caption-attachment-1289\" class=\" wp-image-1289\" title=\"Allez chez D\u00e9cathlon ou Kiabi...\" alt=\"Allez chez D\u00e9cathlon ou Kiabi...\" src=\"https:\/\/www.preservons-la-nature.fr\/blog\/wp-content\/uploads\/2013\/06\/DSC05056.jpg\" width=\"614\" height=\"410\" srcset=\"https:\/\/preservons-la-nature.fr\/blog\/wp-content\/uploads\/2013\/06\/DSC05056.jpg 1024w, https:\/\/preservons-la-nature.fr\/blog\/wp-content\/uploads\/2013\/06\/DSC05056-300x200.jpg 300w\" sizes=\"auto, (max-width: 614px) 100vw, 614px\" \/><\/a><p id=\"caption-attachment-1289\" class=\"wp-caption-text\">Allez chez D\u00e9cathlon ou Kiabi&#8230;<\/p><\/div>\n<p>L&rsquo;apr\u00e8s-midi se termina par une petite ballade sur le futur site \u00ab\u00a0f\u00e9\u00e9rique\u00a0\u00bb Oxylane-D\u00e9cathlon. Ce f\u00fbt l&rsquo;occasion pour moi de prendre quelques photos de plantes en sursis:<\/p>\n<div id=\"attachment_1292\" style=\"width: 488px\" class=\"wp-caption aligncenter\"><a href=\"https:\/\/www.preservons-la-nature.fr\/blog\/wp-content\/uploads\/2013\/06\/DSC05061.jpg\"><img loading=\"lazy\" decoding=\"async\" aria-describedby=\"caption-attachment-1292\" class=\" wp-image-1292 \" alt=\"Ophrys apifera (cette Ophrys abeille n'est-elle pas ravissante?\" src=\"https:\/\/www.preservons-la-nature.fr\/blog\/wp-content\/uploads\/2013\/06\/DSC05061.jpg\" width=\"478\" height=\"717\" srcset=\"https:\/\/preservons-la-nature.fr\/blog\/wp-content\/uploads\/2013\/06\/DSC05061.jpg 683w, https:\/\/preservons-la-nature.fr\/blog\/wp-content\/uploads\/2013\/06\/DSC05061-200x300.jpg 200w\" sizes=\"auto, (max-width: 478px) 100vw, 478px\" \/><\/a><p id=\"caption-attachment-1292\" class=\"wp-caption-text\">Ophrys apifera (cette Ophrys abeille n&rsquo;est-elle pas ravissante?<\/p><\/div>\n<div id=\"attachment_1296\" style=\"width: 488px\" class=\"wp-caption aligncenter\"><a href=\"https:\/\/www.preservons-la-nature.fr\/blog\/wp-content\/uploads\/2013\/06\/DSC3920.jpg\"><img loading=\"lazy\" decoding=\"async\" aria-describedby=\"caption-attachment-1296\" class=\" wp-image-1296   \" alt=\"Aristolochia clematitis (Esp\u00e8ce patrimoniale du val de Loire)\" src=\"https:\/\/www.preservons-la-nature.fr\/blog\/wp-content\/uploads\/2013\/06\/DSC3920.jpg\" width=\"478\" height=\"717\" srcset=\"https:\/\/preservons-la-nature.fr\/blog\/wp-content\/uploads\/2013\/06\/DSC3920.jpg 683w, https:\/\/preservons-la-nature.fr\/blog\/wp-content\/uploads\/2013\/06\/DSC3920-200x300.jpg 200w\" sizes=\"auto, (max-width: 478px) 100vw, 478px\" \/><\/a><p id=\"caption-attachment-1296\" class=\"wp-caption-text\">Aristolochia clematitis (Esp\u00e8ce patrimoniale du val de Loire)<\/p><\/div>\n","protected":false},"excerpt":{"rendered":"<p>C&rsquo;est encore un projet de b\u00e9tonnage de champs et de bois auquel nous avons affaire, une id\u00e9e lumineuse de d\u00e9velopper une zone commerciale \u00e0 l&rsquo;est de Saint-Jean-de-Braye! Il existe pourtant des friches industrielles \u00e0 r\u00e9habiliter mais comme tout est question &hellip; <a href=\"https:\/\/preservons-la-nature.fr\/blog\/?p=1288\">Continuer la lecture <span class=\"meta-nav\">&rarr;<\/span><\/a><\/p>\n","protected":false},"author":1,"featured_media":0,"comment_status":"open","ping_status":"open","sticky":false,"template":"","format":"standard","meta":{"footnotes":""},"categories":[14],"tags":[91],"class_list":["post-1288","post","type-post","status-publish","format-standard","hentry","category-ecoresistance","tag-saint-jean-de-braye"],"_links":{"self":[{"href":"https:\/\/preservons-la-nature.fr\/blog\/index.php?rest_route=\/wp\/v2\/posts\/1288","targetHints":{"allow":["GET"]}}],"collection":[{"href":"https:\/\/preservons-la-nature.fr\/blog\/index.php?rest_route=\/wp\/v2\/posts"}],"about":[{"href":"https:\/\/preservons-la-nature.fr\/blog\/index.php?rest_route=\/wp\/v2\/types\/post"}],"author":[{"embeddable":true,"href":"https:\/\/preservons-la-nature.fr\/blog\/index.php?rest_route=\/wp\/v2\/users\/1"}],"replies":[{"embeddable":true,"href":"https:\/\/preservons-la-nature.fr\/blog\/index.php?rest_route=%2Fwp%2Fv2%2Fcomments&post=1288"}],"version-history":[{"count":7,"href":"https:\/\/preservons-la-nature.fr\/blog\/index.php?rest_route=\/wp\/v2\/posts\/1288\/revisions"}],"predecessor-version":[{"id":1299,"href":"https:\/\/preservons-la-nature.fr\/blog\/index.php?rest_route=\/wp\/v2\/posts\/1288\/revisions\/1299"}],"wp:attachment":[{"href":"https:\/\/preservons-la-nature.fr\/blog\/index.php?rest_route=%2Fwp%2Fv2%2Fmedia&parent=1288"}],"wp:term":[{"taxonomy":"category","embeddable":true,"href":"https:\/\/preservons-la-nature.fr\/blog\/index.php?rest_route=%2Fwp%2Fv2%2Fcategories&post=1288"},{"taxonomy":"post_tag","embeddable":true,"href":"https:\/\/preservons-la-nature.fr\/blog\/index.php?rest_route=%2Fwp%2Fv2%2Ftags&post=1288"}],"curies":[{"name":"wp","href":"https:\/\/api.w.org\/{rel}","templated":true}]}}