{"id":125,"date":"2011-03-06T12:16:17","date_gmt":"2011-03-06T12:16:17","guid":{"rendered":"https:\/\/www.preservons-la-nature.fr\/blog\/?p=125"},"modified":"2014-02-27T13:52:46","modified_gmt":"2014-02-27T12:52:46","slug":"pollution-en-loire-suite","status":"publish","type":"post","link":"https:\/\/preservons-la-nature.fr\/blog\/?p=125","title":{"rendered":"Pollution en Loire (suite)"},"content":{"rendered":"<p>Retrouvez l&rsquo;historique complet de nos articles concernant les rejets d&rsquo;eaux us\u00e9es en Loire : <a href=\"https:\/\/www.preservons-la-nature.fr\/blog\/?tag=pollution\">ICI<\/a><\/p>\n<p style=\"text-align: left;\">Faisant suite \u00e0 <a href=\" https:\/\/www.preservons-la-nature.fr\/blog\/?p=108\"><strong>l&rsquo;article du 1er mars<\/strong> <\/a>faisant \u00e9tat d&rsquo;une pollution en Loire, j&rsquo;ai r\u00e9alis\u00e9 un relev\u00e9 photographique de d\u00e9chets cibl\u00e9 sur le bord de Loire. Je me suis attach\u00e9 \u00e0 ne prendre en photo que les <strong>lingettes, les serviettes hygi\u00e8niques, les pr\u00e9servatifs<\/strong>, bref tout \u00e9l\u00e9ment pouvant provenir des toilettes. Il ne faut en effet pas \u00eatre \u00e9tonn\u00e9 de la pr\u00e9sence de ces d\u00e9chets dans les toilettes : une partie de la population ignore et se moque des cons\u00e9quences du rejet de ces d\u00e9chets dans leurs WC. D&rsquo;ailleurs, <strong>dans les stations d&rsquo;\u00e9puration, les lingettes sont un vrai fl\u00e9au<\/strong>!<\/p>\n<p>J&rsquo;ai donc r\u00e9alis\u00e9 lors d&rsquo;une ballade de 70 minutes, 169 photos, soit <strong>une photo toutes les 24 secondes<\/strong>! C&rsquo;est dire l&rsquo;ampleur du d\u00e9sastre. Et comme je me doute que l&rsquo;on puisse \u00eatre dubitatif de la r\u00e9alit\u00e9\u00a0de la catastrophe, j&rsquo;ai conserv\u00e9 et indiqu\u00e9 les horaires de chaque photo, de la plus r\u00e9cente \u00e0 la plus ancienne. Sur la galerie suivante, il vous suffit de cliquer sur la premi\u00e8re photo et de suivre les prises une \u00e0 une en cliquant sur le lien \u00ab\u00a0suivant\u00a0\u00bb.<\/p>\n<p>Voici donc la galerie : <a href=\"https:\/\/www.preservons-la-nature.fr\/contemplons\/detritus\/pollutionLoire\/\"><strong>Lingettes, serviettes, pr\u00e9servatifs en 1h10 de promenade<\/strong><\/a><br \/>\n(ps: l&rsquo;ordre des photos est chronologiquement invers\u00e9. L&rsquo;horaire est indiqu\u00e9 sous chaque photo)<\/p>\n<p>Il semble que nous ayons d\u00e9termin\u00e9 <strong>l&rsquo;origine de cette pollution<\/strong>. <strong>Une sortie d&rsquo;\u00e9vacuation d&rsquo;eaux pluviales d&rsquo;Orl\u00e9ans<\/strong>\u00a0d\u00e9verseraient ces d\u00e9chets dans la Loire en face du 14 quai Madeleine, quasiment en face de la rue du Commandant Poli. Voici la localisation exacte :<\/p>\n<p style=\"text-align: center;\"><a href=\"https:\/\/www.preservons-la-nature.fr\/blog\/wp-content\/uploads\/2011\/03\/localisation.jpg\"><img loading=\"lazy\" decoding=\"async\" class=\"aligncenter size-full wp-image-130\" title=\"localisation\" alt=\"\" src=\"https:\/\/www.preservons-la-nature.fr\/blog\/wp-content\/uploads\/2011\/03\/localisation.jpg\" width=\"638\" height=\"445\" srcset=\"https:\/\/preservons-la-nature.fr\/blog\/wp-content\/uploads\/2011\/03\/localisation.jpg 911w, https:\/\/preservons-la-nature.fr\/blog\/wp-content\/uploads\/2011\/03\/localisation-300x209.jpg 300w\" sizes=\"auto, (max-width: 638px) 100vw, 638px\" \/><\/a><\/p>\n<p>ou encore :<\/p>\n<p style=\"text-align: center;\"><a href=\"https:\/\/www.preservons-la-nature.fr\/blog\/wp-content\/uploads\/2011\/03\/localisationGoogleMap.jpg\"><img loading=\"lazy\" decoding=\"async\" class=\"aligncenter size-full wp-image-131\" title=\"localisationGoogleMap\" alt=\"\" src=\"https:\/\/www.preservons-la-nature.fr\/blog\/wp-content\/uploads\/2011\/03\/localisationGoogleMap.jpg\" width=\"573\" height=\"398\" srcset=\"https:\/\/preservons-la-nature.fr\/blog\/wp-content\/uploads\/2011\/03\/localisationGoogleMap.jpg 818w, https:\/\/preservons-la-nature.fr\/blog\/wp-content\/uploads\/2011\/03\/localisationGoogleMap-300x208.jpg 300w\" sizes=\"auto, (max-width: 573px) 100vw, 573px\" \/><\/a><\/p>\n<p>A titre de comparaison, voici une photo de la v\u00e9g\u00e9tation en amont de la zone d&rsquo;\u00e9vacuation des eaux pluviales. La v\u00e9g\u00e9tation ne comporte pas de lingettes comme vous pouvez le constater :<\/p>\n<p style=\"text-align: center;\"><a href=\"https:\/\/www.preservons-la-nature.fr\/blog\/wp-content\/uploads\/2011\/03\/01zoneamont.jpg\"><img loading=\"lazy\" decoding=\"async\" class=\"aligncenter size-full wp-image-134\" title=\"01zoneamont\" alt=\"\" src=\"https:\/\/www.preservons-la-nature.fr\/blog\/wp-content\/uploads\/2011\/03\/01zoneamont.jpg\" width=\"423\" height=\"635\" srcset=\"https:\/\/preservons-la-nature.fr\/blog\/wp-content\/uploads\/2011\/03\/01zoneamont.jpg 470w, https:\/\/preservons-la-nature.fr\/blog\/wp-content\/uploads\/2011\/03\/01zoneamont-200x300.jpg 200w\" sizes=\"auto, (max-width: 423px) 100vw, 423px\" \/><\/a><\/p>\n<p>En aval, voici quelques photos qui se passent de commentaires :<\/p>\n<p style=\"text-align: center;\"><a href=\"https:\/\/www.preservons-la-nature.fr\/blog\/wp-content\/uploads\/2011\/03\/03zoneAval1.jpg\"><img loading=\"lazy\" decoding=\"async\" class=\"aligncenter size-full wp-image-135\" title=\"03zoneAval1\" alt=\"\" src=\"https:\/\/www.preservons-la-nature.fr\/blog\/wp-content\/uploads\/2011\/03\/03zoneAval1.jpg\" width=\"638\" height=\"425\" srcset=\"https:\/\/preservons-la-nature.fr\/blog\/wp-content\/uploads\/2011\/03\/03zoneAval1.jpg 1064w, https:\/\/preservons-la-nature.fr\/blog\/wp-content\/uploads\/2011\/03\/03zoneAval1-300x199.jpg 300w, https:\/\/preservons-la-nature.fr\/blog\/wp-content\/uploads\/2011\/03\/03zoneAval1-1024x682.jpg 1024w\" sizes=\"auto, (max-width: 638px) 100vw, 638px\" \/><\/a><\/p>\n<p style=\"text-align: center;\"><a href=\"https:\/\/www.preservons-la-nature.fr\/blog\/wp-content\/uploads\/2011\/03\/04zoneaval.jpg\"><img loading=\"lazy\" decoding=\"async\" class=\"aligncenter size-full wp-image-136\" title=\"04zoneaval\" alt=\"\" src=\"https:\/\/www.preservons-la-nature.fr\/blog\/wp-content\/uploads\/2011\/03\/04zoneaval.jpg\" width=\"638\" height=\"424\" srcset=\"https:\/\/preservons-la-nature.fr\/blog\/wp-content\/uploads\/2011\/03\/04zoneaval.jpg 1063w, https:\/\/preservons-la-nature.fr\/blog\/wp-content\/uploads\/2011\/03\/04zoneaval-300x199.jpg 300w, https:\/\/preservons-la-nature.fr\/blog\/wp-content\/uploads\/2011\/03\/04zoneaval-1024x680.jpg 1024w\" sizes=\"auto, (max-width: 638px) 100vw, 638px\" \/><\/a><\/p>\n<p>Apr\u00e8s ces photos, nous ne pouvons <strong>exprimer que d\u00e9go\u00fbt et incompr\u00e9hension<\/strong>. Voici des photos de l&rsquo;\u00e9vacuation d&rsquo;eaux pluviales :<\/p>\n<p style=\"text-align: center;\">\n<p style=\"text-align: center;\"><a href=\"https:\/\/www.preservons-la-nature.fr\/blog\/wp-content\/uploads\/2011\/03\/02zoneEvacuationEauxPluviales.jpg\"><img loading=\"lazy\" decoding=\"async\" class=\"aligncenter size-full wp-image-138\" title=\"02zoneEvacuationEauxPluviales\" alt=\"\" src=\"https:\/\/www.preservons-la-nature.fr\/blog\/wp-content\/uploads\/2011\/03\/02zoneEvacuationEauxPluviales.jpg\" width=\"639\" height=\"425\" srcset=\"https:\/\/preservons-la-nature.fr\/blog\/wp-content\/uploads\/2011\/03\/02zoneEvacuationEauxPluviales.jpg 1065w, https:\/\/preservons-la-nature.fr\/blog\/wp-content\/uploads\/2011\/03\/02zoneEvacuationEauxPluviales-300x199.jpg 300w, https:\/\/preservons-la-nature.fr\/blog\/wp-content\/uploads\/2011\/03\/02zoneEvacuationEauxPluviales-1024x680.jpg 1024w\" sizes=\"auto, (max-width: 639px) 100vw, 639px\" \/><\/a><\/p>\n<p style=\"text-align: center;\"><a href=\"https:\/\/www.preservons-la-nature.fr\/blog\/wp-content\/uploads\/2011\/03\/02zoneEvacuationEauxPluviales12.jpg\"><img loading=\"lazy\" decoding=\"async\" class=\"size-full wp-image-142 aligncenter\" title=\"02zoneEvacuationEauxPluviales1\" alt=\"\" src=\"https:\/\/www.preservons-la-nature.fr\/blog\/wp-content\/uploads\/2011\/03\/02zoneEvacuationEauxPluviales12.jpg\" width=\"376\" height=\"566\" srcset=\"https:\/\/preservons-la-nature.fr\/blog\/wp-content\/uploads\/2011\/03\/02zoneEvacuationEauxPluviales12.jpg 470w, https:\/\/preservons-la-nature.fr\/blog\/wp-content\/uploads\/2011\/03\/02zoneEvacuationEauxPluviales12-199x300.jpg 199w\" sizes=\"auto, (max-width: 376px) 100vw, 376px\" \/><\/a><\/p>\n<p>Ayant retrouv\u00e9 des lingettes, serviettes hygi\u00e8niques, pr\u00e9servatifs en aval \u00e0 <strong>Saint-Jean-de-la-Ruelle<\/strong>, j&rsquo;ai voulu savoir si cette pollution touchait <strong>la R\u00e9serve Naturelle de Saint-Mesmin<\/strong>. Et malheureusement, en Loire, une pollution ne peut rester locale. J&rsquo;ai retrouv\u00e9 de nombreuses lingettes dans la commune de <strong>Chaingy dans la R\u00e9serve Naturelle<\/strong>, toutefois dans des proportions moins importantes qu&rsquo;\u00e0 <strong>Orl\u00e9ans<\/strong> et <strong>Saint-Jean-de-la-Ruelle<\/strong> en aval de l&rsquo;\u00e9vacuation d&rsquo;eaux pluviales.<\/p>\n","protected":false},"excerpt":{"rendered":"<p>Retrouvez l&rsquo;historique complet de nos articles concernant les rejets d&rsquo;eaux us\u00e9es en Loire : ICI Faisant suite \u00e0 l&rsquo;article du 1er mars faisant \u00e9tat d&rsquo;une pollution en Loire, j&rsquo;ai r\u00e9alis\u00e9 un relev\u00e9 photographique de d\u00e9chets cibl\u00e9 sur le bord de &hellip; <a href=\"https:\/\/preservons-la-nature.fr\/blog\/?p=125\">Continuer la lecture <span class=\"meta-nav\">&rarr;<\/span><\/a><\/p>\n","protected":false},"author":1,"featured_media":0,"comment_status":"open","ping_status":"open","sticky":false,"template":"","format":"standard","meta":{"footnotes":""},"categories":[93,3],"tags":[7,24,13],"class_list":["post-125","post","type-post","status-publish","format-standard","hentry","category-dossier-eaux-usees-a-orleans","category-laloire","tag-loire","tag-orleans","tag-pollution"],"_links":{"self":[{"href":"https:\/\/preservons-la-nature.fr\/blog\/index.php?rest_route=\/wp\/v2\/posts\/125","targetHints":{"allow":["GET"]}}],"collection":[{"href":"https:\/\/preservons-la-nature.fr\/blog\/index.php?rest_route=\/wp\/v2\/posts"}],"about":[{"href":"https:\/\/preservons-la-nature.fr\/blog\/index.php?rest_route=\/wp\/v2\/types\/post"}],"author":[{"embeddable":true,"href":"https:\/\/preservons-la-nature.fr\/blog\/index.php?rest_route=\/wp\/v2\/users\/1"}],"replies":[{"embeddable":true,"href":"https:\/\/preservons-la-nature.fr\/blog\/index.php?rest_route=%2Fwp%2Fv2%2Fcomments&post=125"}],"version-history":[{"count":20,"href":"https:\/\/preservons-la-nature.fr\/blog\/index.php?rest_route=\/wp\/v2\/posts\/125\/revisions"}],"predecessor-version":[{"id":2525,"href":"https:\/\/preservons-la-nature.fr\/blog\/index.php?rest_route=\/wp\/v2\/posts\/125\/revisions\/2525"}],"wp:attachment":[{"href":"https:\/\/preservons-la-nature.fr\/blog\/index.php?rest_route=%2Fwp%2Fv2%2Fmedia&parent=125"}],"wp:term":[{"taxonomy":"category","embeddable":true,"href":"https:\/\/preservons-la-nature.fr\/blog\/index.php?rest_route=%2Fwp%2Fv2%2Fcategories&post=125"},{"taxonomy":"post_tag","embeddable":true,"href":"https:\/\/preservons-la-nature.fr\/blog\/index.php?rest_route=%2Fwp%2Fv2%2Ftags&post=125"}],"curies":[{"name":"wp","href":"https:\/\/api.w.org\/{rel}","templated":true}]}}