{"id":1065,"date":"2012-09-11T12:08:47","date_gmt":"2012-09-11T12:08:47","guid":{"rendered":"https:\/\/www.preservons-la-nature.fr\/blog\/?p=1065"},"modified":"2014-02-27T13:48:08","modified_gmt":"2014-02-27T12:48:08","slug":"orleans-et-son-agglomeration-le-moyen-age-encore-present","status":"publish","type":"post","link":"https:\/\/preservons-la-nature.fr\/blog\/?p=1065","title":{"rendered":"Orl\u00e9ans et son agglom\u00e9ration : le Moyen-Age encore pr\u00e9sent"},"content":{"rendered":"<p>Le touriste de passage ne peut que s&rsquo;\u00e9crier \u00ab\u00a0Quelle belle cit\u00e9\u00a0\u00bb! Le vacancier passant une quinzaine de jours pourra s&rsquo;apercevoir qu&rsquo;Orl\u00e9ans pr\u00e9sente plusieurs visages.<\/p>\n<div id=\"attachment_1066\" style=\"width: 370px\" class=\"wp-caption aligncenter\"><a href=\"https:\/\/www.preservons-la-nature.fr\/blog\/?attachment_id=1066\" rel=\"attachment wp-att-1066\"><img loading=\"lazy\" decoding=\"async\" aria-describedby=\"caption-attachment-1066\" class=\"size-full wp-image-1066 \" title=\"La magnifique cath\u00e9drale\" alt=\"La magnifique cath\u00e9drale\" src=\"https:\/\/www.preservons-la-nature.fr\/blog\/wp-content\/uploads\/2012\/09\/DSC9981.jpg\" width=\"360\" height=\"540\" srcset=\"https:\/\/preservons-la-nature.fr\/blog\/wp-content\/uploads\/2012\/09\/DSC9981.jpg 600w, https:\/\/preservons-la-nature.fr\/blog\/wp-content\/uploads\/2012\/09\/DSC9981-200x300.jpg 200w\" sizes=\"auto, (max-width: 360px) 100vw, 360px\" \/><\/a><p id=\"caption-attachment-1066\" class=\"wp-caption-text\">La magnifique cath\u00e9drale<\/p><\/div>\n<div id=\"attachment_1067\" style=\"width: 370px\" class=\"wp-caption aligncenter\"><a href=\"https:\/\/www.preservons-la-nature.fr\/blog\/?attachment_id=1067\" rel=\"attachment wp-att-1067\"><img loading=\"lazy\" decoding=\"async\" aria-describedby=\"caption-attachment-1067\" class=\"size-full wp-image-1067 \" title=\"Son tramway flambant neuf\" alt=\"Son tramway flambant neuf\" src=\"https:\/\/www.preservons-la-nature.fr\/blog\/wp-content\/uploads\/2012\/09\/DSC9997.jpg\" width=\"360\" height=\"540\" srcset=\"https:\/\/preservons-la-nature.fr\/blog\/wp-content\/uploads\/2012\/09\/DSC9997.jpg 600w, https:\/\/preservons-la-nature.fr\/blog\/wp-content\/uploads\/2012\/09\/DSC9997-200x300.jpg 200w\" sizes=\"auto, (max-width: 360px) 100vw, 360px\" \/><\/a><p id=\"caption-attachment-1067\" class=\"wp-caption-text\">Son tramway flambant neuf<\/p><\/div>\n<div id=\"attachment_1068\" style=\"width: 370px\" class=\"wp-caption aligncenter\"><a href=\"https:\/\/www.preservons-la-nature.fr\/blog\/?attachment_id=1068\" rel=\"attachment wp-att-1068\"><img loading=\"lazy\" decoding=\"async\" aria-describedby=\"caption-attachment-1068\" class=\"size-full wp-image-1068 \" title=\"Une rue Jeanne d'arc compl\u00e8tement refa\u00eete\" alt=\"Une rue Jeanne d'arc compl\u00e8tement refa\u00eete\" src=\"https:\/\/www.preservons-la-nature.fr\/blog\/wp-content\/uploads\/2012\/09\/DSC7762.jpg\" width=\"360\" height=\"540\" srcset=\"https:\/\/preservons-la-nature.fr\/blog\/wp-content\/uploads\/2012\/09\/DSC7762.jpg 600w, https:\/\/preservons-la-nature.fr\/blog\/wp-content\/uploads\/2012\/09\/DSC7762-200x300.jpg 200w\" sizes=\"auto, (max-width: 360px) 100vw, 360px\" \/><\/a><p id=\"caption-attachment-1068\" class=\"wp-caption-text\">Une rue Jeanne d&rsquo;arc compl\u00e8tement refa\u00eete<\/p><\/div>\n<div id=\"attachment_1069\" style=\"width: 550px\" class=\"wp-caption aligncenter\"><a href=\"https:\/\/www.preservons-la-nature.fr\/blog\/?attachment_id=1069\" rel=\"attachment wp-att-1069\"><img loading=\"lazy\" decoding=\"async\" aria-describedby=\"caption-attachment-1069\" class=\"size-full wp-image-1069 \" title=\"Un splendide pont de l'Europe en restauration\" alt=\"Un splendide pont de l'Europe en restauration\" src=\"https:\/\/www.preservons-la-nature.fr\/blog\/wp-content\/uploads\/2012\/09\/DSC9969.jpg\" width=\"540\" height=\"360\" srcset=\"https:\/\/preservons-la-nature.fr\/blog\/wp-content\/uploads\/2012\/09\/DSC9969.jpg 900w, https:\/\/preservons-la-nature.fr\/blog\/wp-content\/uploads\/2012\/09\/DSC9969-300x200.jpg 300w\" sizes=\"auto, (max-width: 540px) 100vw, 540px\" \/><\/a><p id=\"caption-attachment-1069\" class=\"wp-caption-text\">Un splendide pont de l&rsquo;Europe en restauration<\/p><\/div>\n<p>Si on peut f\u00e9liciter les \u00e9lus pour la mise en valeur du centre d&rsquo;Orl\u00e9ans, pour le nouveau tramway, certains dossiers comme l&rsquo;assainissement sont d\u00e9laiss\u00e9s. Dans ce domaine, la cit\u00e9 nous rappelle le Moyen-Age :<br \/>\nA quelques pas, sur le quai madeleine se joue un drame quotidien : le d\u00e9versement des eaux us\u00e9es en Loire alors qu&rsquo;il n&rsquo;y a pas eu pluie en ao\u00fbt :<\/p>\n<div id=\"attachment_1070\" style=\"width: 550px\" class=\"wp-caption aligncenter\"><a href=\"https:\/\/www.preservons-la-nature.fr\/blog\/?attachment_id=1070\" rel=\"attachment wp-att-1070\"><img loading=\"lazy\" decoding=\"async\" aria-describedby=\"caption-attachment-1070\" class=\"size-full wp-image-1070 \" title=\"Les eaux us\u00e9es sont rejet\u00e9es en Loire (quai madeleine)\" alt=\"Les eaux us\u00e9es sont rejet\u00e9es en Loire (quai madeleine)\" src=\"https:\/\/www.preservons-la-nature.fr\/blog\/wp-content\/uploads\/2012\/09\/DSC9973.jpg\" width=\"540\" height=\"360\" srcset=\"https:\/\/preservons-la-nature.fr\/blog\/wp-content\/uploads\/2012\/09\/DSC9973.jpg 900w, https:\/\/preservons-la-nature.fr\/blog\/wp-content\/uploads\/2012\/09\/DSC9973-300x200.jpg 300w\" sizes=\"auto, (max-width: 540px) 100vw, 540px\" \/><\/a><p id=\"caption-attachment-1070\" class=\"wp-caption-text\">Les eaux us\u00e9es sont rejet\u00e9es en Loire (quai madeleine)<\/p><\/div>\n<p>La rive Sud, en face de l&rsquo;\u00eele Arrault, pas tr\u00e8s loin de la nouvelle station d&rsquo;\u00e9puration qui a co\u00fbt\u00e9 tant, se d\u00e9verse en Loire des tapis de lingettes et de papiers toilettes :<\/p>\n<div id=\"attachment_1071\" style=\"width: 550px\" class=\"wp-caption aligncenter\"><a href=\"https:\/\/www.preservons-la-nature.fr\/blog\/?attachment_id=1071\" rel=\"attachment wp-att-1071\"><img loading=\"lazy\" decoding=\"async\" aria-describedby=\"caption-attachment-1071\" class=\"size-full wp-image-1071 \" title=\"Tapis de papiers toilettes flottant sur la Loire\" alt=\"Tapis de papiers toilettes flottant sur la Loire\" src=\"https:\/\/www.preservons-la-nature.fr\/blog\/wp-content\/uploads\/2012\/09\/DSC0040.jpg\" width=\"540\" height=\"360\" srcset=\"https:\/\/preservons-la-nature.fr\/blog\/wp-content\/uploads\/2012\/09\/DSC0040.jpg 900w, https:\/\/preservons-la-nature.fr\/blog\/wp-content\/uploads\/2012\/09\/DSC0040-300x200.jpg 300w\" sizes=\"auto, (max-width: 540px) 100vw, 540px\" \/><\/a><p id=\"caption-attachment-1071\" class=\"wp-caption-text\">Tapis de papiers toilettes flottant sur la Loire<\/p><\/div>\n<p>Non il ne s&rsquo;agit pas de vase mais bien d&rsquo;un lit de papiers toilettes et de lingettes, c&rsquo;est encore plus visible sur la prochaine photo o\u00f9 je tente de soulever le tapis flottant avec un gros b\u00e2ton :<\/p>\n<div id=\"attachment_1072\" style=\"width: 910px\" class=\"wp-caption aligncenter\"><a href=\"https:\/\/www.preservons-la-nature.fr\/blog\/?attachment_id=1072\" rel=\"attachment wp-att-1072\"><img loading=\"lazy\" decoding=\"async\" aria-describedby=\"caption-attachment-1072\" class=\"size-full wp-image-1072\" title=\"Vous ne r\u00eavez pas, la Loire est une station d'\u00e9puration !\" alt=\"Vous ne r\u00eavez pas, la Loire est une station d'\u00e9puration !\" src=\"https:\/\/www.preservons-la-nature.fr\/blog\/wp-content\/uploads\/2012\/09\/DSC0041.jpg\" width=\"900\" height=\"600\" srcset=\"https:\/\/preservons-la-nature.fr\/blog\/wp-content\/uploads\/2012\/09\/DSC0041.jpg 900w, https:\/\/preservons-la-nature.fr\/blog\/wp-content\/uploads\/2012\/09\/DSC0041-300x200.jpg 300w\" sizes=\"auto, (max-width: 900px) 100vw, 900px\" \/><\/a><p id=\"caption-attachment-1072\" class=\"wp-caption-text\">Vous ne r\u00eavez pas, la Loire est une station d&rsquo;\u00e9puration !<\/p><\/div>\n<p>Mais ce n&rsquo;est pas fini! Allons faire un tour du c\u00f4t\u00e9 du bassin d&rsquo;orage de la Chilesse qui aura co\u00fbt\u00e9 plusieurs millions d&rsquo;euros. L&rsquo;ann\u00e9e derni\u00e8re apr\u00e8s l&rsquo;ach\u00e8vement de cet ouvrage, un \u00e9gout s&rsquo;\u00e9tait soulev\u00e9 sur le c\u00f4t\u00e9 ouest de l&rsquo;ouvrage. Un gros coffrage de b\u00e9ton a \u00e9t\u00e9 r\u00e9alis\u00e9 afin que les eaux us\u00e9es ne s&rsquo;\u00e9vacuent plus par cette bouche. On a donc arrang\u00e9 le c\u00f4t\u00e9 visible de la d\u00e9ficience de l&rsquo;ouvrage. Car une bouche d&rsquo;\u00e9go\u00fbt sur la partie Sud vient \u00e9galement de s&rsquo;ouvrir alors que de gros \u00e9crous \u00e9taient viss\u00e9s (voir les photos). La canalisation se trouve dans la v\u00e9g\u00e9tation haute du bord de Loire. A nouveau, la v\u00e9g\u00e9tation a \u00e9t\u00e9 couch\u00e9e par le d\u00e9versement de lingettes. D\u00e9j\u00e0 en mars, une association de chasseur \u0153uvrant pour le nettoyage des bords de Loire, avait not\u00e9 le ph\u00e9nom\u00e8ne : \u00ab\u00a0C&rsquo;est comme si on avait d\u00e9vers\u00e9 un camion entier de lingettes\u00a0\u00bb. La cause est maintenant connue :<\/p>\n<div id=\"attachment_1073\" style=\"width: 550px\" class=\"wp-caption aligncenter\"><a href=\"https:\/\/www.preservons-la-nature.fr\/blog\/?attachment_id=1073\" rel=\"attachment wp-att-1073\"><img loading=\"lazy\" decoding=\"async\" aria-describedby=\"caption-attachment-1073\" class=\"size-full wp-image-1073 \" title=\"Bouche d'\u00e9go\u00fbt arrach\u00e9e par la pression des eaux us\u00e9es !\" alt=\"Bouche d'\u00e9go\u00fbt arrach\u00e9e par la pression des eaux us\u00e9es !\" src=\"https:\/\/www.preservons-la-nature.fr\/blog\/wp-content\/uploads\/2012\/09\/DSC0016.jpg\" width=\"540\" height=\"360\" srcset=\"https:\/\/preservons-la-nature.fr\/blog\/wp-content\/uploads\/2012\/09\/DSC0016.jpg 900w, https:\/\/preservons-la-nature.fr\/blog\/wp-content\/uploads\/2012\/09\/DSC0016-300x200.jpg 300w\" sizes=\"auto, (max-width: 540px) 100vw, 540px\" \/><\/a><p id=\"caption-attachment-1073\" class=\"wp-caption-text\">Bouche d&rsquo;\u00e9go\u00fbt arrach\u00e9e par la pression des eaux us\u00e9es !<\/p><\/div>\n<p>Voici la taille de l&rsquo;\u00e9crou pour juger de la force des eaux us\u00e9es :<\/p>\n<div id=\"attachment_1074\" style=\"width: 550px\" class=\"wp-caption aligncenter\"><a href=\"https:\/\/www.preservons-la-nature.fr\/blog\/?attachment_id=1074\" rel=\"attachment wp-att-1074\"><img loading=\"lazy\" decoding=\"async\" aria-describedby=\"caption-attachment-1074\" class=\"size-full wp-image-1074 \" title=\"Couvercle arrach\u00e9e par la force des eaux us\u00e9es\" alt=\"Couvercle arrach\u00e9e par la force des eaux us\u00e9es\" src=\"https:\/\/www.preservons-la-nature.fr\/blog\/wp-content\/uploads\/2012\/09\/DSC0021.jpg\" width=\"540\" height=\"360\" srcset=\"https:\/\/preservons-la-nature.fr\/blog\/wp-content\/uploads\/2012\/09\/DSC0021.jpg 900w, https:\/\/preservons-la-nature.fr\/blog\/wp-content\/uploads\/2012\/09\/DSC0021-300x200.jpg 300w\" sizes=\"auto, (max-width: 540px) 100vw, 540px\" \/><\/a><p id=\"caption-attachment-1074\" class=\"wp-caption-text\">Couvercle arrach\u00e9e par la force des eaux us\u00e9es<\/p><\/div>\n<p>Et voici ce que l&rsquo;on observe \u00e0 l&rsquo;int\u00e9rieur : un rejet continue d&rsquo;eaux us\u00e9es :<\/p>\n<div id=\"attachment_1075\" style=\"width: 550px\" class=\"wp-caption aligncenter\"><a href=\"https:\/\/www.preservons-la-nature.fr\/blog\/?attachment_id=1075\" rel=\"attachment wp-att-1075\"><img loading=\"lazy\" decoding=\"async\" aria-describedby=\"caption-attachment-1075\" class=\"size-full wp-image-1075 \" title=\"Un flot \u00e9norme d'eaux us\u00e9es circule m\u00eame en pleine canicule\" alt=\"Un flot \u00e9norme d'eaux us\u00e9es circule m\u00eame en pleine canicule\" src=\"https:\/\/www.preservons-la-nature.fr\/blog\/wp-content\/uploads\/2012\/09\/DSC0019.jpg\" width=\"540\" height=\"360\" srcset=\"https:\/\/preservons-la-nature.fr\/blog\/wp-content\/uploads\/2012\/09\/DSC0019.jpg 900w, https:\/\/preservons-la-nature.fr\/blog\/wp-content\/uploads\/2012\/09\/DSC0019-300x200.jpg 300w\" sizes=\"auto, (max-width: 540px) 100vw, 540px\" \/><\/a><p id=\"caption-attachment-1075\" class=\"wp-caption-text\">Un flot \u00e9norme d&rsquo;eaux us\u00e9es circule m\u00eame en pleine canicule<\/p><\/div>\n<p>Veuillez notez que la bouche d\u2019\u00e9gout se trouve en dessous du niveau de la Loire !!<\/p>\n<div id=\"attachment_1076\" style=\"width: 550px\" class=\"wp-caption aligncenter\"><a href=\"https:\/\/www.preservons-la-nature.fr\/blog\/?attachment_id=1076\" rel=\"attachment wp-att-1076\"><img loading=\"lazy\" decoding=\"async\" aria-describedby=\"caption-attachment-1076\" class=\"size-full wp-image-1076 \" title=\"L'\u00e9gout se trouve sous le niveau de la Loire lorsque celle-ci est en l\u00e9g\u00e8re crue\" alt=\"L'\u00e9gout se trouve sous le niveau de la Loire lorsque celle-ci est en l\u00e9g\u00e8re crue\" src=\"https:\/\/www.preservons-la-nature.fr\/blog\/wp-content\/uploads\/2012\/09\/DSC0022.jpg\" width=\"540\" height=\"360\" srcset=\"https:\/\/preservons-la-nature.fr\/blog\/wp-content\/uploads\/2012\/09\/DSC0022.jpg 900w, https:\/\/preservons-la-nature.fr\/blog\/wp-content\/uploads\/2012\/09\/DSC0022-300x200.jpg 300w\" sizes=\"auto, (max-width: 540px) 100vw, 540px\" \/><\/a><p id=\"caption-attachment-1076\" class=\"wp-caption-text\">L&rsquo;\u00e9gout se trouve sous le niveau de la Loire lorsque celle-ci est en l\u00e9g\u00e8re crue<\/p><\/div>\n<p>En toute transparence, voici les localisations des diff\u00e9rents points. Vous pourrez vous rendre compte par vous-m\u00eame :<\/p>\n<div id=\"attachment_1077\" style=\"width: 554px\" class=\"wp-caption aligncenter\"><a href=\"https:\/\/www.preservons-la-nature.fr\/blog\/?attachment_id=1077\" rel=\"attachment wp-att-1077\"><img loading=\"lazy\" decoding=\"async\" aria-describedby=\"caption-attachment-1077\" class=\"size-full wp-image-1077 \" title=\"Quelques zones de rejets d'eaux us\u00e9es en Loire autour d'Orl\u00e9ans\" alt=\"Quelques zones de rejets d'eaux us\u00e9es en Loire autour d'Orl\u00e9ans\" src=\"https:\/\/www.preservons-la-nature.fr\/blog\/wp-content\/uploads\/2012\/09\/zonederejets.jpg\" width=\"544\" height=\"278\" srcset=\"https:\/\/preservons-la-nature.fr\/blog\/wp-content\/uploads\/2012\/09\/zonederejets.jpg 906w, https:\/\/preservons-la-nature.fr\/blog\/wp-content\/uploads\/2012\/09\/zonederejets-300x153.jpg 300w\" sizes=\"auto, (max-width: 544px) 100vw, 544px\" \/><\/a><p id=\"caption-attachment-1077\" class=\"wp-caption-text\">Quelques zones de rejets d&rsquo;eaux us\u00e9es en Loire autour d&rsquo;Orl\u00e9ans<\/p><\/div>\n<p>Si vous avez des commentaires \u00e0 apporter, n&rsquo;h\u00e9sitez pas! Je sais que de nombreux riverains de la Loire se sont plaints d&rsquo;odeurs d&rsquo;eaux us\u00e9es. Ils ont ainsi la vraie explication.<\/p>\n","protected":false},"excerpt":{"rendered":"<p>Le touriste de passage ne peut que s&rsquo;\u00e9crier \u00ab\u00a0Quelle belle cit\u00e9\u00a0\u00bb! Le vacancier passant une quinzaine de jours pourra s&rsquo;apercevoir qu&rsquo;Orl\u00e9ans pr\u00e9sente plusieurs visages. Si on peut f\u00e9liciter les \u00e9lus pour la mise en valeur du centre d&rsquo;Orl\u00e9ans, pour le &hellip; <a href=\"https:\/\/preservons-la-nature.fr\/blog\/?p=1065\">Continuer la lecture <span class=\"meta-nav\">&rarr;<\/span><\/a><\/p>\n","protected":false},"author":1,"featured_media":0,"comment_status":"open","ping_status":"open","sticky":false,"template":"","format":"standard","meta":{"footnotes":""},"categories":[11,93,3],"tags":[40,24,13,39,37],"class_list":["post-1065","post","type-post","status-publish","format-standard","hentry","category-contempler","category-dossier-eaux-usees-a-orleans","category-laloire","tag-chapelle-saint-mesmin","tag-orleans","tag-pollution","tag-saint-jean-de-la-ruelle","tag-saint-pryve-saint-mesmin"],"_links":{"self":[{"href":"https:\/\/preservons-la-nature.fr\/blog\/index.php?rest_route=\/wp\/v2\/posts\/1065","targetHints":{"allow":["GET"]}}],"collection":[{"href":"https:\/\/preservons-la-nature.fr\/blog\/index.php?rest_route=\/wp\/v2\/posts"}],"about":[{"href":"https:\/\/preservons-la-nature.fr\/blog\/index.php?rest_route=\/wp\/v2\/types\/post"}],"author":[{"embeddable":true,"href":"https:\/\/preservons-la-nature.fr\/blog\/index.php?rest_route=\/wp\/v2\/users\/1"}],"replies":[{"embeddable":true,"href":"https:\/\/preservons-la-nature.fr\/blog\/index.php?rest_route=%2Fwp%2Fv2%2Fcomments&post=1065"}],"version-history":[{"count":13,"href":"https:\/\/preservons-la-nature.fr\/blog\/index.php?rest_route=\/wp\/v2\/posts\/1065\/revisions"}],"predecessor-version":[{"id":2527,"href":"https:\/\/preservons-la-nature.fr\/blog\/index.php?rest_route=\/wp\/v2\/posts\/1065\/revisions\/2527"}],"wp:attachment":[{"href":"https:\/\/preservons-la-nature.fr\/blog\/index.php?rest_route=%2Fwp%2Fv2%2Fmedia&parent=1065"}],"wp:term":[{"taxonomy":"category","embeddable":true,"href":"https:\/\/preservons-la-nature.fr\/blog\/index.php?rest_route=%2Fwp%2Fv2%2Fcategories&post=1065"},{"taxonomy":"post_tag","embeddable":true,"href":"https:\/\/preservons-la-nature.fr\/blog\/index.php?rest_route=%2Fwp%2Fv2%2Ftags&post=1065"}],"curies":[{"name":"wp","href":"https:\/\/api.w.org\/{rel}","templated":true}]}}