{"id":1035,"date":"2013-12-22T05:15:27","date_gmt":"2013-12-22T04:15:27","guid":{"rendered":"https:\/\/www.preservons-la-nature.fr\/blog\/?p=1035"},"modified":"2013-12-22T07:17:43","modified_gmt":"2013-12-22T06:17:43","slug":"la-germandree-des-marais-teucrium-scordium-l","status":"publish","type":"post","link":"https:\/\/preservons-la-nature.fr\/blog\/?p=1035","title":{"rendered":"Teucrium scordium L. ( Germandr\u00e9e des marais )"},"content":{"rendered":"<p><strong>La Germandr\u00e9e des marais (<em>Teucrium scordium L.<\/em><\/strong><strong>)<\/strong> fait partie de<strong> la famille des Lamiac\u00e9es (<em>Lamiaceae<\/em>)<\/strong>. Sa p\u00e9riode de floraison s&rsquo;\u00e9tale de Juin \u00e0 Ao\u00fbt.<\/p>\n<div id=\"attachment_1038\" style=\"width: 384px\" class=\"wp-caption aligncenter\"><a href=\"https:\/\/www.preservons-la-nature.fr\/blog\/wp-content\/uploads\/2012\/06\/DSC0688.jpg\"><img loading=\"lazy\" decoding=\"async\" aria-describedby=\"caption-attachment-1038\" class=\" wp-image-1038 \" title=\"La Germandr\u00e9e des marais (Teucrium scordium L.)\" alt=\"La Germandr\u00e9e des marais (Teucrium scordium L.)\" src=\"https:\/\/www.preservons-la-nature.fr\/blog\/wp-content\/uploads\/2012\/06\/DSC0688.jpg\" width=\"374\" height=\"560\" srcset=\"https:\/\/preservons-la-nature.fr\/blog\/wp-content\/uploads\/2012\/06\/DSC0688.jpg 467w, https:\/\/preservons-la-nature.fr\/blog\/wp-content\/uploads\/2012\/06\/DSC0688-200x300.jpg 200w\" sizes=\"auto, (max-width: 374px) 100vw, 374px\" \/><\/a><p id=\"caption-attachment-1038\" class=\"wp-caption-text\">La Germandr\u00e9e des marais (Teucrium scordium L.)<\/p><\/div>\n<p><span style=\"text-decoration: underline;\">R\u00e9partition fran\u00e7aise :<\/span><br \/>\nElle est not\u00e9e comme rare en \u00eele de France : En Seine-et-Marne, la vall\u00e9e de la Marne l&rsquo;abrite. Dans l&rsquo;Essonne, quelques stations existent dans la vall\u00e9e de l&rsquo;Ecole et de la Juine. En r\u00e9gion Centre, elle est prot\u00e9g\u00e9e. Les stations dans le Loiret se trouvent \u00e0 l&rsquo;Est du d\u00e9partement. Dans l&rsquo;Indre-et-Loire, elle est pr\u00e9sente dans les vall\u00e9es de la Loire et du Cher. En Champagne-Ardennes, on trouve d&rsquo;abondantes stations au bord du Lac d&rsquo;Orient pr\u00e8s de Troyes. En Bretagne, elle est pr\u00e9sente. Par exemple, dans le Finist\u00e8re, elle est localis\u00e9e dans la partie Sud de la Baie d&rsquo;Audierne, en particulier dans les zones humides des dunes. On note sa pr\u00e9sence dans le Morbihan pr\u00e8s de Quiberon. Elle est rare en Basse-Normandie. Dans la Sarthe, elle est localis\u00e9e dans le marais de Cr\u00e9. En Bourgogne, on peut l&rsquo;apercevoir dans le val de Sa\u00f4ne et au niveau des lacs-r\u00e9servoirs de l&rsquo;Auxois. Elle est compl\u00e8tement absente du Massif Central et de la partie Ouest des Pyr\u00e9n\u00e9es. Dans le Vaucluse, elle a disparu. Dans la Dr\u00f4me, une seule station subsiste tout pr\u00e8s de Crest. Elle est pr\u00e9sente dans les bas-marais du Jura.<\/p>\n<p><span style=\"text-decoration: underline;\">Ecologie :<\/span><br \/>\nLa Germandr\u00e9e des marais se trouve dans les zones de marais peu acides ou alcalins. En contexte marin, on la retrouve dans les d\u00e9pressions \u00e0 l&rsquo;arri\u00e8re de la dune. On la trouve \u00e9galement dans les queues d&rsquo;\u00e9tangs. Elle est en forte r\u00e9gression \u00e0 cause du drainage des marais.<\/p>\n<p><span style=\"text-decoration: underline;\">Protection :<\/span><strong><br \/>\nL&rsquo;esp\u00e8ce est prot\u00e9g\u00e9e dans les r\u00e9gions <\/strong><strong>Champagne-Ardennes, Picardie, Centre, Rh\u00f4ne-Alpes, Lorraine, Alsace, Aquitaine, Nord-Pas-de-Calais, Pays de la Loire.<\/strong><\/p>\n<div id=\"attachment_1039\" style=\"width: 500px\" class=\"wp-caption aligncenter\"><a href=\"https:\/\/www.preservons-la-nature.fr\/blog\/wp-content\/uploads\/2012\/06\/DSC0690.jpg\"><img loading=\"lazy\" decoding=\"async\" aria-describedby=\"caption-attachment-1039\" class=\"size-full wp-image-1039  \" title=\"La Germandr\u00e9e des marais (Teucrium scordium L.)\" alt=\"La Germandr\u00e9e des marais (Teucrium scordium L.)\" src=\"https:\/\/www.preservons-la-nature.fr\/blog\/wp-content\/uploads\/2012\/06\/DSC0690.jpg\" width=\"490\" height=\"327\" srcset=\"https:\/\/preservons-la-nature.fr\/blog\/wp-content\/uploads\/2012\/06\/DSC0690.jpg 700w, https:\/\/preservons-la-nature.fr\/blog\/wp-content\/uploads\/2012\/06\/DSC0690-300x200.jpg 300w\" sizes=\"auto, (max-width: 490px) 100vw, 490px\" \/><\/a><p id=\"caption-attachment-1039\" class=\"wp-caption-text\">La Germandr\u00e9e des marais (Teucrium scordium L.)<\/p><\/div>\n<p><span style=\"text-decoration: underline;\">Description :<\/span><br \/>\nLa plante mesure entre 10 et 60 cm de hauteur. La tige est de forme carr\u00e9e comme toutes les Lamiac\u00e9es. Elle est non ligneuse. Les feuilles sont de forme elliptique et sont cr\u00e9nel\u00e9es. Elles sont oppos\u00e9es et souples. Elles mesurent de 2 \u00e0 3cm. Les deux faces du limbe sont pubescentes. C&rsquo;est ce qui lui donne un aspect gris\u00e2tre. Les fleurs sont de couleur rose. La corolle mesure 7 \u00e0 10mm. Le p\u00e9dicelle est court. L&rsquo;inflorescence est g\u00e9n\u00e9ralement compos\u00e9e de 2 \u00e0 4 fleurs en verticille, tr\u00e8s souvent tourn\u00e9es du m\u00eame c\u00f4t\u00e9. Le calice est velu. Ce dernier est deux fois plus petit que la corolle.<\/p>\n<p><span style=\"text-decoration: underline;\">Usages \/ Autres particularit\u00e9s :<\/span><br \/>\nSi on frotte la plante, elle d\u00e9gage une odeur d&rsquo;ail. Il s&rsquo;agit d&rsquo;une plante vivace. Contrairement \u00e0 <em>Teucrium chamaedrys<\/em> par exemple, les feuilles disparaissent l&rsquo;hiver.<\/p>\n<p><span style=\"text-decoration: underline;\">Taxonomie :<em><br \/>\n<\/em><\/span><em>Teucrium scordium L.<\/em> a pour synonymes (Informations issues de la BDTFX Version 2.0, <a href=\"http:\/\/www.tela-botanica.org\/\" target=\"_blank\">Tela Botanica<\/a>) :<em><br \/>\n&#8211; Chamaedrys palustris Gray<br \/>\n&#8211; Chamaedrys scordium (L.) Moench<br \/>\n&#8211; Monochilon palustris Dulac<br \/>\n&#8211; Scordium palustre Fourr.<br \/>\n&#8211; Teucrium arenarium S.G.Gmel.<br \/>\n&#8211; Teucrium palustre Lam.<br \/>\n&#8211; Teucrium scordium subsp. palustre Gams<br \/>\n&#8211; Teucrium scordium var. camusianum Rouy<br \/>\n&#8211; Trixago scordium (L.) Raf.<\/em><\/p>\n","protected":false},"excerpt":{"rendered":"<p>La Germandr\u00e9e des marais (Teucrium scordium L.) fait partie de la famille des Lamiac\u00e9es (Lamiaceae). Sa p\u00e9riode de floraison s&rsquo;\u00e9tale de Juin \u00e0 Ao\u00fbt. R\u00e9partition fran\u00e7aise : Elle est not\u00e9e comme rare en \u00eele de France : En Seine-et-Marne, la &hellip; <a href=\"https:\/\/preservons-la-nature.fr\/blog\/?p=1035\">Continuer la lecture <span class=\"meta-nav\">&rarr;<\/span><\/a><\/p>\n","protected":false},"author":1,"featured_media":0,"comment_status":"open","ping_status":"open","sticky":false,"template":"","format":"standard","meta":{"footnotes":""},"categories":[87],"tags":[25],"class_list":["post-1035","post","type-post","status-publish","format-standard","hentry","category-ficheplante","tag-lamiacees"],"_links":{"self":[{"href":"https:\/\/preservons-la-nature.fr\/blog\/index.php?rest_route=\/wp\/v2\/posts\/1035","targetHints":{"allow":["GET"]}}],"collection":[{"href":"https:\/\/preservons-la-nature.fr\/blog\/index.php?rest_route=\/wp\/v2\/posts"}],"about":[{"href":"https:\/\/preservons-la-nature.fr\/blog\/index.php?rest_route=\/wp\/v2\/types\/post"}],"author":[{"embeddable":true,"href":"https:\/\/preservons-la-nature.fr\/blog\/index.php?rest_route=\/wp\/v2\/users\/1"}],"replies":[{"embeddable":true,"href":"https:\/\/preservons-la-nature.fr\/blog\/index.php?rest_route=%2Fwp%2Fv2%2Fcomments&post=1035"}],"version-history":[{"count":11,"href":"https:\/\/preservons-la-nature.fr\/blog\/index.php?rest_route=\/wp\/v2\/posts\/1035\/revisions"}],"predecessor-version":[{"id":1042,"href":"https:\/\/preservons-la-nature.fr\/blog\/index.php?rest_route=\/wp\/v2\/posts\/1035\/revisions\/1042"}],"wp:attachment":[{"href":"https:\/\/preservons-la-nature.fr\/blog\/index.php?rest_route=%2Fwp%2Fv2%2Fmedia&parent=1035"}],"wp:term":[{"taxonomy":"category","embeddable":true,"href":"https:\/\/preservons-la-nature.fr\/blog\/index.php?rest_route=%2Fwp%2Fv2%2Fcategories&post=1035"},{"taxonomy":"post_tag","embeddable":true,"href":"https:\/\/preservons-la-nature.fr\/blog\/index.php?rest_route=%2Fwp%2Fv2%2Ftags&post=1035"}],"curies":[{"name":"wp","href":"https:\/\/api.w.org\/{rel}","templated":true}]}}